{"id":262980,"date":"2025-11-30T02:23:08","date_gmt":"2025-11-30T02:23:08","guid":{"rendered":"https:\/\/www.europesays.com\/es\/262980\/"},"modified":"2025-11-30T02:23:08","modified_gmt":"2025-11-30T02:23:08","slug":"un-ginecologo-belga-investigado-por-agresion-sexual-tras-mas-de-150-denuncias-telefonicas","status":"publish","type":"post","link":"https:\/\/www.europesays.com\/es\/262980\/","title":{"rendered":"Un ginec\u00f3logo belga, investigado por agresi\u00f3n sexual tras m\u00e1s de 150 denuncias telef\u00f3nicas"},"content":{"rendered":"<p class=\"c-paragraph\">La Fiscal\u00eda de Lovaina, en <a href=\"https:\/\/www.20minutos.es\/tags\/lugares\/belgica.html\" title=\"B\u00e9lgica\" rel=\"nofollow noopener\" target=\"_blank\">B\u00e9lgica<\/a>, anunci\u00f3 este s\u00e1bado que ha abierto una investigaci\u00f3n judicial a un ginec\u00f3logo empleado en dos hospitales del pa\u00eds tras una denuncia ante la polic\u00eda por a<b>gresi\u00f3n sexual y m\u00e1s de 150 telef\u00f3nicas.<\/b><\/p>\n<p class=\"c-paragraph\">El hombre fue suspendido temporalmente de su cargo en el<b> Hospital Universitario de Amberes<\/b> y en un hospital de Tienen el pasado jueves, tras conocerse a trav\u00e9s del peri\u00f3dico flamenco De Morgen los testimonios de varias pacientes que alegaron comportamiento inapropiado.<\/p>\n<p class=\"c-paragraph\">En los \u00faltimos d\u00edas, el Centro Flamenco de Denuncias sobre Conductas Transgresivas ha abierto <b>hasta tres l\u00edneas telef\u00f3nicas<\/b> debido al elevado n\u00famero de llamadas para denunciar al mismo ginec\u00f3logo.<\/p>\n<p class=\"c-paragraph\">\u00abNunca hab\u00edamos vivido algo as\u00ed (&#8230;) Incluso despu\u00e9s de los programas sobre abuso en la iglesia, no hemos tenido que hacer esto. El tel\u00e9fono no para de sonar\u00bb, explic\u00f3 a medios belgas <b>Liesbeth Wyseur<\/b>, de la Agencia flamenca para la Justicia y el Cumplimiento de la Ley.<\/p>\n<p class=\"c-paragraph\">Wyseur a\u00f1adi\u00f3 que, al cierre de la noche del viernes, ya se hab\u00edan recibido <b>m\u00e1s de 150 quejas<\/b> sobre el m\u00e9dico en cuesti\u00f3n.<\/p>\n<p class=\"c-paragraph\">La Fiscal\u00eda de Lovaina asegur\u00f3 este s\u00e1bado que<b> \u00ablas v\u00edctimas a\u00fan pueden presentar una denuncia penal<\/b> ante la polic\u00eda o los tribunales. Cada denuncia ser\u00e1 registrada y se le dar\u00e1 seguimiento en colaboraci\u00f3n con unidades policiales especializadas\u00bb.<\/p>\n<p class=\"c-paragraph\">Las v\u00edctimas describieron <b>tocamientos sin consentimiento<\/b> y actitudes inapropiadas por parte del m\u00e9dico.<\/p>\n<p class=\"c-paragraph\">Una paciente que acudi\u00f3 a su consulta hace 20 a\u00f1os explic\u00f3 a los medios que el ginec\u00f3logo le hizo <b>subirse completamente desnuda a la b\u00e1scula,<\/b> tras lo cual se le acerc\u00f3 por detr\u00e1s y le dio una palmada en el trasero.<\/p>\n<p class=\"c-paragraph\"><b>\u00abNo me sent\u00ed c\u00f3moda con ello <\/b>y hasta el d\u00eda de hoy me arrepiento de no haber dicho nada\u00bb, dijo.\u00a0El ginec\u00f3logo, a trav\u00e9s de su abogado, neg\u00f3 todas las acusaciones.<\/p>\n","protected":false},"excerpt":{"rendered":"La Fiscal\u00eda de Lovaina, en B\u00e9lgica, anunci\u00f3 este s\u00e1bado que ha abierto una investigaci\u00f3n judicial a un ginec\u00f3logo&hellip;\n","protected":false},"author":2,"featured_media":262981,"comment_status":"","ping_status":"","sticky":false,"template":"","format":"standard","meta":{"footnotes":""},"categories":[42],"tags":[11953,17,18,13,14,5817,11,61,62,63,64,12549,19,20,9,10,15,16,5043,12,21,22,16743,65,66,67],"class_list":{"0":"post-262980","1":"post","2":"type-post","3":"status-publish","4":"format-standard","5":"has-post-thumbnail","7":"category-internacional","8":"tag-belga","9":"tag-breaking-news","10":"tag-breakingnews","11":"tag-featured-news","12":"tag-featurednews","13":"tag-ginecologo","14":"tag-headlines","15":"tag-internacional","16":"tag-international","17":"tag-international-news","18":"tag-internationalnews","19":"tag-investigado","20":"tag-latest-news","21":"tag-latestnews","22":"tag-news","23":"tag-noticias","24":"tag-noticias-destacadas","25":"tag-noticiasdestacadas","26":"tag-por","27":"tag-titulares","28":"tag-ultimas-noticias","29":"tag-ultimasnoticias","30":"tag-un","31":"tag-world","32":"tag-world-news","33":"tag-worldnews"},"share_on_mastodon":{"url":"https:\/\/pubeurope.com\/@es\/115636273366489020","error":""},"_links":{"self":[{"href":"https:\/\/www.europesays.com\/es\/wp-json\/wp\/v2\/posts\/262980","targetHints":{"allow":["GET"]}}],"collection":[{"href":"https:\/\/www.europesays.com\/es\/wp-json\/wp\/v2\/posts"}],"about":[{"href":"https:\/\/www.europesays.com\/es\/wp-json\/wp\/v2\/types\/post"}],"author":[{"embeddable":true,"href":"https:\/\/www.europesays.com\/es\/wp-json\/wp\/v2\/users\/2"}],"replies":[{"embeddable":true,"href":"https:\/\/www.europesays.com\/es\/wp-json\/wp\/v2\/comments?post=262980"}],"version-history":[{"count":0,"href":"https:\/\/www.europesays.com\/es\/wp-json\/wp\/v2\/posts\/262980\/revisions"}],"wp:featuredmedia":[{"embeddable":true,"href":"https:\/\/www.europesays.com\/es\/wp-json\/wp\/v2\/media\/262981"}],"wp:attachment":[{"href":"https:\/\/www.europesays.com\/es\/wp-json\/wp\/v2\/media?parent=262980"}],"wp:term":[{"taxonomy":"category","embeddable":true,"href":"https:\/\/www.europesays.com\/es\/wp-json\/wp\/v2\/categories?post=262980"},{"taxonomy":"post_tag","embeddable":true,"href":"https:\/\/www.europesays.com\/es\/wp-json\/wp\/v2\/tags?post=262980"}],"curies":[{"name":"wp","href":"https:\/\/api.w.org\/{rel}","templated":true}]}}