{"id":262982,"date":"2025-11-30T02:24:15","date_gmt":"2025-11-30T02:24:15","guid":{"rendered":"https:\/\/www.europesays.com\/es\/262982\/"},"modified":"2025-11-30T02:24:15","modified_gmt":"2025-11-30T02:24:15","slug":"fallece-la-periodista-navarra-elvira-obanos-sociedad","status":"publish","type":"post","link":"https:\/\/www.europesays.com\/es\/262982\/","title":{"rendered":"Fallece la periodista navarra Elvira Obanos | Sociedad"},"content":{"rendered":"<p class=\"loc\">Pamplona<\/p>\n<p>Hoy lamentamos tener que decir adi\u00f3s a nuestra compa\u00f1era Elvira Obanos que nos ha dejado esta pasada noche despu\u00e9s de haber pasado por un c\u00e1ncer que no le ha dado tregua. La recordar\u00e1n por su larga trayectoria unida a esta casa, al frente de Hoy por Hoy Navarra.<\/p>\n<p>Naci\u00f3 en Pamplona en 1965. Se licenci\u00f3 en Ciencias de la Informaci\u00f3n por la Universidad de Navarra (1988) y ha cursado estudios de Ciencias Pol\u00edticas y Sociolog\u00eda en la Universidad Complutense de Madrid y en la UNED. Sus estudios universitarios con la realizaci\u00f3n de pr\u00e1cticas en Radio San Sebasti\u00e1n (Cadena Ser) y Radio Popular en Pamplona, emisora para la que ejerci\u00f3 como redactora de informativos en 1988 y 1989. Este \u00faltimo a\u00f1o comenz\u00f3 a trabajar para la Cadena Ser en Navarra, primero como redactora y, desde el a\u00f1o 2000, como responsable y conductora del programa \u201cHoy por Hoy Navarra\u201d, labor que ha desempe\u00f1ado hasta 2015. Su ocupaci\u00f3n en la Cadena Ser la compagin\u00f3 con el trabajo para la corresponsal\u00eda en Navarra de las agencias OTR Press (1990-93) y Colpisa (1993-98). Adem\u00e1s, ha sido columnista en Diario de Noticias desde 2004 y ha realizado colaboraciones en televisi\u00f3n como conductora de un programa de entrevistas en Localia TV y comentarista de temas de actualidad en ETB. En agosto de 2015 fue nombrada jefa de gabinete de la consejera de Cultura, Deporte y Juventud<\/p>\n<p>Elvira era una todoterreno: lista, alegre, divertida, espont\u00e1nea. Con una risa contagiosa que no vamos a olvidar. All\u00ed donde est\u00e9s Elvi, si nos est\u00e1s sintonizando, te mandamos todo el amor del mundo, lo mismo que a Alfredo, a tus hermanos Javier y Mari Carmen; y al resto de familia y amistades. \u00a1Te vamos a echar mucho de menos!<\/p>\n","protected":false},"excerpt":{"rendered":"Pamplona Hoy lamentamos tener que decir adi\u00f3s a nuestra compa\u00f1era Elvira Obanos que nos ha dejado esta pasada&hellip;\n","protected":false},"author":2,"featured_media":262983,"comment_status":"","ping_status":"","sticky":false,"template":"","format":"standard","meta":{"footnotes":""},"categories":[8],"tags":[17,18,25,24,13,14,11,19,20,9,10,15,16,23,12,21,22],"class_list":{"0":"post-262982","1":"post","2":"type-post","3":"status-publish","4":"format-standard","5":"has-post-thumbnail","7":"category-espana","8":"tag-breaking-news","9":"tag-breakingnews","10":"tag-es","11":"tag-espana","12":"tag-featured-news","13":"tag-featurednews","14":"tag-headlines","15":"tag-latest-news","16":"tag-latestnews","17":"tag-news","18":"tag-noticias","19":"tag-noticias-destacadas","20":"tag-noticiasdestacadas","21":"tag-spain","22":"tag-titulares","23":"tag-ultimas-noticias","24":"tag-ultimasnoticias"},"share_on_mastodon":{"url":"https:\/\/pubeurope.com\/@es\/115636277454192656","error":""},"_links":{"self":[{"href":"https:\/\/www.europesays.com\/es\/wp-json\/wp\/v2\/posts\/262982","targetHints":{"allow":["GET"]}}],"collection":[{"href":"https:\/\/www.europesays.com\/es\/wp-json\/wp\/v2\/posts"}],"about":[{"href":"https:\/\/www.europesays.com\/es\/wp-json\/wp\/v2\/types\/post"}],"author":[{"embeddable":true,"href":"https:\/\/www.europesays.com\/es\/wp-json\/wp\/v2\/users\/2"}],"replies":[{"embeddable":true,"href":"https:\/\/www.europesays.com\/es\/wp-json\/wp\/v2\/comments?post=262982"}],"version-history":[{"count":0,"href":"https:\/\/www.europesays.com\/es\/wp-json\/wp\/v2\/posts\/262982\/revisions"}],"wp:featuredmedia":[{"embeddable":true,"href":"https:\/\/www.europesays.com\/es\/wp-json\/wp\/v2\/media\/262983"}],"wp:attachment":[{"href":"https:\/\/www.europesays.com\/es\/wp-json\/wp\/v2\/media?parent=262982"}],"wp:term":[{"taxonomy":"category","embeddable":true,"href":"https:\/\/www.europesays.com\/es\/wp-json\/wp\/v2\/categories?post=262982"},{"taxonomy":"post_tag","embeddable":true,"href":"https:\/\/www.europesays.com\/es\/wp-json\/wp\/v2\/tags?post=262982"}],"curies":[{"name":"wp","href":"https:\/\/api.w.org\/{rel}","templated":true}]}}