{"id":262988,"date":"2025-11-30T02:34:09","date_gmt":"2025-11-30T02:34:09","guid":{"rendered":"https:\/\/www.europesays.com\/es\/262988\/"},"modified":"2025-11-30T02:34:09","modified_gmt":"2025-11-30T02:34:09","slug":"sorloth-acaba-con-el-real-oviedo-en-diez-minutos-la-voz-de-asturias","status":"publish","type":"post","link":"https:\/\/www.europesays.com\/es\/262988\/","title":{"rendered":"Sorloth acaba con el Real Oviedo en diez minutos &#8211; La Voz de Asturias"},"content":{"rendered":"<ol>\n<li><a href=\"https:\/\/news.google.com\/rss\/articles\/CBMinwFBVV95cUxQMzFzOFRmSE90dTRyeUM0cV9yVGpVRHF4TGUwRVdJU1FOaUtIQ1JwczVxclQ5VGV3TzZkRjY0Z3pnanljT2dTQklydXlxWHRaazNmOGwzb3RIZ05SQnZ3MU11MmlmdURjWkZFV2h5dl9mMXpuUlRjODNIWFVnMUVBQ2I3MjZNc19HOUVqb0Y3SzFqUlIxZ3VFSl8zVzY2LU3SAbsBQVVfeXFMTWZtZ0JZZ2psZGRBWWljcUNYdHBWNVdGSkhITGZTbklsSGNWeER6dkNzTjRiOUJIeVQ0cy1PS3hVdzR3WVJOVy1BLWFTNTVvQ1hQd2t4bkw0akppOENZaU8waDBtbGQzOFpnQm9ZS19tdVpKRWJVcU1aQVAycVhUZ2tyQmNoazNYSjBOZ0ozcU56YWpPblhzTkM2d2ZIa2I2aFR4VmJHbndKRG85eE8wcVBTQ1M0Q05KQkI4TQ?oc=5\" target=\"_blank\" rel=\"nofollow noopener\">Sorloth acaba con el Real Oviedo en diez minutos<\/a>&nbsp;&nbsp;La Voz de Asturias<\/li>\n<li><a href=\"https:\/\/news.google.com\/rss\/articles\/CBMinAFBVV95cUxNU2ctd1NWRzZaUW9JcmJQU0tnSFluWFQ3X2RVNEV0ekVGSG5qemV4UEdOSmp0NXlNWlJ2VTdUVGlMOGw0VF9ZZmRBZlJMeWJ0QjVGYmNORXJ1NjVkYUw2YnJ6eU5CSzhkX3pKbkdfaGdKYndLS1VKelNJN0o5RXZxc29wX2MtMjRVU19BbVlxNEZBQU9NcFBqb1NlWjTSAZwBQVVfeXFMTXV4NEdYOTFRT3VjcExuTzhkQXRnWmcxZ1BNQy0zaHRRUVFmQUFMTGFRRUJBNG43QmdzUVVVYVBpNlJ1ZFhJb1VmdUV1Z3ZhdzNaNWpIQl9Bdl81dElKYlBXX0QxZlV3ZkZFdnZnTkZhLWxkSi1RUHFkeC1PeE5XZkJodDR5OFhOa3JXNnpoZ2ZIbU1Kak1BTkNNVUct?oc=5\" target=\"_blank\" rel=\"nofollow noopener\">Noche pl\u00e1cida y de r\u00e9cords para el Atl\u00e9tico ante el colista<\/a>&nbsp;&nbsp;El Mundo<\/li>\n<li><a href=\"https:\/\/news.google.com\/rss\/articles\/CBMinAFBVV95cUxQYmlLZUUzcVJDSXZldm01ZnN4MmFnRkZKUl9vOWxoNDZDSlUtWTF6WEFzS0VrVWQxSGZIX1p1M09xOWhiYnE3X2dIbGpsQTNrbGVtQmR2VGRicVdhb25hb1dfdVJXNzRVMWxyZElGR3BjS3BXb1ZqcFBESzRtUWpLMGEySFo3UEpFQnAwMTVRbkFWVE92bHBGZ1BreVfSAZwBQVVfeXFMTUlxWjV1MXVTa1F2NDN6aS1NdFl2VTBDS0hXUHYwTTFla1NvVGJEbVZuYjJSWWhzWE9qem9sek1wUUxGNmw2VTRvX3Z0NGJVNGxiRmtmVUh4Z1JzUkxOUVNtaEdpNmZUNGFsMl9qcjZTWWNLQUtqZWp2a2ZaSVlBMjhpdDVmeThVWFZHTzN5cHN4TkR1UDJtT09vYm1W?oc=5\" target=\"_blank\" rel=\"nofollow noopener\">El h\u00e9roe inesperado del r\u00e9cord hist\u00f3rico del Atl\u00e9tico<\/a>&nbsp;&nbsp;MARCA<\/li>\n<li><a href=\"https:\/\/news.google.com\/rss\/articles\/CBMiuwFBVV95cUxOS2gwUzRfbVRLV3ptXzBmTmpVbGFYS2VkYkstdVNxRmR1OHEzUXhIY3FXSFpjVlVDcUxMcnpPWGhRNmlobjh3M3ZIRWtzM2I0d3FGaG81YmJZYUZYVXBqMklrX0REZmI1WnRyLUVHUjZtWEpIZXdnNVRlcTJsQ2twSTNUZ09NNHB6RjI2eEoweHZodFFUbUc2U0dHOGl6T0E5OHdtazBiOEVkVHpTQlRqQUItRmUwT1BfNHRN?oc=5\" target=\"_blank\" rel=\"nofollow noopener\">Sorloth concreta la suficiencia del Atl\u00e9tico para derrotar al Oviedo | F\u00fatbol | Deportes<\/a>&nbsp;&nbsp;EL PA\u00cdS<\/li>\n<li><a href=\"https:\/\/news.google.com\/rss\/articles\/CBMirgFBVV95cUxONnYxQVY4dGxod3ZwZEI2UGhXaUhVMkdxVmxOekp3Y25kRllDN2N4VmpTc1BYY2loOUpNR3A3OWMtRkVZblhMMzZVeThlby1lWEs0Z3lmRlNMdDAtTVNXU3BRdzJ1Ry1tVzBTc0ZPckRlUjU4Yms2VU40UmNqLW5UV3ozZF9DbmZLM1M3d2RQcWpRTV9KdHJXRDI5bXUtR3ZEQ1oyaWRfVWw4enpiN3fSAcIBQVVfeXFMTjFnQ0xWeHh3bmtHZnFSNUZxM3dZZUIta0F6OGFHOEUyU2ZKOWQ1X2ZwdUlUancwc011OThBRzhKLXBhd2xzX1I0djdZeTM3ejRQMnBrcUlyQnZwYzFZeWgtSjQxUFVsLUs2a0MyZlMyNkRzU2N5ejRqSUdSUEhSVEZldm56QkZ3Nnc1ZHV6d0hZR0l5bEh6VDZocVpnTWt6eXRPWFY2bXYtcVVHeUlpcWs4aEdTSS1SamRXUDBzMVp6ZGc?oc=5\" target=\"_blank\" rel=\"nofollow noopener\">El Atl\u00e9tico de Madrid hace historia en LaLiga EA Sports<\/a>&nbsp;&nbsp;Cadena SER<\/li>\n<\/ol>\n","protected":false},"excerpt":{"rendered":"Sorloth acaba con el Real Oviedo en diez minutos&nbsp;&nbsp;La Voz de Asturias Noche pl\u00e1cida y de r\u00e9cords para&hellip;\n","protected":false},"author":2,"featured_media":262989,"comment_status":"","ping_status":"","sticky":false,"template":"","format":"standard","meta":{"footnotes":""},"categories":[268],"tags":[3409,1241,168,18451,25,24,280,282,1796,3302,5116,281,23,167],"class_list":{"0":"post-262988","1":"post","2":"type-post","3":"status-publish","4":"format-standard","5":"has-post-thumbnail","7":"category-futbol","8":"tag-atletico-de-madrid","9":"tag-champions-league","10":"tag-deportes","11":"tag-diego-simeone","12":"tag-es","13":"tag-espana","14":"tag-football","15":"tag-futbol","16":"tag-oviedo","17":"tag-real-oviedo","18":"tag-santi-cazorla","19":"tag-soccer","20":"tag-spain","21":"tag-sports"},"share_on_mastodon":{"url":"https:\/\/pubeurope.com\/@es\/115636316622681392","error":""},"_links":{"self":[{"href":"https:\/\/www.europesays.com\/es\/wp-json\/wp\/v2\/posts\/262988","targetHints":{"allow":["GET"]}}],"collection":[{"href":"https:\/\/www.europesays.com\/es\/wp-json\/wp\/v2\/posts"}],"about":[{"href":"https:\/\/www.europesays.com\/es\/wp-json\/wp\/v2\/types\/post"}],"author":[{"embeddable":true,"href":"https:\/\/www.europesays.com\/es\/wp-json\/wp\/v2\/users\/2"}],"replies":[{"embeddable":true,"href":"https:\/\/www.europesays.com\/es\/wp-json\/wp\/v2\/comments?post=262988"}],"version-history":[{"count":0,"href":"https:\/\/www.europesays.com\/es\/wp-json\/wp\/v2\/posts\/262988\/revisions"}],"wp:featuredmedia":[{"embeddable":true,"href":"https:\/\/www.europesays.com\/es\/wp-json\/wp\/v2\/media\/262989"}],"wp:attachment":[{"href":"https:\/\/www.europesays.com\/es\/wp-json\/wp\/v2\/media?parent=262988"}],"wp:term":[{"taxonomy":"category","embeddable":true,"href":"https:\/\/www.europesays.com\/es\/wp-json\/wp\/v2\/categories?post=262988"},{"taxonomy":"post_tag","embeddable":true,"href":"https:\/\/www.europesays.com\/es\/wp-json\/wp\/v2\/tags?post=262988"}],"curies":[{"name":"wp","href":"https:\/\/api.w.org\/{rel}","templated":true}]}}