{"id":262990,"date":"2025-11-30T02:35:11","date_gmt":"2025-11-30T02:35:11","guid":{"rendered":"https:\/\/www.europesays.com\/es\/262990\/"},"modified":"2025-11-30T02:35:11","modified_gmt":"2025-11-30T02:35:11","slug":"era-esto-o-echarme-novio","status":"publish","type":"post","link":"https:\/\/www.europesays.com\/es\/262990\/","title":{"rendered":"\u201cEra esto o echarme novio\u201d"},"content":{"rendered":"<p><b>Patricia Conde<\/b> es una de las presentadoras m\u00e1s queridas del panorama nacional. La vallisoletana se pondr\u00e1 ahora al l\u00edmite en los desaf\u00edos m\u00e1s extremos de la televisi\u00f3n.<\/p>\n<p>Su buen humor siempre la ha acompa\u00f1ado en sus proyectos, pero ahora la veremos exigirse al m\u00e1ximo cada semana en el programa presentado por <b>Roberto Leal. <\/b><\/p>\n<p>\u201cEra esto o echarme novio\u201d ha confesado Patricia Conde sobre su participaci\u00f3n en a sexta temporada de <b>El Desaf\u00edo. <\/b><\/p>\n","protected":false},"excerpt":{"rendered":"Patricia Conde es una de las presentadoras m\u00e1s queridas del panorama nacional. La vallisoletana se pondr\u00e1 ahora al&hellip;\n","protected":false},"author":2,"featured_media":262991,"comment_status":"","ping_status":"","sticky":false,"template":"","format":"standard","meta":{"footnotes":""},"categories":[174],"tags":[255,146,147,25,24,256,23],"class_list":{"0":"post-262990","1":"post","2":"type-post","3":"status-publish","4":"format-standard","5":"has-post-thumbnail","7":"category-famosos","8":"tag-celebrities","9":"tag-entertainment","10":"tag-entretenimiento","11":"tag-es","12":"tag-espana","13":"tag-famosos","14":"tag-spain"},"share_on_mastodon":{"url":"https:\/\/pubeurope.com\/@es\/115636320518502180","error":""},"_links":{"self":[{"href":"https:\/\/www.europesays.com\/es\/wp-json\/wp\/v2\/posts\/262990","targetHints":{"allow":["GET"]}}],"collection":[{"href":"https:\/\/www.europesays.com\/es\/wp-json\/wp\/v2\/posts"}],"about":[{"href":"https:\/\/www.europesays.com\/es\/wp-json\/wp\/v2\/types\/post"}],"author":[{"embeddable":true,"href":"https:\/\/www.europesays.com\/es\/wp-json\/wp\/v2\/users\/2"}],"replies":[{"embeddable":true,"href":"https:\/\/www.europesays.com\/es\/wp-json\/wp\/v2\/comments?post=262990"}],"version-history":[{"count":0,"href":"https:\/\/www.europesays.com\/es\/wp-json\/wp\/v2\/posts\/262990\/revisions"}],"wp:featuredmedia":[{"embeddable":true,"href":"https:\/\/www.europesays.com\/es\/wp-json\/wp\/v2\/media\/262991"}],"wp:attachment":[{"href":"https:\/\/www.europesays.com\/es\/wp-json\/wp\/v2\/media?parent=262990"}],"wp:term":[{"taxonomy":"category","embeddable":true,"href":"https:\/\/www.europesays.com\/es\/wp-json\/wp\/v2\/categories?post=262990"},{"taxonomy":"post_tag","embeddable":true,"href":"https:\/\/www.europesays.com\/es\/wp-json\/wp\/v2\/tags?post=262990"}],"curies":[{"name":"wp","href":"https:\/\/api.w.org\/{rel}","templated":true}]}}