{"id":262992,"date":"2025-11-30T02:38:32","date_gmt":"2025-11-30T02:38:32","guid":{"rendered":"https:\/\/www.europesays.com\/es\/262992\/"},"modified":"2025-11-30T02:38:32","modified_gmt":"2025-11-30T02:38:32","slug":"no-esta-con-nosotros-por-causas-de-fuerza-mayor","status":"publish","type":"post","link":"https:\/\/www.europesays.com\/es\/262992\/","title":{"rendered":"No est\u00e1 con nosotros por causas de fuerza mayor"},"content":{"rendered":"<p class=\"article-text\">\n        <strong>Lydia Lozano<\/strong> falt\u00f3 anoche a su cita con <strong>De Viernes<\/strong> \u201cpor causas de fuerza mayor\u201d, tal y como explic\u00f3 el programa al anunciar la ausencia de la conocida tertuliana.\n    <\/p>\n<p>    <a href=\"https:\/\/www.eldiario.es\/vertele\/series\/atresmedia-presenta-padre-no-hay-mas-que-uno-serie-fecha-estreno-primeras-imagenes_1_12807440.html\" data-mrf-recirculation=\"saber-mas\" data-dl-event=\"saber-mas\" rel=\"nofollow noopener\" target=\"_blank\"><\/p>\n<p class=\"know-more__title\">Atresmedia presenta la serie de &#8216;Padre no hay m\u00e1s que uno&#8217;, anuncia su fecha de estreno y lanza las primeras im\u00e1genes<\/p>\n<p>            <img decoding=\"async\" class=\"lazy\" loading=\"lazy\" data-src=\"https:\/\/static.eldiario.es\/clip\/e7bad080-c9da-4ccf-b0d6-7a7ade11a296_16-9-aspect-ratio_default_0.jpg\" src=\"data:image\/svg+xml,%3Csvg xmlns=\" http:=\"\" viewbox=\"0 0 880 495\" alt=\"Atresmedia presenta la serie de 'Padre no hay m\u00e1s que uno', anuncia su fecha de estreno y lanza las primeras im\u00e1genes\"\/><\/p>\n<p>                        <\/a><\/p>\n<p class=\"article-text\">\n        \u201cComo est\u00e1is viendo, hoy falta una pieza fundamental\u201d, coment\u00f3 la presentadora <strong>Beatriz Archidona<\/strong> al comenzar la emisi\u00f3n y despu\u00e9s de saludar a <strong>Jos\u00e9 Antonio Le\u00f3n<\/strong>, <strong>\u00c1ngela Portero<\/strong>, <strong>Antonio Rossi <\/strong>y <strong>Terelu Campos<\/strong>.\n    <\/p>\n<p class=\"article-text\">\n        No estaba entre ellos la veterana periodista, que ha tenido que dejar el trabajo a un lado <strong>para cuidar a su marido Charly<\/strong>, quien todav\u00eda se recupera de la <a href=\"https:\/\/www.eldiario.es\/vertele\/noticias\/lydia-lozano-vuelve-de-viernes-salud-marido-charly-operacion-espalda-corazon-bacteria_1_12733349.html\" target=\"_blank\" data-mrf-recirculation=\"links-noticia\" class=\"link\" rel=\"nofollow noopener\">grave infecci\u00f3n bacteriana<\/a> que sufri\u00f3 a ra\u00edz de una operaci\u00f3n en la espalda.\n    <\/p>\n<p>            <img decoding=\"async\" class=\"lazy\" loading=\"lazy\" data-src=\"https:\/\/static.eldiario.es\/clip\/433b644d-4aa1-4b4a-9d28-991eb69ec15f_16-9-discover-aspect-ratio_default_0.jpg\" src=\"data:image\/svg+xml,%3Csvg xmlns=\" http:=\"\" viewbox=\"0 0 1200 675\" alt=\"Lydia Lozano en una imagen de archivo de 'De Viernes'\"\/><\/p>\n<p class=\"article-text\">\n        \u201cLydia Lozano no puede estar esta noche con nosotros, obviamente por causas de fuerza mayor ya que est\u00e1 muy pendiente de su marido. Lydia, te queremos y te esperamos en tu casa\u201d, a\u00f1adi\u00f3 Archidona.\n    <\/p>\n<p>    <a href=\"https:\/\/www.eldiario.es\/vertele\/entrevistas\/anabel-pantoja-bailando-con-las-estrellas-final-telecinco-anora-salvame-belen-esteban-mejor-audiencia-mediaset_1_12799116.html\" data-mrf-recirculation=\"saber-mas-abajo\" data-dl-event=\"saber-mas-abajo\" rel=\"nofollow noopener\" target=\"_blank\"><\/p>\n<p class=\"know-more__title\">Anabel Pantoja a\u00f1ora &#8216;S\u00e1lvame&#8217; en su baile final en Telecinco: \u201cBel\u00e9n Esteban no fue la mejor, pero daba la audiencia\u201d<\/p>\n<p>            <img decoding=\"async\" class=\"lazy\" loading=\"lazy\" data-src=\"https:\/\/static.eldiario.es\/clip\/f4fc5664-b3c5-4fcc-8572-57bb58404a21_16-9-aspect-ratio_default_0.jpg\" src=\"data:image\/svg+xml,%3Csvg xmlns=\" http:=\"\" viewbox=\"0 0 880 495\" alt=\"Anabel Pantoja a\u00f1ora 'S\u00e1lvame' en su baile final en Telecinco: &quot;Bel\u00e9n Esteban no fue la mejor, pero daba la audiencia&quot;\"\/><\/p>\n<p>                        <\/a><\/p>\n<p class=\"article-text\">\n        Lydia Lozano tambi\u00e9n se apart\u00f3 de De Viernes a mediados de octubre por este motivo. Regres\u00f3 dos semanas despu\u00e9s, <a href=\"https:\/\/www.eldiario.es\/vertele\/noticias\/lydia-lozano-vuelve-de-viernes-salud-marido-charly-operacion-espalda-corazon-bacteria_1_12733349.html\" target=\"_blank\" data-mrf-recirculation=\"links-noticia\" class=\"link\" rel=\"nofollow noopener\">a principios de noviembre<\/a>, cuando la salud de Charly hab\u00eda mejorado. Se desconoce si la tertuliana ten\u00eda previsto ausentarse del programa en esta ocasi\u00f3n, o si ha tenido que hacerlo por alguna cuesti\u00f3n imprevista.\n    <\/p>\n<blockquote class=\"twitter-tweet\" data-lang=\"es\"><p><a href=\"https:\/\/twitter.com\/X\/status\/1994516430994509828?ref_src=twsrc%5Etfw\" rel=\"nofollow noopener\" target=\"_blank\"><\/p><\/blockquote>\n<p>                                <script async src=\"https:\/\/platform.twitter.com\/widgets.js\" charset=\"utf-8\"><\/script><\/p>\n","protected":false},"excerpt":{"rendered":"Lydia Lozano falt\u00f3 anoche a su cita con De Viernes \u201cpor causas de fuerza mayor\u201d, tal y como&hellip;\n","protected":false},"author":2,"featured_media":262993,"comment_status":"","ping_status":"","sticky":false,"template":"","format":"standard","meta":{"footnotes":""},"categories":[171],"tags":[3272,65445,30593,146,147,25,24,25511,22167,65446,23,214],"class_list":{"0":"post-262992","1":"post","2":"type-post","3":"status-publish","4":"format-standard","5":"has-post-thumbnail","7":"category-tv","8":"tag-ausencia","9":"tag-charly","10":"tag-de-viernes","11":"tag-entertainment","12":"tag-entretenimiento","13":"tag-es","14":"tag-espana","15":"tag-lydia-lozano","16":"tag-marido","17":"tag-problemas-salud","18":"tag-spain","19":"tag-tv"},"share_on_mastodon":{"url":"https:\/\/pubeurope.com\/@es\/115636332817893060","error":""},"_links":{"self":[{"href":"https:\/\/www.europesays.com\/es\/wp-json\/wp\/v2\/posts\/262992","targetHints":{"allow":["GET"]}}],"collection":[{"href":"https:\/\/www.europesays.com\/es\/wp-json\/wp\/v2\/posts"}],"about":[{"href":"https:\/\/www.europesays.com\/es\/wp-json\/wp\/v2\/types\/post"}],"author":[{"embeddable":true,"href":"https:\/\/www.europesays.com\/es\/wp-json\/wp\/v2\/users\/2"}],"replies":[{"embeddable":true,"href":"https:\/\/www.europesays.com\/es\/wp-json\/wp\/v2\/comments?post=262992"}],"version-history":[{"count":0,"href":"https:\/\/www.europesays.com\/es\/wp-json\/wp\/v2\/posts\/262992\/revisions"}],"wp:featuredmedia":[{"embeddable":true,"href":"https:\/\/www.europesays.com\/es\/wp-json\/wp\/v2\/media\/262993"}],"wp:attachment":[{"href":"https:\/\/www.europesays.com\/es\/wp-json\/wp\/v2\/media?parent=262992"}],"wp:term":[{"taxonomy":"category","embeddable":true,"href":"https:\/\/www.europesays.com\/es\/wp-json\/wp\/v2\/categories?post=262992"},{"taxonomy":"post_tag","embeddable":true,"href":"https:\/\/www.europesays.com\/es\/wp-json\/wp\/v2\/tags?post=262992"}],"curies":[{"name":"wp","href":"https:\/\/api.w.org\/{rel}","templated":true}]}}