{"id":263006,"date":"2025-11-30T02:49:05","date_gmt":"2025-11-30T02:49:05","guid":{"rendered":"https:\/\/www.europesays.com\/es\/263006\/"},"modified":"2025-11-30T02:49:05","modified_gmt":"2025-11-30T02:49:05","slug":"los-tres-puntos-eran-lo-mas-importante","status":"publish","type":"post","link":"https:\/\/www.europesays.com\/es\/263006\/","title":{"rendered":"Los tres puntos eran lo m\u00e1s importante"},"content":{"rendered":"<p>Contento. As\u00ed se ha mostrado <strong>Hansi Flick<\/strong> despu\u00e9s de <a href=\"https:\/\/www.fcbarcelona.es\/es\/futbol\/primer-equipo\/noticias\/4411375\/barca-alaves-cumpleanos-con-victoria-3-1\" target=\"_blank\" rel=\"noopener nofollow\">la victoria del FC Barcelona ante el Alav\u00e9s (3-1)<\/a>, en la 14\u00aa jornada de <strong>Liga<\/strong>, en el <strong>Spotify Camp Nou<\/strong>. \u00abCon todo lo que hemos hecho, lo hemos gestionado bien, y los tres puntos eran lo m\u00e1s importante\u00bb, ha declarado el t\u00e9cnico alem\u00e1n. A pesar del triunfo, el preparador azulgrana, que siempre busca la excelencia, ha asegurado que pueden \u00abmejorar muchas cosas m\u00e1s\u00bb y que est\u00e1n \u00abtrabajando en ello\u00bb.<\/p>\n<p>Adem\u00e1s, la competici\u00f3n no se detiene. De hecho, el pr\u00f3ximo martes los culers recibir\u00e1n la visita del <strong>Atl\u00e9tico de Madrid<\/strong>, tambi\u00e9n en el Spotify Camp Nou, en una nueva jornada de Liga (21 horas). Por eso, cuando ha sido preguntado por sus futbolistas, Flick ha afirmado que necesitan \u00aba todos los jugadores\u00bb.<\/p>\n<p>Contento con el regreso de Pedri<\/p>\n<p>Precisamente, sobre sus hombres, el alem\u00e1n ha valorado <a href=\"https:\/\/www.fcbarcelona.es\/es\/futbol\/primer-equipo\/noticias\/4411393\/pedri-vuelve-un-mes-despues\" target=\"_blank\" rel=\"noopener nofollow\">el regreso de lesi\u00f3n de Pedri<\/a>: \u00abEst\u00e1 bien, que es lo m\u00e1s importante\u00bb. Tambi\u00e9n el de <strong>Raphinha<\/strong>, quien ha vuelto a ser titular: \u00abHa demostrado c\u00f3mo su intensidad es buena para el equipo\u00bb. As\u00ed como el de <strong>Dani Olmo<\/strong>, por quien se ha mostrado feliz por su rendimiento y su doblete de goles. \u00abTodo el mundo sabe que es un jugador fant\u00e1stico\u00bb, ha destacado el entrenador culer.<\/p>\n<p>Flick tambi\u00e9n ha hablado de <strong>Marc Bernal, Casad\u00f3, Eric Garcia y Gerard Mart\u00edn<\/strong>. Sobre el de Berga, ha afirmado: \u00abHa dado un gran paso. Es muy importante para \u00e9l poder jugar 45 minutos en la Liga\u00bb. De Gerard Mart\u00edn, que ha jugado los 90 minutos en la posici\u00f3n de central, ha destacado su profesionalidad: \u00abLo veo siempre trabajando. Estoy muy contento de tenerlo en el equipo\u00bb.<\/p>\n<p>En cuanto a Marc Casad\u00f3, ha dicho que \u00abes un jugador muy inteligente\u00bb y que lo necesitan \u00aba su m\u00e1ximo nivel\u00bb. Mientras que de Eric Garcia, que se ha marchado al descanso a causa de un golpe en la cara, Hansi Flick ha asegurado que lo han cambiado porque cre\u00edan que \u00abno pod\u00eda jugar con ese dolor\u00bb.<\/p>\n","protected":false},"excerpt":{"rendered":"Contento. As\u00ed se ha mostrado Hansi Flick despu\u00e9s de la victoria del FC Barcelona ante el Alav\u00e9s (3-1),&hellip;\n","protected":false},"author":2,"featured_media":263007,"comment_status":"","ping_status":"","sticky":false,"template":"","format":"standard","meta":{"footnotes":""},"categories":[5],"tags":[17,18,25,24,13,14,11,19,20,9,10,15,16,23,2288,12,21,22],"class_list":{"0":"post-263006","1":"post","2":"type-post","3":"status-publish","4":"format-standard","5":"has-post-thumbnail","7":"category-titulares","8":"tag-breaking-news","9":"tag-breakingnews","10":"tag-es","11":"tag-espana","12":"tag-featured-news","13":"tag-featurednews","14":"tag-headlines","15":"tag-latest-news","16":"tag-latestnews","17":"tag-news","18":"tag-noticias","19":"tag-noticias-destacadas","20":"tag-noticiasdestacadas","21":"tag-spain","22":"tag-text","23":"tag-titulares","24":"tag-ultimas-noticias","25":"tag-ultimasnoticias"},"share_on_mastodon":{"url":"https:\/\/pubeurope.com\/@es\/115636375600065724","error":""},"_links":{"self":[{"href":"https:\/\/www.europesays.com\/es\/wp-json\/wp\/v2\/posts\/263006","targetHints":{"allow":["GET"]}}],"collection":[{"href":"https:\/\/www.europesays.com\/es\/wp-json\/wp\/v2\/posts"}],"about":[{"href":"https:\/\/www.europesays.com\/es\/wp-json\/wp\/v2\/types\/post"}],"author":[{"embeddable":true,"href":"https:\/\/www.europesays.com\/es\/wp-json\/wp\/v2\/users\/2"}],"replies":[{"embeddable":true,"href":"https:\/\/www.europesays.com\/es\/wp-json\/wp\/v2\/comments?post=263006"}],"version-history":[{"count":0,"href":"https:\/\/www.europesays.com\/es\/wp-json\/wp\/v2\/posts\/263006\/revisions"}],"wp:featuredmedia":[{"embeddable":true,"href":"https:\/\/www.europesays.com\/es\/wp-json\/wp\/v2\/media\/263007"}],"wp:attachment":[{"href":"https:\/\/www.europesays.com\/es\/wp-json\/wp\/v2\/media?parent=263006"}],"wp:term":[{"taxonomy":"category","embeddable":true,"href":"https:\/\/www.europesays.com\/es\/wp-json\/wp\/v2\/categories?post=263006"},{"taxonomy":"post_tag","embeddable":true,"href":"https:\/\/www.europesays.com\/es\/wp-json\/wp\/v2\/tags?post=263006"}],"curies":[{"name":"wp","href":"https:\/\/api.w.org\/{rel}","templated":true}]}}