{"id":263012,"date":"2025-11-30T02:57:08","date_gmt":"2025-11-30T02:57:08","guid":{"rendered":"https:\/\/www.europesays.com\/es\/263012\/"},"modified":"2025-11-30T02:57:08","modified_gmt":"2025-11-30T02:57:08","slug":"joel-soriano-y-trae-bell-haynes-casademont-zaragoza-brillan-con-sus-selecciones","status":"publish","type":"post","link":"https:\/\/www.europesays.com\/es\/263012\/","title":{"rendered":"Joel Soriano y Trae Bell-Haynes (Casademont Zaragoza) brillan con sus selecciones"},"content":{"rendered":"<p class=\"paragraph\">Joel <b>Soriano, p\u00edvot del Casademont Zaragoza, <\/b>fue determinante en la victoria de su selecci\u00f3n, la Rep\u00fablica Dominicana, ante M\u00e9xico (85-92) <a href=\"https:\/\/www.heraldo.es\/noticias\/deportes\/baloncesto\/2025\/11\/24\/casademont-zaragoza-cede-cinco-jugadores-selecciones-nacionales-1873131.html\" title=\"El Casademont Zaragoza cede a cinco jugadores a las selecciones nacionales\" rel=\"nofollow noopener\" target=\"_blank\">en la primera jornada de la fase de clasificaci\u00f3n para el Mundial de 2027.<\/a> Fue el jugador m\u00e1s productivo de su equipo, con 23 cr\u00e9ditos de valoraci\u00f3n.\u00a0<\/p>\n<p class=\"paragraph\">Soriano, que juega en el Casademont Zaragoza<b> cedido esta temporada por el Valencia Basket, <\/b>domin\u00f3 la pintura en los 30 minutos que permaneci\u00f3 sobre la pista. Finaliz\u00f3 el partido con 16 puntos, 7 rebotes y 3 asistencias, con dos \u00fanicos fallos en los tiros de campo.\u00a0\u00a0<\/p>\n<p class=\"paragraph\">Los m\u00e1ximos anotadores de la Rep\u00fablica Dominicana fueron Andr\u00e9s Feliz (21 puntos) y Jean Montero (20), mientras que por parte de los mexicanos brill\u00f3\u00a0<b>Pako Cruz<\/b> con 29 tantos.\u00a0\u00a0<\/p>\n<p>Victoria de Canad\u00e1<\/p>\n<p class=\"paragraph\">Por su parte, Trae Bell-Haynes destac\u00f3 con la selecci\u00f3n de Canad\u00e1 en el c\u00f3modo triunfo obtenido contra Bahamas (75-111). El base del Casademont Zaragoza estuvo <b>18 minutos en la pista, <\/b>en los que aport\u00f3 10 puntos y 7 asistencias. Acab\u00f3 el encuentro con 16 cr\u00e9ditos de valoraci\u00f3n global.\u00a0<\/p>\n<p class=\"paragraph\">Canad\u00e1 apenas encontr\u00f3 resistencia ante un rival que mostr\u00f3 numerosas lagunas defensivas. De hecho, <b>Bahamas encaj\u00f3 34 puntos en los 10 primeros minutos<\/b> del encuentro, lo que allan\u00f3 sobremanera el camino de los canadienses.\u00a0\u00a0<\/p>\n<p class=\"paragraph\">El Casademont Zaragoza ha llegado al par\u00f3n de la Liga Endesa <b>en la antepen\u00faltima posici\u00f3n <\/b>de la tabla, con s\u00f3lo dos victorias conquistadas en ocho partidos. En estas ventanas de la FIBA, la plantilla aragonesa tiene a cinco jugadores con sus respectivas selecciones.\u00a0<\/p>\n<p class=\"paragraph\">Santi Yusta y Miguel Gonz\u00e1lez (como invitado) han sido convocados con Espa\u00f1a, que este domingo <b>recibe a Georgia en el Pabell\u00f3n de Deportes de Tenerife Santiago Mart\u00edn (19.45). <\/b>Por su parte, el base Trae Bell-Haynes ha sido nuevamente llamado por la selecci\u00f3n de Canad\u00e1; el escolta Joaqu\u00edn Rodr\u00edguez sigue siendo un habitual con Uruguay; mientras que el p\u00edvot Joel Soriano repite presencia con la Rep\u00fablica Dominicana.\u00a0<\/p>\n","protected":false},"excerpt":{"rendered":"Joel Soriano, p\u00edvot del Casademont Zaragoza, fue determinante en la victoria de su selecci\u00f3n, la Rep\u00fablica Dominicana, ante&hellip;\n","protected":false},"author":2,"featured_media":263013,"comment_status":"","ping_status":"","sticky":false,"template":"","format":"standard","meta":{"footnotes":""},"categories":[269],"tags":[299,298,2511,168,14975,25,24,15600,23,167,1261,491],"class_list":{"0":"post-263012","1":"post","2":"type-post","3":"status-publish","4":"format-standard","5":"has-post-thumbnail","7":"category-baloncesto","8":"tag-baloncesto","9":"tag-basketball","10":"tag-casademont","11":"tag-deportes","12":"tag-dominicana","13":"tag-es","14":"tag-espana","15":"tag-republica","16":"tag-spain","17":"tag-sports","18":"tag-victoria","19":"tag-zaragoza"},"share_on_mastodon":{"url":"https:\/\/pubeurope.com\/@es\/115636407116275263","error":""},"_links":{"self":[{"href":"https:\/\/www.europesays.com\/es\/wp-json\/wp\/v2\/posts\/263012","targetHints":{"allow":["GET"]}}],"collection":[{"href":"https:\/\/www.europesays.com\/es\/wp-json\/wp\/v2\/posts"}],"about":[{"href":"https:\/\/www.europesays.com\/es\/wp-json\/wp\/v2\/types\/post"}],"author":[{"embeddable":true,"href":"https:\/\/www.europesays.com\/es\/wp-json\/wp\/v2\/users\/2"}],"replies":[{"embeddable":true,"href":"https:\/\/www.europesays.com\/es\/wp-json\/wp\/v2\/comments?post=263012"}],"version-history":[{"count":0,"href":"https:\/\/www.europesays.com\/es\/wp-json\/wp\/v2\/posts\/263012\/revisions"}],"wp:featuredmedia":[{"embeddable":true,"href":"https:\/\/www.europesays.com\/es\/wp-json\/wp\/v2\/media\/263013"}],"wp:attachment":[{"href":"https:\/\/www.europesays.com\/es\/wp-json\/wp\/v2\/media?parent=263012"}],"wp:term":[{"taxonomy":"category","embeddable":true,"href":"https:\/\/www.europesays.com\/es\/wp-json\/wp\/v2\/categories?post=263012"},{"taxonomy":"post_tag","embeddable":true,"href":"https:\/\/www.europesays.com\/es\/wp-json\/wp\/v2\/tags?post=263012"}],"curies":[{"name":"wp","href":"https:\/\/api.w.org\/{rel}","templated":true}]}}