{"id":263014,"date":"2025-11-30T02:58:16","date_gmt":"2025-11-30T02:58:16","guid":{"rendered":"https:\/\/www.europesays.com\/es\/263014\/"},"modified":"2025-11-30T02:58:16","modified_gmt":"2025-11-30T02:58:16","slug":"no-le-doy-importancia-al-record-eso-no-da-titulos","status":"publish","type":"post","link":"https:\/\/www.europesays.com\/es\/263014\/","title":{"rendered":"No le doy importancia al r\u00e9cord, eso no da t\u00edtulos"},"content":{"rendered":"<p data-gtm-element-container=\"modulo-texto-link\" class=\"paragraph\">Diego Pablo Simeone, t\u00e9cnico del Atl\u00e9tico de Madrid, compareci\u00f3 ante los medios despu\u00e9s de vencer al Real Oviedo por 2-0, en un partido marcado por las rotaciones.\u00a0<\/p>\n<p data-gtm-element-container=\"modulo-texto-link\" class=\"paragraph\"><strong>Marc Pubill<\/strong><\/p>\n<p data-gtm-element-container=\"modulo-texto-link\" class=\"paragraph\">\u201cVenimos hablando cada vez que le ha tocado entrar. Entr\u00f3 contra el Rayo en un momento dif\u00edcil. Est\u00e1 trabajando con mucho compromiso. Los minutos que est\u00e1 teniendo los est\u00e1 aprovechando. Est\u00e1 trabajando bien y eso es bueno para el equipo\u201d.<\/p>\n<p data-gtm-element-container=\"modulo-texto-link\" class=\"paragraph\"><strong>Los jugadores con menos minutos<\/strong><\/p>\n<p data-gtm-element-container=\"modulo-texto-link\" class=\"paragraph\">\u201cNo me detengo en estas situaciones, el f\u00fatbol siempre es el ahora. Siempre est\u00e1 la obligaci\u00f3n de hacerlo bien. Ser regulares es lo m\u00e1s complicado en este torneo. Estamos en un momento en el que el grupo est\u00e1 bien. Entraron siete jugadores diferentes a los que empezaron contra el Inter. El equipo entr\u00f3 muy bien, pudo incluso hacer alg\u00fan gol m\u00e1s. Ese es el camino por el que debemos ir\u201d.<\/p>\n<p data-gtm-element-container=\"modulo-texto-link\" class=\"paragraph\"><strong>Rotaciones<\/strong><\/p>\n<p data-gtm-element-container=\"modulo-texto-link\" class=\"paragraph\">\u201cSinceramente lo hice pensando en c\u00f3mo pod\u00edamos ganar el partido. Ellos no tuvieron ocasiones en la primera mitad, y nosotros generamos mucho por izquierda. Me pone muy contento por esos chicos que est\u00e1n teniendo menos minutos\u201d.<\/p>\n<p>        Lee tambi\u00e9n<\/p>\n<p>    Walter Zimmermann<\/p>\n<p>             <img loading=\"lazy\" decoding=\"async\" data-full-src=\"https:\/\/www.mundodeportivo.com\/uploads\/2025\/11\/29\/692b65efd1029.jpeg\" alt=\"Horizontal\" width=\"334\" height=\"164\" src=\"https:\/\/www.europesays.com\/es\/wp-content\/uploads\/2025\/11\/692b65efd1029.r_d.1940-2687.jpeg\" class=\"lazy\"\/><\/p>\n<p data-gtm-element-container=\"modulo-texto-link\" class=\"paragraph\"><strong>R\u00e9cord en las 14 primeras jornadas<\/strong><\/p>\n<p data-gtm-element-container=\"modulo-texto-link\" class=\"paragraph\">\u201cNo le doy tanta importancia. Esto no te da ning\u00fan t\u00edtulo. Vamos a depender de lo que hagamos contra el Barcelona para que se siga hablando bien de nostros\u201d.<\/p>\n<p data-gtm-element-container=\"modulo-texto-link\" class=\"paragraph\"><strong>Sorloth<\/strong><\/p>\n<p data-gtm-element-container=\"modulo-texto-link\" class=\"paragraph\">\u201cPuede desilusionarse si no juega ante el Barcelona, pero eso es normal, al igual que le puede suceder a Almada\u201d.<\/p>\n<p>    Lee tambi\u00e9n<\/p>\n<p data-gtm-element-container=\"modulo-texto-link\" class=\"paragraph\"><strong>Nivel de la plantilla<\/strong><\/p>\n<p data-gtm-element-container=\"modulo-texto-link\" class=\"paragraph\">\u201cHemos ganado un partido que ten\u00edamos que ganar. Ahora, tenemos un partido ante un rival que conocemos muy bien. Ha aumentado su nivel con la vuelta de Raphinha y Pedri, y ya pensamos en ese encuentro que no ser\u00e1 f\u00e1cil\u201d.<\/p>\n<p>        Lee tambi\u00e9n<\/p>\n<p>    Walter Zimmermann<\/p>\n<p>             <img loading=\"lazy\" decoding=\"async\" data-full-src=\"https:\/\/www.mundodeportivo.com\/uploads\/2025\/11\/29\/692b6c8b50b4c.jpeg\" alt=\"Horizontal\" width=\"334\" height=\"164\" src=\"https:\/\/www.europesays.com\/es\/wp-content\/uploads\/2025\/11\/692b6c8b50b4c.r_d.4174-3156.jpeg\" class=\"lazy\"\/><\/p>\n<p data-gtm-element-container=\"modulo-texto-link\" class=\"paragraph\"><strong>Vuelta de Oblak<\/strong><\/p>\n<p data-gtm-element-container=\"modulo-texto-link\" class=\"paragraph\">\u201cUn gran trabajo de Oblak en la porter\u00eda, un gran trabajo de toda la gente que trabaja d\u00eda a d\u00eda con \u00e9l para hacerlo posible. Un gran trabajo del equipo para que eso se pueda volver a dar. Se lo merece, ojal\u00e1 que pueda seguir en esa l\u00ednea porque lo necesitamos de la mejor manera\u201d.\u00a0<\/p>\n","protected":false},"excerpt":{"rendered":"Diego Pablo Simeone, t\u00e9cnico del Atl\u00e9tico de Madrid, compareci\u00f3 ante los medios despu\u00e9s de vencer al Real Oviedo&hellip;\n","protected":false},"author":2,"featured_media":263015,"comment_status":"","ping_status":"","sticky":false,"template":"","format":"standard","meta":{"footnotes":""},"categories":[268],"tags":[168,25,24,280,282,281,23,167],"class_list":{"0":"post-263014","1":"post","2":"type-post","3":"status-publish","4":"format-standard","5":"has-post-thumbnail","7":"category-futbol","8":"tag-deportes","9":"tag-es","10":"tag-espana","11":"tag-football","12":"tag-futbol","13":"tag-soccer","14":"tag-spain","15":"tag-sports"},"share_on_mastodon":{"url":"https:\/\/pubeurope.com\/@es\/115636412156748257","error":""},"_links":{"self":[{"href":"https:\/\/www.europesays.com\/es\/wp-json\/wp\/v2\/posts\/263014","targetHints":{"allow":["GET"]}}],"collection":[{"href":"https:\/\/www.europesays.com\/es\/wp-json\/wp\/v2\/posts"}],"about":[{"href":"https:\/\/www.europesays.com\/es\/wp-json\/wp\/v2\/types\/post"}],"author":[{"embeddable":true,"href":"https:\/\/www.europesays.com\/es\/wp-json\/wp\/v2\/users\/2"}],"replies":[{"embeddable":true,"href":"https:\/\/www.europesays.com\/es\/wp-json\/wp\/v2\/comments?post=263014"}],"version-history":[{"count":0,"href":"https:\/\/www.europesays.com\/es\/wp-json\/wp\/v2\/posts\/263014\/revisions"}],"wp:featuredmedia":[{"embeddable":true,"href":"https:\/\/www.europesays.com\/es\/wp-json\/wp\/v2\/media\/263015"}],"wp:attachment":[{"href":"https:\/\/www.europesays.com\/es\/wp-json\/wp\/v2\/media?parent=263014"}],"wp:term":[{"taxonomy":"category","embeddable":true,"href":"https:\/\/www.europesays.com\/es\/wp-json\/wp\/v2\/categories?post=263014"},{"taxonomy":"post_tag","embeddable":true,"href":"https:\/\/www.europesays.com\/es\/wp-json\/wp\/v2\/tags?post=263014"}],"curies":[{"name":"wp","href":"https:\/\/api.w.org\/{rel}","templated":true}]}}