{"id":263016,"date":"2025-11-30T02:59:08","date_gmt":"2025-11-30T02:59:08","guid":{"rendered":"https:\/\/www.europesays.com\/es\/263016\/"},"modified":"2025-11-30T02:59:08","modified_gmt":"2025-11-30T02:59:08","slug":"barbra-streisand-y-su-vida-como-coleccionista-de-arte-la-visita-al-dentista-en-la-que-perdio-un-retrato-de-modigliani-el-matisse-que-se-compro-con-el-dinero-de-funny-girl-y-el-klimt-que-des","status":"publish","type":"post","link":"https:\/\/www.europesays.com\/es\/263016\/","title":{"rendered":"Barbra Streisand y su vida como coleccionista de arte: la visita al dentista en la que perdi\u00f3 un retrato de Modigliani, el Matisse que se compr\u00f3 con el dinero de Funny Girl\u2026 y el Klimt que desear\u00eda no haber vendido"},"content":{"rendered":"<p class=\"has-dropcap\">Adem\u00e1s en la m\u00fasica y el cine, <a href=\"https:\/\/www.revistavanityfair.es\/sociedad\/celebrities\/articulos\/biografia-carrera-historia-cantante-actriz-barbra-streisand\/24112\" rel=\"nofollow noopener\" target=\"_blank\">Barbra Streisand<\/a> es una figura respetada en el coleccionismo. Hace unos d\u00edas, ella misma record\u00f3 esta faceta no tan conocida de su vida al compartir con sus seguidores de Instagram lo mucho que se arrepiente de haberse desprendido de una pintura de <strong>Gustav Klimt<\/strong>. En una foto que le tom\u00f3 en 1969 el fot\u00f3grafo americano Lawrence Schiller, <a href=\"https:\/\/www.revistavanityfair.es\/articulos\/barbra-streisand-entrevista-casa-malibu-peliculas-memorias\" rel=\"nofollow noopener\" target=\"_blank\">la cantante de Woman in Love<\/a> aparece posando en su suite del hotel Claridge\u2019s de Londres con dos acuarelas de Egon Schiele y la obra de Klimt en cuesti\u00f3n, <strong>Ria Munk en su lecho de muerte<\/strong>, un retrato posmortem que Klimt pint\u00f3 en 1912 por encargo de la familia de la rica heredera vienesa de ese nombre: un a\u00f1o antes, la joven Ria Munk se hab\u00eda quitado la vida por culpa de un desenga\u00f1o amoroso.<\/p>\n<p>Seg\u00fan explica Streisand en su publicaci\u00f3n, lo compr\u00f3 por 17.000 libras aquel mismo a\u00f1o de 1969 y no lo vendi\u00f3 hasta 1998, cuando empez\u00f3 a interesarse m\u00e1s en adquirir piezas del arquitecto estadounidense <a href=\"https:\/\/www.revistavanityfair.es\/lujo\/lifestyle\/articulos\/cine-lujo-cronica-negra-esta-mansion-los-angeles-lo-tiene-todo\/22692\" rel=\"nofollow noopener\" target=\"_blank\">Frank Lloyd Wright<\/a> y el movimiento Arts &amp; Crafts. La cantante no aclara por qu\u00e9 se arrepiente tanto de haberlo vendido (\u201cNunca deber\u00edas vender el arte que amas\u201d, aconseja al final de su mensaje), pero cualquiera que est\u00e9 al tanto de las \u00faltimas noticias del mercado de arte la comprender\u00e1 muy bien. Solo unos d\u00edas antes, la venta en Sotheby\u2019s de otro retrato de Klimt (el de Elisabeth Lederer, precisamente prima de Ria Munk) logr\u00f3 <a href=\"https:\/\/www.revistavanityfair.es\/articulos\/venta-obra-gustav-klimt-record-236-millones-de-dolares\" rel=\"nofollow noopener\" target=\"_blank\">el precio m\u00e1s alto de la historia de esa casa de subastas<\/a> al alcanzar 236.4 millones de d\u00f3lares. O lo que es lo mismo, m\u00e1s de doscientas veces el precio que Christie\u2019s estim\u00f3 que alcanzar\u00eda el Klimt de Streisand en una subasta de 1998 (se desconoce el precio final, pero debi\u00f3 de quedar muy por debajo del que conseguir\u00eda ahora).<\/p>\n<p>Barbra, coleccionista<\/p>\n<p>En My name is Barbra, las memorias que public\u00f3 hace un par de a\u00f1os, la cantante y actriz relata otras frustraciones parecidas, como cuando en 2013 una visita al dentista hizo que se quedara sin La jud\u00eda, un cuadro de <strong>Modigliani<\/strong> que se subastaba en ese mismo momento. Bajo los efectos de la anestesia, Streisand le pidi\u00f3 al doctor que se detuviera para poder hacer una puja por tel\u00e9fono, pero su intent\u00f3 fracas\u00f3 y al final se qued\u00f3 sin el cuadro. \u201cLa Jud\u00eda es un retrato de Maud Abrantes, la amante americana de Modigliani, y ten\u00eda una protuberancia en la nariz como yo\u201d, dice Streisand.<\/p>\n<p>Modigliani es su artista preferido y llevaba detr\u00e1s de sus obras desde los comienzos de su colecci\u00f3n, que seg\u00fan explica en ese mismo libro empez\u00f3 de manera paralela a su carrera.<\/p>\n<p>En el apartamento que alquil\u00f3 en Nueva York despu\u00e9s de fichar para su primer espect\u00e1cula de Broadway en 1961, se content\u00f3 con colgar una reproducci\u00f3n barata del cuadro de Rembrandt Mujer ba\u00f1\u00e1ndose en un r\u00edo, pero solo tres a\u00f1os m\u00e1s tarde ya era lo bastante rica como para comprarse originales de los maestros.<\/p>\n","protected":false},"excerpt":{"rendered":"Adem\u00e1s en la m\u00fasica y el cine, Barbra Streisand es una figura respetada en el coleccionismo. Hace unos&hellip;\n","protected":false},"author":2,"featured_media":263017,"comment_status":"","ping_status":"","sticky":false,"template":"","format":"standard","meta":{"footnotes":""},"categories":[174],"tags":[229,39490,255,146,147,25,24,256,23,21362],"class_list":{"0":"post-263016","1":"post","2":"type-post","3":"status-publish","4":"format-standard","5":"has-post-thumbnail","7":"category-famosos","8":"tag-arte","9":"tag-barbra-streisand","10":"tag-celebrities","11":"tag-entertainment","12":"tag-entretenimiento","13":"tag-es","14":"tag-espana","15":"tag-famosos","16":"tag-spain","17":"tag-subastas"},"share_on_mastodon":{"url":"https:\/\/pubeurope.com\/@es\/115636414866863299","error":""},"_links":{"self":[{"href":"https:\/\/www.europesays.com\/es\/wp-json\/wp\/v2\/posts\/263016","targetHints":{"allow":["GET"]}}],"collection":[{"href":"https:\/\/www.europesays.com\/es\/wp-json\/wp\/v2\/posts"}],"about":[{"href":"https:\/\/www.europesays.com\/es\/wp-json\/wp\/v2\/types\/post"}],"author":[{"embeddable":true,"href":"https:\/\/www.europesays.com\/es\/wp-json\/wp\/v2\/users\/2"}],"replies":[{"embeddable":true,"href":"https:\/\/www.europesays.com\/es\/wp-json\/wp\/v2\/comments?post=263016"}],"version-history":[{"count":0,"href":"https:\/\/www.europesays.com\/es\/wp-json\/wp\/v2\/posts\/263016\/revisions"}],"wp:featuredmedia":[{"embeddable":true,"href":"https:\/\/www.europesays.com\/es\/wp-json\/wp\/v2\/media\/263017"}],"wp:attachment":[{"href":"https:\/\/www.europesays.com\/es\/wp-json\/wp\/v2\/media?parent=263016"}],"wp:term":[{"taxonomy":"category","embeddable":true,"href":"https:\/\/www.europesays.com\/es\/wp-json\/wp\/v2\/categories?post=263016"},{"taxonomy":"post_tag","embeddable":true,"href":"https:\/\/www.europesays.com\/es\/wp-json\/wp\/v2\/tags?post=263016"}],"curies":[{"name":"wp","href":"https:\/\/api.w.org\/{rel}","templated":true}]}}