{"id":263018,"date":"2025-11-30T03:02:34","date_gmt":"2025-11-30T03:02:34","guid":{"rendered":"https:\/\/www.europesays.com\/es\/263018\/"},"modified":"2025-11-30T03:02:34","modified_gmt":"2025-11-30T03:02:34","slug":"el-detalle-de-stranger-things-sobre-will-byers-que-lo-cambia-todo-explicado","status":"publish","type":"post","link":"https:\/\/www.europesays.com\/es\/263018\/","title":{"rendered":"El detalle de Stranger Things sobre Will Byers que lo cambia todo, explicado"},"content":{"rendered":"<p><a href=\"https:\/\/hipertextual.com\/cine-television\/stranger-things-temporada-5-volumen-i-%e2%98%85%e2%98%85%e2%98%85%e2%98%85%e2%98%86-es-una-de-las-mejores-temporadas-hasta-la-fecha\/\" rel=\"nofollow noopener\" target=\"_blank\">Stranger Things<\/a> demuestra algo en su quinta\u200a\u2014y \u200a\u00faltima\u2014\u200atemporada: siempre es capaz de sorprender. En especial, al ir y venir en su cada vez m\u00e1s compleja y siempre pintoresca mitolog\u00eda. Pero es en la m\u00e1s reciente entrega, que la serie de los hermanos Duffer puso a prueba su capacidad para reinventar su historia. Y eso, a trav\u00e9s de la decisi\u00f3n de explorar a mayor profundidad los secretos de uno de sus personajes m\u00e1s queridos. <strong>Will Byers (Noah Schnapp), la primera v\u00edctima del Mundo del Rev\u00e9s.<\/strong><\/p>\n<p>De hecho, el gran cliffhanger del final del grupo de episodios, es una revelaci\u00f3n impactante que conecta todo lo vivido por el m\u00e1s joven de los Byers a lo largo de Stranger Things. Will, que ha notado c\u00f3mo su capacidad para percibir la estrategia de Vecna (Jamie Campbell Bower) se increment\u00f3 con el correr de las horas, finalmente enfrent\u00f3 al villano. En una escena escalofriante del cap\u00edtulo cuatro titulado<a href=\"https:\/\/strangerthings.fandom.com\/wiki\/Sorcerer\" rel=\"nofollow noopener\" target=\"_blank\"> Sorcerer<\/a>, la malvada criatura llega a la base militar que custodia Hawkins. A<strong>ll\u00ed, encuentra resistencia, por lo que hace gala de sus poderes, destrozando todo a su paso.\u00a0<\/strong><\/p>\n<p>Antes, la llegada de los dermagogons hab\u00eda causado el caos. Eso, mientras Mike (Finn Wolfhard), Lucas (Caleb McLaughlin) y Joyce (Winona Ryder) intentaban evacuar a los ni\u00f1os en peligro de ser capturados por Vecna. Pero al llegar este \u00faltimo, la situaci\u00f3n se volvi\u00f3 una tragedia en puertas: incapaz de oponer resistencia al poder de la entidad y mucho menos a sus criaturas, la base termina por ser devastada.<strong> Finalmente, los h\u00e9roes de Hawkings est\u00e1n a punto de morir bajo las garras de las bestias can\u00edbales.\u00a0<\/strong><\/p>\n<p>Un giro sorprendente para \u2018Stranger Things\u2019<\/p>\n<p><img loading=\"lazy\" data-recalc-dims=\"1\" decoding=\"async\" width=\"1500\" height=\"844\" alt=\"\" class=\"wp-image-1866826 perfmatters-lazy\" src=\"https:\/\/www.europesays.com\/es\/wp-content\/uploads\/2025\/11\/noah-schnapp-as-will-screaming-with-vecna-s-hand-looming-over-his-face-in-stranger-things-season-5-1.jpeg\"  data-\/><\/p>\n<p>Es entonces cuando Vecna, en un m\u00e1s que conveniente mon\u00f3logo, explica sus planes a Will. A saber, que secuestrarlo siendo un ni\u00f1o le dio un indicio de la estrategia que podr\u00eda permitirle reconstruir el mundo. Eso, a trav\u00e9s de 12 ni\u00f1os escogidos por sus mentes, que, seg\u00fan el monstruo, eran incapaces de sobrevivir a la realidad tal y como la conocemos. A trav\u00e9s de cada uno de ellos, el mal\u00e9fico habitante del Mundo del Rev\u00e9s podr\u00eda no solo controlar con mayor eficiencia a Hawkins. <strong>Tambi\u00e9n, batallar contra cualquier resistencia.\u00a0<\/strong><\/p>\n<p>Por lo que deja claro que desde su secuestro, Will ha sido, m\u00e1s o menos, su esp\u00eda y su manera de interactuar con nuestro mundo. Algo que piensa hacer, ahora a una escala distinta, con el resto de los ni\u00f1os escogidos. Una vez dicho lo anterior, libera a Will, d\u00e1ndolo por roto y destrozado mentalmente, para volver al Mundo del Rev\u00e9s. Eso, mientras los dermagogons est\u00e1n a punto de asesinar a los sobrevivientes en la base y<strong> tambi\u00e9n a Robin (Maya Hawke) y Murray (Brett Gelman), en plena carretera que rodea a Hawkins.\u00a0<\/strong><\/p>\n<p>Es entonces, cuando ocurre un giro inesperado. Will comienza a tener una visi\u00f3n simult\u00e1nea de lo que cada uno de los dermagogons puede ver. Antes, las visiones hab\u00edan sido espec\u00edficas y solo relacionadas con unas de las criaturas. Pero esta vez, puede ver lo que todas hacen a la vez. Comprendiendo que se trata de algo nuevo, se concentra en escenas especialmente emotivas para \u00e9l. Algo que incluye el momento en que comenz\u00f3 su amistad con Mike y diversas im\u00e1genes conmovedoras de su infancia. Un empuj\u00f3n mental que termina por permitirle mostrar las capacidades que hasta entonces <strong>se hab\u00edan mantenido ocultas. Y cuya importancia cambia el panorama de la serie para siempre.\u00a0<\/strong><\/p>\n<p>\u00bfQu\u00e9 puede hacer Will? <\/p>\n<p><img loading=\"lazy\" data-recalc-dims=\"1\" decoding=\"async\" width=\"1500\" height=\"844\" alt=\"\" class=\"wp-image-1866829 perfmatters-lazy\" src=\"https:\/\/www.europesays.com\/es\/wp-content\/uploads\/2025\/11\/jamie-campbell-bower-s-vecna-with-his-hand-up-while-a-fire-is-behind-him-in-stranger-things-season-5.jpeg\"  data-\/><\/p>\n<p>En una secuencia emocionante y emotiva, Will demuestra que puede controlar a los dermagogons de la misma forma en que Vecna lo hace. Eso, al convertir al v\u00ednculo con la mente colmena en una v\u00eda doble que puede controlar a voluntad. El descubrimiento le permite detener con el solo poder de su voluntad a las bestias que estaban a punto de asesinar a Mike, Joyce y Lucas. <strong>A la vez, matarlas en una forma muy parecida a la que utiliza el mal\u00e9fico Vecna con sus v\u00edctimas.<\/strong><\/p>\n<p>Para el final del Volumen I de la \u00faltima temporada de Stranger Things, Will logr\u00f3 salvar a todos sus allegados. Al mismo tiempo, mostrar que tiene capacidades que podr\u00edan rivalizar con las de Eleven (<a href=\"https:\/\/hipertextual.com\/cine-television\/millie-bobby-brown-denuncia-a-david-harbour-por-acoso-que-pasa-ahora-con-stranger-things\/\" rel=\"nofollow noopener\" target=\"_blank\">Millie Bobby Brown<\/a>). Algo que la trama pone en relieve al mostrarle sec\u00e1ndose una gota de sangre <strong>que le cae por la nariz despu\u00e9s del esfuerzo de utilizar todo su potencial.\u00a0<\/strong><\/p>\n<p>Por lo que ahora, Vecna tendr\u00e1 dos enemigos que vencer. No solo Eleven, cada vez m\u00e1s poderosa y con mayor control de sus habilidades. Tambi\u00e9n, Will, que podr\u00eda ser el punto esencial para contener a sus violentos dermagogons y de hecho, parte esencial del plan para destruir a Vecna. Solo queda esperar los tres cap\u00edtulos de la serie que se estrenar\u00e1n en Navidad, para explorar q<strong>u\u00e9 har\u00e1 Will en adelante, visto lo visto sobre sus nuevas capacidades.\u00a0<\/strong><\/p>\n<p><a href=\"https:\/\/geni.us\/disney-plus-footer\" target=\"_blank\" rel=\" noreferrer noopener nofollow\"><img loading=\"lazy\" decoding=\"async\" width=\"360\" height=\"197\" alt=\"\" class=\"wp-image-1840708 perfmatters-lazy\" style=\"width:100px\" src=\"https:\/\/www.europesays.com\/es\/wp-content\/uploads\/2025\/08\/1756350495_822_disney-logo.jpeg\"  data-\/><\/a><\/p>\n<p class=\"has-text-align-center\" style=\"padding-top:0;padding-right:0;padding-bottom:0;padding-left:0;font-size:18px\">Disfruta de las mejores historias, en cualquier momento y en cualquier lugar. Series, pel\u00edculas y originales que no encontrar\u00e1s en ninguna otra plataforma: cl\u00e1sicos de siempre y los \u00faltimos estrenos. <a href=\"https:\/\/geni.us\/disney-plus-footer\" target=\"_blank\" rel=\"noreferrer noopener nofollow\">M\u00e1s econ\u00f3mico que nunca<\/a> con el nuevo plan con anuncios.<\/p>\n<p class=\"has-text-align-center\">Consejo ofrecido por Disney+<\/p>\n","protected":false},"excerpt":{"rendered":"Stranger Things demuestra algo en su quinta\u200a\u2014y \u200a\u00faltima\u2014\u200atemporada: siempre es capaz de sorprender. En especial, al ir y&hellip;\n","protected":false},"author":2,"featured_media":263019,"comment_status":"","ping_status":"","sticky":false,"template":"","format":"standard","meta":{"footnotes":""},"categories":[171],"tags":[146,147,25,24,23,214],"class_list":{"0":"post-263018","1":"post","2":"type-post","3":"status-publish","4":"format-standard","5":"has-post-thumbnail","7":"category-tv","8":"tag-entertainment","9":"tag-entretenimiento","10":"tag-es","11":"tag-espana","12":"tag-spain","13":"tag-tv"},"share_on_mastodon":{"url":"https:\/\/pubeurope.com\/@es\/115636427359009569","error":""},"_links":{"self":[{"href":"https:\/\/www.europesays.com\/es\/wp-json\/wp\/v2\/posts\/263018","targetHints":{"allow":["GET"]}}],"collection":[{"href":"https:\/\/www.europesays.com\/es\/wp-json\/wp\/v2\/posts"}],"about":[{"href":"https:\/\/www.europesays.com\/es\/wp-json\/wp\/v2\/types\/post"}],"author":[{"embeddable":true,"href":"https:\/\/www.europesays.com\/es\/wp-json\/wp\/v2\/users\/2"}],"replies":[{"embeddable":true,"href":"https:\/\/www.europesays.com\/es\/wp-json\/wp\/v2\/comments?post=263018"}],"version-history":[{"count":0,"href":"https:\/\/www.europesays.com\/es\/wp-json\/wp\/v2\/posts\/263018\/revisions"}],"wp:featuredmedia":[{"embeddable":true,"href":"https:\/\/www.europesays.com\/es\/wp-json\/wp\/v2\/media\/263019"}],"wp:attachment":[{"href":"https:\/\/www.europesays.com\/es\/wp-json\/wp\/v2\/media?parent=263018"}],"wp:term":[{"taxonomy":"category","embeddable":true,"href":"https:\/\/www.europesays.com\/es\/wp-json\/wp\/v2\/categories?post=263018"},{"taxonomy":"post_tag","embeddable":true,"href":"https:\/\/www.europesays.com\/es\/wp-json\/wp\/v2\/tags?post=263018"}],"curies":[{"name":"wp","href":"https:\/\/api.w.org\/{rel}","templated":true}]}}