{"id":263022,"date":"2025-11-30T03:07:15","date_gmt":"2025-11-30T03:07:15","guid":{"rendered":"https:\/\/www.europesays.com\/es\/263022\/"},"modified":"2025-11-30T03:07:15","modified_gmt":"2025-11-30T03:07:15","slug":"valle-salvaje-avance-del-capitulo-307-este-lunes-1-de-diciembre-irene-quiere-casarse-con-leonardo-el-independiente","status":"publish","type":"post","link":"https:\/\/www.europesays.com\/es\/263022\/","title":{"rendered":"Valle Salvaje, avance del cap\u00edtulo 307 este lunes 1 de diciembre: Irene quiere casarse con Leonardo &#8211; El Independiente"},"content":{"rendered":"<ol>\n<li><a href=\"https:\/\/news.google.com\/rss\/articles\/CBMitgFBVV95cUxNUTdUTUlvSDU0MDJNcWlpc2hzdGRqTnQtdV9JREpKQjhwX3hhbmZRZGVHd2NUWEhiT1hmZVJDX3RiUmN2UVF1cW00YXczeEJWaV9Lb3Fzb1d5ekN6RDl4VDRZSW5iQU5rd0o4ckJ2a24yRE9nOExlRjQ0X3ZfdW9qODVfRGhEQ1EzSW50bllWdWlPZzltOTZqM3hfNFJwOUtpb0hKVThlRUJ6R2ZqZkFmaHBDbVhKZw?oc=5\" target=\"_blank\" rel=\"nofollow noopener\">Valle Salvaje, avance del cap\u00edtulo 307 este lunes 1 de diciembre: Irene quiere casarse con Leonardo<\/a>&nbsp;&nbsp;El Independiente<\/li>\n<li><a href=\"https:\/\/news.google.com\/rss\/articles\/CBMinwFBVV95cUxPQXN6WllXY0RyTDBBQ2NpeWdPdld6ZmE0aU82eFFKTWVybi1jY2lmaFZSR24wWE9fbjh0SU9ualNDZ3R0M1RFbmNYQ1VKck1GNXpBQ0QtNkcydHVJRDdGb2ZkZzU4ZEhVTkw4elh0UnRZeENyOEFKYXZSTHVRR3FpbmN4LWNVb3FtNjF2NVhTcFZqc0xpUi1OU3BIWXFVSVk?oc=5\" target=\"_blank\" rel=\"nofollow noopener\">Encuentran a Luisa inconsciente en Valle Salvaje<\/a>&nbsp;&nbsp;RTVE.es<\/li>\n<li><a href=\"https:\/\/news.google.com\/rss\/articles\/CBMirgFBVV95cUxORV8wUUJqMVliaDVWSGZfREhQd3FVcldYVmJQTzdRdldrUENwYkxZLVBsZTdIZ2V1VkphZ0RlOFNZOEROX285bWxEUE9rTUlzUXdMR2d6Z3EtS2JDQm4zbGtnRXVTQkQ1eDhGRWpHekpTSUdWLV82aWVwaWx3dFNEcl9BZWpNNXpJcHlZcm1maXItalBNa3VfUWVmS1ZsRlZPRkM2eEFxYnZBUXN0ZmfSAbMBQVVfeXFMTXNuSVRoM2VGa1FVMzlkbEpfYWJkR3pjMGMwQ25qMFNoTlo4QUc3aFJXcXQ2RGxMR0d5X3pzSmRiZnNLOHliN1dGSk1ael9wVXFCUFUtc2pRN1NHQXliX2xTODEycGVIVF9INjlwSEJDRVNFVGl0dlpuR1FiTnRxcURSd0JYYWRiTHlMbHFIUUdPTExWV19Mb3h5T3gzQklyNlByR0pWTHg4S1gySmNhX3U2OGc?oc=5\" target=\"_blank\" rel=\"nofollow noopener\">Avance del cap\u00edtulo de \u2018Valle Salvaje\u2019 de hoy: Irene sorprende a B\u00e1rbara con una confesi\u00f3n<\/a>&nbsp;&nbsp;OkDiario<\/li>\n<li><a href=\"https:\/\/news.google.com\/rss\/articles\/CBMi1AFBVV95cUxNS282eFFqNXBveFlFNmdZeGpRenRSbUVCNFJxdWh2YzViNjN4NElIaEhEVWU0NGhVWjJ1ZFExRnFfbkxxMV9nWTB1bFlhejNrV0ZIVFhTT21TTUxpN3JOTUpHazNkdGM4SHlrdjR0Y2RVZUh6Si1hOFBFbkF6Tm44ay1KVmJ1QU1sVFU3MVdNT0N0UDVvem54RW5lNGdQUUQ0SWxyUzI0RGpuR0E0VW9QbkdwNkRsU1VFOHdvNmFBdmpYZ0g4VUhRZm9YUzBYalQxVUJLQdIB6AFBVV95cUxOMFNHTVM3MUdOXzBzTjhvSjZlcTZld0FxekJILVpma2tESkZyaDZLZklnOUNLQTJPN19sX2RFUnlGR3FEU05NYnpneW1KcmZOUXNPMmZHUmlQSVF0akNkeUdzVXJVNy1SSTJ4OGhpeDZEN1hWRmlRQk1MMTQwOWo2MGRHbTNTa3JSWXVoOEF5a1BYWHdnWE5kU2hCemhCdnVJZ1lxR3ByZ3JSM0tXdmxjRGg3MVpyX3JldVZUM3FBbTJsaTZZVFlhR29seWRVd1haUHN1aHN1ZmZRXzFtUzBwdU9sLVZFcXI4?oc=5\" target=\"_blank\" rel=\"nofollow noopener\">Avance diario de \u2018Valle Salvaje\u2019 del cap\u00edtulo 305, del 27 de noviembre: Luisa acepta su destino<\/a>&nbsp;&nbsp;Diario AS<\/li>\n<li><a href=\"https:\/\/news.google.com\/rss\/articles\/CBMiiAFBVV95cUxNYTFnOTl4QjNKMDhxSE5DbnR5aDB4MkhIQXVLSW9iMXpBenZUZnhMQy1yRW9Tb1FaSkIxMlBFcXBseUJabXVRMUt0RV9FYjNDMXBkWUFIMFBTclFhOXBnYjZIREpXb0t3ak9PZ2VvMGhSSTNhMklsbC1lb2lQTjlid3RWWEF2VUZu?oc=5\" target=\"_blank\" rel=\"nofollow noopener\">Avance de &#8216;Valle Salvaje&#8217;, cap\u00edtulo 306 de hoy viernes 28 de noviembre: Irene hace una confesi\u00f3n a B\u00e1rbara<\/a>&nbsp;&nbsp;El Mundo<\/li>\n<\/ol>\n","protected":false},"excerpt":{"rendered":"Valle Salvaje, avance del cap\u00edtulo 307 este lunes 1 de diciembre: Irene quiere casarse con Leonardo&nbsp;&nbsp;El Independiente Encuentran&hellip;\n","protected":false},"author":2,"featured_media":248356,"comment_status":"","ping_status":"","sticky":false,"template":"","format":"standard","meta":{"footnotes":""},"categories":[91],"tags":[146,147,25,24,23],"class_list":{"0":"post-263022","1":"post","2":"type-post","3":"status-publish","4":"format-standard","5":"has-post-thumbnail","7":"category-entretenimiento","8":"tag-entertainment","9":"tag-entretenimiento","10":"tag-es","11":"tag-espana","12":"tag-spain"},"share_on_mastodon":{"url":"https:\/\/pubeurope.com\/@es\/115636446589518044","error":""},"_links":{"self":[{"href":"https:\/\/www.europesays.com\/es\/wp-json\/wp\/v2\/posts\/263022","targetHints":{"allow":["GET"]}}],"collection":[{"href":"https:\/\/www.europesays.com\/es\/wp-json\/wp\/v2\/posts"}],"about":[{"href":"https:\/\/www.europesays.com\/es\/wp-json\/wp\/v2\/types\/post"}],"author":[{"embeddable":true,"href":"https:\/\/www.europesays.com\/es\/wp-json\/wp\/v2\/users\/2"}],"replies":[{"embeddable":true,"href":"https:\/\/www.europesays.com\/es\/wp-json\/wp\/v2\/comments?post=263022"}],"version-history":[{"count":0,"href":"https:\/\/www.europesays.com\/es\/wp-json\/wp\/v2\/posts\/263022\/revisions"}],"wp:featuredmedia":[{"embeddable":true,"href":"https:\/\/www.europesays.com\/es\/wp-json\/wp\/v2\/media\/248356"}],"wp:attachment":[{"href":"https:\/\/www.europesays.com\/es\/wp-json\/wp\/v2\/media?parent=263022"}],"wp:term":[{"taxonomy":"category","embeddable":true,"href":"https:\/\/www.europesays.com\/es\/wp-json\/wp\/v2\/categories?post=263022"},{"taxonomy":"post_tag","embeddable":true,"href":"https:\/\/www.europesays.com\/es\/wp-json\/wp\/v2\/tags?post=263022"}],"curies":[{"name":"wp","href":"https:\/\/api.w.org\/{rel}","templated":true}]}}