{"id":263024,"date":"2025-11-30T03:10:15","date_gmt":"2025-11-30T03:10:15","guid":{"rendered":"https:\/\/www.europesays.com\/es\/263024\/"},"modified":"2025-11-30T03:10:15","modified_gmt":"2025-11-30T03:10:15","slug":"jeremy-corbyn-lanza-su-nuevo-partido-socialista-democratico-en-reino-unido","status":"publish","type":"post","link":"https:\/\/www.europesays.com\/es\/263024\/","title":{"rendered":"Jeremy Corbyn lanza su \u00abnuevo partido socialista democr\u00e1tico\u00bb en Reino Unido"},"content":{"rendered":"<p>    <img src=\"https:\/\/www.europesays.com\/es\/wp-content\/uploads\/2025\/11\/2025-11-29T133A383A54Z-90553328.jpg\" width=\"1024\" height=\"682\" alt=\"\" loading=\"eager\" decoding=\"sync\" fetchpriority=\"high\"\/><\/p>\n<p>            afp_tickers        <\/p>\n<p>        Este contenido fue publicado en    <\/p>\n<p>        29 noviembre 2025 &#8211; 14:38\n<\/p>\n<p>Jeremy Corbyn expres\u00f3 su ambici\u00f3n de construir un \u00abnuevo partido socialista democr\u00e1tico\u00bb en el Reino Unido al abrir este s\u00e1bado el congreso de lanzamiento de su nueva formaci\u00f3n, con la que quiere ocupar un espacio a la izquierda y atraer a los desencantados con el gobierno laborista.<\/p>\n<p>\u00abNuestro movimiento es un movimiento por la justicia, la igualdad y la sostenibilidad medioambiental\u00bb, lanz\u00f3 el exl\u00edder laborista y veterano de la izquierda brit\u00e1nica ante varios miles de militantes reunidos en Liverpool, en el norte de Inglaterra.<\/p>\n<p>Desde las elecciones legislativas que llevaron al poder al Labour de Keir Starmer en julio de 2024, el panorama pol\u00edtico brit\u00e1nico est\u00e1 en plena recomposici\u00f3n, con el auge de los liberal-dem\u00f3cratas (centro), los Verdes (izquierda) y la formaci\u00f3n antiinmigraci\u00f3n Reform UK.<\/p>\n<p>Para llegar a Downing Street, Keir Starmer recentr\u00f3 el partido laborista, una estrategia que abre nuevas perspectivas para Jeremy Corbyn, de 76 a\u00f1os, marginado desde su salida del Labour en 2020.<\/p>\n<p>\u00abEn este pa\u00eds, la gente necesita desesperadamente una verdadera alternativa al auge de la extrema derecha\u00bb, dijo a AFP el diputado independiente y aliado de Corbyn, Shockat Adam, en un momento en que Reform UK, dirigido por el expromotor del Brexit Nigel Farage, encabeza los sondeos de intenci\u00f3n de voto.<\/p>\n<p>Este nuevo partido \u2014por ahora llamado \u00abYour Party\u00bb- fue anunciado en julio por Jeremy Corbyn y otra exdiputada laborista, Zarah Sultana, de 32 a\u00f1os.<\/p>\n<p>Pero los inicios fueron ca\u00f3ticos, con tensiones internas que se hicieron p\u00fablicas.<\/p>\n<p>El s\u00e1bado, Corbyn llam\u00f3 a la unidad a los 50.000 miembros de \u00abYour Party\u00bb, \u00abporque la divisi\u00f3n no servir\u00e1 a los intereses de la gente que queremos representar\u00bb.<\/p>\n<p>Durante el fin de semana los militantes deber\u00e1n elegir el nombre definitivo del partido, y decidir si colocan al frente a un l\u00edder \u00fanico o a una direcci\u00f3n colegiada.<\/p>\n<p>Jeremy Corbyn dirigi\u00f3 el Partido Laborista entre 2015 y 2020, y tuvo que dimitir tras la derrota hist\u00f3rica del Labour en las elecciones legislativas de 2019, ganadas por los conservadores de Boris Johnson.<\/p>\n<p>Fue suspendido en 2020 tras ser acusado de falta de voluntad para combatir el antisemitismo dentro del partido, algo que siempre neg\u00f3.<\/p>\n<p>En 2024 fue reelegido como diputado independiente en su circunscripci\u00f3n londinense.<\/p>\n<p>mhc\/thm\/mab\/avl<\/p>\n","protected":false},"excerpt":{"rendered":"afp_tickers Este contenido fue publicado en 29 noviembre 2025 &#8211; 14:38 Jeremy Corbyn expres\u00f3 su ambici\u00f3n de construir&hellip;\n","protected":false},"author":2,"featured_media":263025,"comment_status":"","ping_status":"","sticky":false,"template":"","format":"standard","meta":{"footnotes":""},"categories":[42],"tags":[17,18,13,14,11,61,62,63,64,19,20,9,10,15,16,12089,88,12090,90,12,21,22,65,66,67],"class_list":{"0":"post-263024","1":"post","2":"type-post","3":"status-publish","4":"format-standard","5":"has-post-thumbnail","7":"category-internacional","8":"tag-breaking-news","9":"tag-breakingnews","10":"tag-featured-news","11":"tag-featurednews","12":"tag-headlines","13":"tag-internacional","14":"tag-international","15":"tag-international-news","16":"tag-internationalnews","17":"tag-latest-news","18":"tag-latestnews","19":"tag-news","20":"tag-noticias","21":"tag-noticias-destacadas","22":"tag-noticiasdestacadas","23":"tag-parties-and-movements","24":"tag-politics","25":"tag-politics-general","26":"tag-ticker","27":"tag-titulares","28":"tag-ultimas-noticias","29":"tag-ultimasnoticias","30":"tag-world","31":"tag-world-news","32":"tag-worldnews"},"share_on_mastodon":{"url":"https:\/\/pubeurope.com\/@es\/115636458708341482","error":""},"_links":{"self":[{"href":"https:\/\/www.europesays.com\/es\/wp-json\/wp\/v2\/posts\/263024","targetHints":{"allow":["GET"]}}],"collection":[{"href":"https:\/\/www.europesays.com\/es\/wp-json\/wp\/v2\/posts"}],"about":[{"href":"https:\/\/www.europesays.com\/es\/wp-json\/wp\/v2\/types\/post"}],"author":[{"embeddable":true,"href":"https:\/\/www.europesays.com\/es\/wp-json\/wp\/v2\/users\/2"}],"replies":[{"embeddable":true,"href":"https:\/\/www.europesays.com\/es\/wp-json\/wp\/v2\/comments?post=263024"}],"version-history":[{"count":0,"href":"https:\/\/www.europesays.com\/es\/wp-json\/wp\/v2\/posts\/263024\/revisions"}],"wp:featuredmedia":[{"embeddable":true,"href":"https:\/\/www.europesays.com\/es\/wp-json\/wp\/v2\/media\/263025"}],"wp:attachment":[{"href":"https:\/\/www.europesays.com\/es\/wp-json\/wp\/v2\/media?parent=263024"}],"wp:term":[{"taxonomy":"category","embeddable":true,"href":"https:\/\/www.europesays.com\/es\/wp-json\/wp\/v2\/categories?post=263024"},{"taxonomy":"post_tag","embeddable":true,"href":"https:\/\/www.europesays.com\/es\/wp-json\/wp\/v2\/tags?post=263024"}],"curies":[{"name":"wp","href":"https:\/\/api.w.org\/{rel}","templated":true}]}}