{"id":263026,"date":"2025-11-30T03:11:13","date_gmt":"2025-11-30T03:11:13","guid":{"rendered":"https:\/\/www.europesays.com\/es\/263026\/"},"modified":"2025-11-30T03:11:13","modified_gmt":"2025-11-30T03:11:13","slug":"ponen-a-la-venta-la-democracia","status":"publish","type":"post","link":"https:\/\/www.europesays.com\/es\/263026\/","title":{"rendered":"Ponen a la venta la democracia"},"content":{"rendered":"<p class=\"L6-news-detail__text\">El presidente del Gobierno,<b><a title=\" Pedro S\u00e1nchez\" href=\"https:\/\/www.lasexta.com\/temas\/pedro_sanchez-1\" target=\"_blank\" rel=\"nofollow noopener\"> Pedro S\u00e1nchez<\/a><\/b>, ha vuelto a <b>cargar contra la derecha tradicional<\/b> en una semana clave por los esc\u00e1ndalos de <b><a title=\"corrupci\u00f3n que rodean al Ejecutivo\" href=\"https:\/\/www.lasexta.com\/noticias\/nacional\/gobierno-acorralado-amenazas-abalos-presion-feijoo-impulsar-mocion-censura_202511286929ca249261f37ec7346c9c.html\" target=\"_blank\" rel=\"nofollow noopener\">corrupci\u00f3n que rodean al Ejecutivo<\/a><\/b> y un d\u00eda antes de la manifestaci\u00f3n convocada por el PP en Madrid en contra de su Gobierno.<\/p>\n<p class=\"L6-news-detail__text\">Desde <b>Malta<\/b>, donde se est\u00e1 celebrando el Consejo Internacional Socialista del que S\u00e1nchez es presidente, el l\u00edder del <b><a title=\"PSOE\" href=\"https:\/\/www.lasexta.com\/temas\/psoe-1\" target=\"_blank\" rel=\"nofollow noopener\">PSOE<\/a><\/b><b>ha acusado a la derecha tradicional de comprar el discurso de la extrema derecha<\/b> y no ha dudado en aseverar que viven en una Black Friday permanente, algo que utilizan como m\u00e9todo pol\u00edtico. \u00ab<b>Liquidan los principios, las convicciones y ponen a la venta la democracia y los derechos de las mujeres<\/b>\u00ab, ha espetado, a lo que ha a\u00f1adido que ofrecen \u00abdescuentos\u00bb en los servicios p\u00fablicos para llegar al poder.<\/p>\n<p class=\"L6-news-detail__text\">S\u00e1nchez ha asegurado que en los \u00faltimos tiempos, lo que antes fueron diferencias entre partido por una l\u00ednea pol\u00edtica, ahora se ha convertido en un clon de la derecha m\u00e1s reaccionaria. \u00abDe manera ingenua <b>creen que pueden controlar a la <\/b><b><a title=\"extrema derecha\" href=\"https:\/\/www.lasexta.com\/temas\/extrema_derecha-1\" target=\"_blank\" rel=\"nofollow noopener\">extrema derecha<\/a><\/b>. La derecha los ha llevado a los gobiernos y los ha normalizado y ellos son los que han acabado siendo absorbidos\u00bb, ha sentenciado.<\/p>\n<p class=\"L6-news-detail__text\">As\u00ed, ha hecho hincapi\u00e9 en que \u00aba<b>ll\u00e1 donde gobiernan los socialistas las sociedades son m\u00e1s fuertes<\/b>\u00bb y ha hecho referencia a algunas de las pol\u00edticas conservadoras como un mal ejemplo de prosperidad. \u00abLa crisis de la \u00faltima d\u00e9cada ha demostrado que los mercados no regulados no protegen a las personas, que la austeridad no construye futuro, solo la socialdemocracia tiene respuestas que funcionan para la gente real\u00bb, ha se\u00f1alado.<\/p>\n<p class=\"L6-news-detail__text\">S\u00e1nchez ha recordado que \u00abla historia no est\u00e1 escrita\u00bb y que \u00abpertenece a la gente\u00bb. \u00abNuestra visi\u00f3n es m\u00e1s importante que nunca en un momento donde vemos reducidos muchos principios\u00bb, ha afirmado, para a\u00f1adir que \u00abm\u00e1s pronto que tarde la esperanza ser\u00e1 una realidad\u00bb. As\u00ed, ha insistido en que \u00abla extrema derecha no necesita gobernar, solo<b> se sientan para ver c\u00f3mo el conservador vende lo que hemos construidos pieza a pieza<\/b>\u00ab.<\/p>\n<p>S\u00e1nchez ha intervenido en el c\u00f3nclave socialista despu\u00e9s de que este viernes se celebrara una primera jornada a puerta cerrada de las delegaciones de partidos socialistas de todos los continentes, seguida por una cena entre los l\u00edderes. Denuncia las \u00abcontradicciones\u00bb de la derecha<\/p>\n<p class=\"L6-news-detail__text\">El presidente del Gobierno tambi\u00e9n ha criticado las \u00abcontradicciones\u00bb de los partidos del espectro de la derecha: \u00abSe llaman patriotas, pero <b>se venden a las empresas multinacionales<\/b> (&#8230;) dicen gobernar para la gente, pero legislan para las \u00e9lites. Son una contradicci\u00f3n\u00bb, ha remachado.<\/p>\n<p class=\"L6-news-detail__text\">Con este panorama, S\u00e1nchez ha incidido en que los gobiernos socialdem\u00f3cratas<b> no pueden permitirse \u00abdar un paso atr\u00e1s\u00bb<\/b> y tienen que hacer frente a grandes retos como la lucha contra el cambio clim\u00e1tico, el aumento de las desigualdades, mejorar la igualdad entre hombres y mujeres y mantener la paz en el plano geopol\u00edtico internacional. Asimismo, ha querido poner en valor la victoria de Zohran Mamdani para la alcald\u00eda de Nueva York, puesto que en su opini\u00f3n lo ha conseguido precisamente incrementando las expectativas y no rebaj\u00e1ndolas.<\/p>\n<p>Defiende una paz \u00abduradera\u00bb en Gaza y Ucrania<\/p>\n<p class=\"L6-news-detail__text\">Por otro lado, el presidente del Gobierno ha defendido <b>una \u00abpaz justa y duradera\u00bb<\/b> tanto en Gaza como en Ucrania y ha destacado que, ante el \u00abfuturo dist\u00f3pico\u00bb, \u00e9l dice \u00abno a la guerra\u00bb y un \u00abgran s\u00ed a la paz, al entendimiento internacional, al derecho internacional y a la cooperaci\u00f3n multilateral\u00bb.<\/p>\n<p class=\"L6-news-detail__text\">As\u00ed, ha mostrado su <b>compromiso con Ucrania<\/b>, un pa\u00eds que, ha dicho, <b>ha sufrido casi cuatro a\u00f1os de una guerra \u00abterrible\u00bb<\/b> y que \u00ablucha de manera valiente por su libertad, su supervivencia, por una paz justa y duradera que tiene que proporcionar garant\u00edas de seguridad e integridad territorial\u00bb al pueblo ucraniano. \u00abEsto solo se puede lograr con ellos y con Europa en la mesa\u00bb, ha manifestado.<\/p>\n<p class=\"L6-news-detail__text\">Adem\u00e1s, ha subrayado el \u00abcompromiso en lograr una soluci\u00f3n justa que incluya a los palestinos en todas las fases de la negociaci\u00f3n y que fortalezca el movimiento progresista de Israel\u00bb. \u00ab<b>Dos estados, una paz<\/b>, eso es lo que nosotros defendemos\u00bb, ha se\u00f1alado.<\/p>\n<p class=\"L6-news-detail__text\">Al mismo tiempo, el presidente del Gobierno tambi\u00e9n ha mostrado su apoyo a los \u00abmiembros africanos que tiene guerras &#8216;proxy&#8217; y ataques yihadistas\u00bb, as\u00ed como a los \u00abcamaradas de Latinoam\u00e9rica y Asia\u00bb. Seg\u00fan S\u00e1nchez, la respuesta a todos estos conflictos siempre tiene que estar basada \u00aben el <b>di\u00e1logo y la diplomacia<\/b>\u00ab.<\/p>\n<p class=\"L6-news-detail__text\">\u00ab\u00bfQu\u00e9 mundo dejar\u00edamos si nuestro legado es aumentar nuestros ej\u00e9rcitos, acabar con el derecho internacional y prepararnos para una guerra muy grande que pueda ser una profec\u00eda autocumplida?\u00bb, se ha preguntado, a lo que ha a\u00f1adido: \u00abAnte este futuro dist\u00f3pico, <b>yo digo no, no a la guerra, y un gran s\u00ed a la paz,<\/b> al entendimiento internacional, al derecho internacional y a la cooperaci\u00f3n multilateral\u00bb. \u00abEn todas partes, tenemos los mismos valores y principios y la misma consistencia e integridad moral\u00bb, ha concluido.<\/p>\n<p>Honra la \u00abresiliencia\u00bb del pueblo palestino<\/p>\n<p class=\"L6-news-detail__text\">En redes sociales, S\u00e1nchez tambi\u00e9n ha honrado este s\u00e1bado la \u00abresiliencia\u00bb del pueblo palestino, que \u00abnunca ha renunciado a la esperanza\u00bb, y ha garantizado que<b> Espa\u00f1a estar\u00e1 \u00aba su lado con humanidad<\/b> y con la firme convicci\u00f3n de que la soluci\u00f3n de los dos estados es imprescindible para que la paz llegue y perdure\u00bb.<\/p>\n<p class=\"L6-news-detail__text\">\u00abEn este D\u00eda Internacional de Solidaridad con el Pueblo Palestino, <b>honramos la resiliencia de un pueblo<\/b> que nunca ha renunciado a la esperanza. Espa\u00f1a estar\u00e1 a su lado con humanidad y con la firme convicci\u00f3n de que la soluci\u00f3n de los dos Estados es imprescindible para que la paz llegue y perdure\u00bb, ha publicado S\u00e1nchez en su perfil de X.<\/p>\n<p class=\"L6-news-detail__text\"><a title=\"*Sigue a laSexta en Google. Toda la actualidad y el mejor contenido aqu\u00ed.\" href=\"https:\/\/profile.google.com\/cp\/CgkvbS8wZG5xejA\" target=\"_blank\" rel=\"nofollow noopener\"><b>*Sigue a laSexta en Google. Toda la actualidad y el mejor contenido aqu\u00ed.<\/b><\/a><\/p>\n<p class=\"L6-support-news-video__title\">Tailandia, Indonesia y Sri Lanka<\/p>\n<p>            <a href=\"https:\/\/www.lasexta.com\/noticias\/internacional\/mas-500-muertos-cientos-desaparecidos-inundaciones-que-sacuden-sudeste-asiatico_20251129692b3a6b6e5e5012dcd3cf5e.html\" class=\"L6-news__link\" rel=\"nofollow noopener\" target=\"_blank\"><br \/>\n                M\u00e1s de 500 muertos y cientos de desaparecidos tras las inundaciones que sacuden el sudeste asi\u00e1tico<\/p>\n<p class=\"recirculation-video-desc\">\u00bfQu\u00e9 ha pasado? En Tailandia, se han registrado 162 fallecidos, mientras que en Indonesia, las provincias de Sumatra del Norte, Aceh y Sumatra Occidental registraron un total de 303 muertos. En Sri Lanka, la cifra asciende a 132.<\/p>\n<p>            <\/a><\/p>\n","protected":false},"excerpt":{"rendered":"El presidente del Gobierno, Pedro S\u00e1nchez, ha vuelto a cargar contra la derecha tradicional en una semana clave&hellip;\n","protected":false},"author":2,"featured_media":263027,"comment_status":"","ping_status":"","sticky":false,"template":"","format":"standard","meta":{"footnotes":""},"categories":[8],"tags":[17,18,25,24,13,14,11,19,20,9,10,15,16,23,12,21,22],"class_list":{"0":"post-263026","1":"post","2":"type-post","3":"status-publish","4":"format-standard","5":"has-post-thumbnail","7":"category-espana","8":"tag-breaking-news","9":"tag-breakingnews","10":"tag-es","11":"tag-espana","12":"tag-featured-news","13":"tag-featurednews","14":"tag-headlines","15":"tag-latest-news","16":"tag-latestnews","17":"tag-news","18":"tag-noticias","19":"tag-noticias-destacadas","20":"tag-noticiasdestacadas","21":"tag-spain","22":"tag-titulares","23":"tag-ultimas-noticias","24":"tag-ultimasnoticias"},"share_on_mastodon":{"url":"https:\/\/pubeurope.com\/@es\/115636462221036311","error":""},"_links":{"self":[{"href":"https:\/\/www.europesays.com\/es\/wp-json\/wp\/v2\/posts\/263026","targetHints":{"allow":["GET"]}}],"collection":[{"href":"https:\/\/www.europesays.com\/es\/wp-json\/wp\/v2\/posts"}],"about":[{"href":"https:\/\/www.europesays.com\/es\/wp-json\/wp\/v2\/types\/post"}],"author":[{"embeddable":true,"href":"https:\/\/www.europesays.com\/es\/wp-json\/wp\/v2\/users\/2"}],"replies":[{"embeddable":true,"href":"https:\/\/www.europesays.com\/es\/wp-json\/wp\/v2\/comments?post=263026"}],"version-history":[{"count":0,"href":"https:\/\/www.europesays.com\/es\/wp-json\/wp\/v2\/posts\/263026\/revisions"}],"wp:featuredmedia":[{"embeddable":true,"href":"https:\/\/www.europesays.com\/es\/wp-json\/wp\/v2\/media\/263027"}],"wp:attachment":[{"href":"https:\/\/www.europesays.com\/es\/wp-json\/wp\/v2\/media?parent=263026"}],"wp:term":[{"taxonomy":"category","embeddable":true,"href":"https:\/\/www.europesays.com\/es\/wp-json\/wp\/v2\/categories?post=263026"},{"taxonomy":"post_tag","embeddable":true,"href":"https:\/\/www.europesays.com\/es\/wp-json\/wp\/v2\/tags?post=263026"}],"curies":[{"name":"wp","href":"https:\/\/api.w.org\/{rel}","templated":true}]}}