{"id":263028,"date":"2025-11-30T03:12:35","date_gmt":"2025-11-30T03:12:35","guid":{"rendered":"https:\/\/www.europesays.com\/es\/263028\/"},"modified":"2025-11-30T03:12:35","modified_gmt":"2025-11-30T03:12:35","slug":"llamamos-a-los-espanoles-a-salir-a-la-calle-y-pedir-elecciones","status":"publish","type":"post","link":"https:\/\/www.europesays.com\/es\/263028\/","title":{"rendered":"Llamamos a los espa\u00f1oles a salir a la calle y pedir elecciones"},"content":{"rendered":"<p>\u00abLlamamos a los espa\u00f1oles a salir a la calle y <strong>pedir elecciones<\/strong>\u00bb, ese es el mensaje que de manera un\u00e1nime todos en el <a href=\"https:\/\/www.pp.es\/\" target=\"_blank\" rel=\"noopener noreferrer nofollow\"><strong>Partido Popular<\/strong> <\/a>quieren transmitir a los espa\u00f1oles. Seg\u00fan la portavoz del Grupo Popular en el Congreso, <a href=\"https:\/\/okdiario.com\/espana\/pp-llama-votantes-vox-manifestarse-sin-siglas-domingo-contra-mafia-sanchez-15843381\" target=\"_blank\" rel=\"noopener noreferrer nofollow\"><strong>Ester Mu\u00f1oz<\/strong><\/a>, un pa\u00eds democr\u00e1tico como Espa\u00f1a est\u00e1 llamado decidir qu\u00e9 Gobierno debe defender sus intereses. A apenas 24 horas de una marcha que este domingo prev\u00e9 reunir a cientos de miles de espa\u00f1oles, la diputada del PP llama a la movilizaci\u00f3n \u00abmasiva\u00bb y a los j\u00f3venes a defender el <a href=\"https:\/\/okdiario.com\/espana\/feijoo-convoca-manifestacion-contra-pedro-sanchez-entrada-prision-abalos-15840005\" target=\"_blank\" rel=\"noopener noreferrer nofollow\"><strong>Estado de Derecho<\/strong><\/a> que est\u00e1 en riesgo.<\/p>\n<p class=\"p1\"><b>PREGUNTA- Dos a\u00f1os de legislatura nos han dado momentos \u00fanicos e inimaginables para ning\u00fan espa\u00f1ol, desde la firma de acuerdos a cambio de la investidura de S\u00e1nchez contrarios al Estado de Derecho hasta una larga lista de personas cercanas al presidente del Gobierno que est\u00e1n siendo investigadas por la Justicia o que, incluso, est\u00e1n en la c\u00e1rcel, \u00bfhasta d\u00f3nde cree que vamos llegar?<\/b><\/p>\n<p class=\"p1\"><strong>RESPUESTA.-<\/strong> Cuando no hay l\u00edmites morales, no importa lo que haces ni te importa la gravedad de los hechos. Y Pedro S\u00e1nchez no tiene l\u00edmites morales. Ahora, S\u00e1nchez y los miembros de su Gobierno est\u00e1n tratando de hacer creer que \u00c1balos era uno m\u00e1s, un diputado que ahora est\u00e1 en el Grupo Mixto, pero no. \u00c1balos lo ha sido todo en el PSOE. No es que fuera del PSOE, es que es el PSOE. \u00c1balos y Cerd\u00e1n han manejado el partido socialista durante ocho a\u00f1os. Por tanto, lo que los espa\u00f1oles pedimos al Gobierno es que nos dejen elegir, que vayamos a elecciones y podamos decidir un nuevo Gobierno.<\/p>\n<p class=\"p1\"><b>P.- Esta situaci\u00f3n, \u00bfse puede sostener m\u00e1s tiempo?<\/b><\/p>\n<p class=\"p1\"><strong>R.- <\/strong>La situaci\u00f3n de corrupci\u00f3n que vivimos en Espa\u00f1a por culpa del Gobierno de S\u00e1nchez es irrespirable. Espa\u00f1a est\u00e1 llamada a que los espa\u00f1oles votemos y decidamos un nuevo Gobierno que no est\u00e9 inmerso en una corrupci\u00f3n sist\u00e9mica como la de Pedro S\u00e1nchez. Jam\u00e1s me imagin\u00e9 que mi generaci\u00f3n, que hered\u00f3 una Espa\u00f1a democr\u00e1tica despu\u00e9s de la Transici\u00f3n, tuviese que volver a pelear por el respeto al Estado de Derecho, a los l\u00edmites y contrapoderes del Gobierno y a la propia democracia, pero as\u00ed estamos.<\/p>\n<p class=\"p1\"><b>P.- Usted, como figura pol\u00edtica, \u00bfqu\u00e9 sensaci\u00f3n tiene cuando sale a la calle? <\/b><\/p>\n<p class=\"p1\"><strong>R.- <\/strong>La gente quiere salir libremente a la calle y poder protestar para decir que lo que estamos viviendo en este pa\u00eds no es normal. Y los partidos pol\u00edticos somos herramientas al servicio de los ciudadanos para canalizar todo aquello que los ciudadanos quieren. Por ello, desde el Partido Popular ponemos a disposici\u00f3n de los espa\u00f1oles un lugar para precisamente poder salir a la calle, protestar y pedir elecciones. Ma\u00f1ana domingo, a las 12:00 horas, en el Templo de Debod.<\/p>\n<p class=\"p1\"><b>P.- \u00bfCree que hasta el m\u00e1s firme defensor del Gobierno y del PSOE es consciente de la gravedad de estos episodios?<\/b><\/p>\n<p class=\"p1\"><strong>R.- <\/strong>El Gobierno lleva a\u00f1os y meses diciendo que todos son bulos y que todo forma parte de un contubernio para destruir al se\u00f1or S\u00e1nchez. Es duro ver y escuchar a gente del PSOE decir que estos se\u00f1ores no tienen nada que ver con el partido socialista. Pero lo cierto es que S\u00e1nchez ha polarizado tanto nuestra sociedad que ha llevado a muchos votantes de izquierdas a defender que vale todo con tal de que no gobierne la derecha.<\/p>\n<p class=\"p1\">Pero no hay que olvidar, por ejemplo, que tenemos elecciones en Extremadura, \u00a1y el candidato del PSOE est\u00e1 procesado a la espera de ser juzgado! Recuerdo que, cuando estaba en la oposici\u00f3n, Pedro S\u00e1nchez presum\u00eda de que el PSOE ten\u00eda un c\u00f3digo \u00e9tico que les imped\u00eda presentar candidatos imputados. Ya no tiene ni c\u00f3digo ni \u00e9tica. Es evidente que el l\u00edder del PSOE y presidente del Gobierno no tiene ning\u00fan tipo de l\u00edmite pero la Justicia y la Guardia Civil ha ido destapando una trama que es indiscutible.<\/p>\n<p class=\"p1\"><b>P.- Este pasado jueves el l\u00edder de su partido, Alberto N\u00fa\u00f1ez Feij\u00f3o, convocaba a toda la ciudadan\u00eda a participar de una gran manifestaci\u00f3n \u201csin siglas\u201d contra la que se ha tildado de \u201cla mafia\u201d del Ejecutivo de S\u00e1nchez, \u00bfcree que llega en el momento adecuado? <\/b><\/p>\n<p class=\"p1\"><strong>R.- <\/strong>Absolutamente, como le dec\u00eda: los partidos tenemos que ser una herramienta para los ciudadanos. Y los espa\u00f1oles estamos hartos del nivel de degradaci\u00f3n institucional y pol\u00edtica que est\u00e1 soportando nuestro pa\u00eds. Por eso, les llamamos a mostrar en las calles su indignaci\u00f3n este domingo, a decir que est\u00e1n hartos de lo que ven en los telediarios todos los d\u00edas y pedir elecciones.<\/p>\n<p class=\"p1\"><b>P.- \u00bfComparte que la sociedad deba elegir entre \u201cmafia\u201d o \u201cdemocracia\u201d? Es el mismo lema bajo el que se convoc\u00f3 a los espa\u00f1oles el pasado verano en la Plaza de Espa\u00f1a de Madrid, \u00bfpor qu\u00e9 se recupera ahora?<\/b><\/p>\n<p class=\"p1\"><strong>R.- <\/strong>En verano, hab\u00eda personas que dec\u00edan que era demasiado duro utilizar un lema del tipo \u00abmafia o democracia\u00bb para denunciar lo que pasaba con este Gobierno. Los sat\u00e9lites del Gobierno nos acusaban de crispadores y no s\u00e9 cu\u00e1ntas cosas m\u00e1s. Ahora, que hemos visto a las dos manos derechas de Pedro S\u00e1nchez y a la izquierda entrar en prisi\u00f3n, y hemos conocido c\u00f3mo han actuado, ahora tiene m\u00e1s sentido que nunca ese mensaje.<\/p>\n<p class=\"p1\"><b>P.- \u00bfC\u00f3mo ha sido la acogida a las primeras horas de conocerse este llamamiento a la movilizaci\u00f3n?<\/b><\/p>\n<p class=\"p1\"><strong>R.- <\/strong>Yo tengo muchos grupos con familiares, amigos y compa\u00f1eros de partido que cuando conocieron la convocatoria no tardaron ni minutos en organizarse para poder estar este domingo en Madrid. La entrada en prisi\u00f3n de \u00c1balos de este jueves ha sido un \u201checho hist\u00f3rico\u201d de esos que tanto le gustan a Pedro S\u00e1nchez. El primer diputado en activo que acaba entre rejas. Y no es un diputado cualquiera. Era la persona de su m\u00e1xima confianza, el defensor de su moci\u00f3n de cesura, su ministro y su secretario de Organizaci\u00f3n.<\/p>\n<p class=\"p1\"><b>P.- Han invitado a Vox a ser part\u00edcipe tambi\u00e9n de esta marcha, \u00bfhan recibido alg\u00fan top de Feedback? <\/b><\/p>\n<p class=\"p1\"><strong>R.- <\/strong>Lo que esperamos es contar con todo aquel que quiera concentrarse contra este Gobierno. Como ha dicho Feij\u00f3o, es una concentraci\u00f3n c\u00edvica, abierta y sin siglas, y cualquier partido que crea en la decencia, en la independencia del Poder Judicial, en el Estado de Derecho, est\u00e1 invitado.<\/p>\n<p class=\"p1\"><b>P.- En las \u00faltimas horas, a trav\u00e9s de sus redes sociales, han tildado de \u201cestafa descomunal\u201d esta convocatoria.<\/b><\/p>\n<p class=\"p1\"><strong>R.- <\/strong>Que la gente pueda protestar y pueda pedir elecciones en la calle es positivo. Insisto, esta es una convocatoria sin siglas, por lo que puede asistir cualquier persona que quiera defender el Estado de Derecho, la democracia y la decencia en la pol\u00edtica.<\/p>\n<p class=\"p1\">Es sorprendente que la mayor preocupaci\u00f3n de algunos ahora mismo no sea echar a S\u00e1nchez sino atacar al PP por intereses puramente partidistas.<\/p>\n<p class=\"p1\"><b>P.- \u00bfHay posibilidad de entendimiento entre ambas fuerzas pol\u00edticas? Ambas comparten el mismo objetivo.<\/b><\/p>\n<p class=\"p1\"><strong>R.- <\/strong>Ha habido muchos gobiernos del PP con Vox hasta que estos \u00faltimos decidieron dejarlos para no \u2018mancharse\u2019 con la gesti\u00f3n. Los t\u00e9rminos en los que negocia y trabaja siempre el Partido Popular son los de mejorar la vida de los ciudadanos. El objetivo del PP es echar a S\u00e1nchez. No tenemos otro objetivo ni otro enemigo.<\/p>\n<p class=\"p1\"><b>P.- \u00bfQu\u00e9 esperan conseguir con esta convocatoria que se espera sea multitudinaria?<\/b><\/p>\n<p class=\"p1\"><strong>R.- <\/strong>La concentraci\u00f3n no se hace porque vaya o no a tener \u00e9xito, que estoy convencida que lo tendr\u00e1, se hace para que la ciudadan\u00eda que quiera protestar por la situaci\u00f3n pueda hacerlo en libertad en una convocatoria sin siglas.<\/p>\n<p class=\"p1\">Hay muchos portavoces del Gobierno y del PSOE que pretenden instalar la idea de que la corrupci\u00f3n ya est\u00e1 amortizada y no les desgasta. Creo que la ciudadan\u00eda espa\u00f1ola tiene el deber de demostrarles que no es cierta esa imagen tan pobre que tienen de nuestro pueblo.<\/p>\n<p class=\"p1\"><b>P.- Hay muchas personas que piensen que aciertan qued\u00e1ndose en casa, no s\u00e9 si cree tambi\u00e9n que esta actitud es sintom\u00e1tica de lo que suceder\u00eda si fu\u00e9semos llamados a las urnas, \u00bfc\u00f3mo pueden convencer de que, estar de brazos cruzados, no sirve de nada? Tampoco abstenerse.<\/b><\/p>\n<p class=\"p1\"><strong>R.- <\/strong>A la convocatoria del domingo va a acudir m\u00e1s gente que la que acudi\u00f3 a la manifestaci\u00f3n en Ferraz en apoyo a S\u00e1nchez en esos cinco d\u00edas de asuntos propios y reflexi\u00f3n que se tom\u00f3 libres. Es much\u00edsima la gente que quiere salir y protestar por lo que estamos viendo a diario, adem\u00e1s de exigir elecciones para que haya un nuevo Gobierno que no est\u00e9 manchado de corrupci\u00f3n.<\/p>\n<p class=\"p1\"><b>P.- \u00bfC\u00f3mo se puede convencer al que duda y prefiere quedarse en casa? <\/b><\/p>\n<p class=\"p1\"><strong>R.- <\/strong>Nuestra concentraci\u00f3n quiere contar con todos los ciudadanos que quieren hablar, pero a los que Pedro S\u00e1nchez no les da voz al no convocar elecciones. Lo que estamos viendo es muy grave: estamos viendo al PSOE encarcelado.\u00a1Nos vemos el domingo!<\/p>\n","protected":false},"excerpt":{"rendered":"\u00abLlamamos a los espa\u00f1oles a salir a la calle y pedir elecciones\u00bb, ese es el mensaje que de&hellip;\n","protected":false},"author":2,"featured_media":263029,"comment_status":"","ping_status":"","sticky":false,"template":"","format":"standard","meta":{"footnotes":""},"categories":[5],"tags":[17,18,25,24,13,14,11,19,20,9,10,15,16,23,12,21,22],"class_list":{"0":"post-263028","1":"post","2":"type-post","3":"status-publish","4":"format-standard","5":"has-post-thumbnail","7":"category-titulares","8":"tag-breaking-news","9":"tag-breakingnews","10":"tag-es","11":"tag-espana","12":"tag-featured-news","13":"tag-featurednews","14":"tag-headlines","15":"tag-latest-news","16":"tag-latestnews","17":"tag-news","18":"tag-noticias","19":"tag-noticias-destacadas","20":"tag-noticiasdestacadas","21":"tag-spain","22":"tag-titulares","23":"tag-ultimas-noticias","24":"tag-ultimasnoticias"},"share_on_mastodon":{"url":"https:\/\/pubeurope.com\/@es\/115636465970329404","error":""},"_links":{"self":[{"href":"https:\/\/www.europesays.com\/es\/wp-json\/wp\/v2\/posts\/263028","targetHints":{"allow":["GET"]}}],"collection":[{"href":"https:\/\/www.europesays.com\/es\/wp-json\/wp\/v2\/posts"}],"about":[{"href":"https:\/\/www.europesays.com\/es\/wp-json\/wp\/v2\/types\/post"}],"author":[{"embeddable":true,"href":"https:\/\/www.europesays.com\/es\/wp-json\/wp\/v2\/users\/2"}],"replies":[{"embeddable":true,"href":"https:\/\/www.europesays.com\/es\/wp-json\/wp\/v2\/comments?post=263028"}],"version-history":[{"count":0,"href":"https:\/\/www.europesays.com\/es\/wp-json\/wp\/v2\/posts\/263028\/revisions"}],"wp:featuredmedia":[{"embeddable":true,"href":"https:\/\/www.europesays.com\/es\/wp-json\/wp\/v2\/media\/263029"}],"wp:attachment":[{"href":"https:\/\/www.europesays.com\/es\/wp-json\/wp\/v2\/media?parent=263028"}],"wp:term":[{"taxonomy":"category","embeddable":true,"href":"https:\/\/www.europesays.com\/es\/wp-json\/wp\/v2\/categories?post=263028"},{"taxonomy":"post_tag","embeddable":true,"href":"https:\/\/www.europesays.com\/es\/wp-json\/wp\/v2\/tags?post=263028"}],"curies":[{"name":"wp","href":"https:\/\/api.w.org\/{rel}","templated":true}]}}