{"id":263032,"date":"2025-11-30T03:17:21","date_gmt":"2025-11-30T03:17:21","guid":{"rendered":"https:\/\/www.europesays.com\/es\/263032\/"},"modified":"2025-11-30T03:17:21","modified_gmt":"2025-11-30T03:17:21","slug":"alcaraz-listo-para-volver-a-jugar-en-un-campo-de-beisbol","status":"publish","type":"post","link":"https:\/\/www.europesays.com\/es\/263032\/","title":{"rendered":"Alcaraz listo para volver a jugar&#8230; \u00a1en un campo de b\u00e9isbol!"},"content":{"rendered":"<p class=\"ft-text\"><a class=\"ft-link ft-link--decoration\" href=\"https:\/\/www.sport.es\/es\/noticias\/tenis\/alcaraz-baja-copa-davis-123844564\" rel=\"nofollow noopener\" target=\"_blank\">Tras la lesi\u00f3n sufrida en Tur\u00edn, que le dej\u00f3 sin poder jugar la fase final de la Copa Davis,<\/a> <strong>Carlos Alcaraz<\/strong> tiene listo su regreso a las canchas. Ser\u00e1 este pr\u00f3ximo mes de diciembre con un partido de exhibici\u00f3n ante <strong>Joao Fonseca<\/strong> en <strong>Miami<\/strong>.<\/p>\n<p class=\"ft-text\">En el evento &#8216;Miami Invitational&#8217;, el tenista de El Palmar y el joven brasile\u00f1o se ver\u00e1n por primera vez las caras en un duelo muy esperado entre los aficionados del tenis. Ser\u00e1 adem\u00e1s en un estadio emblem\u00e1tico como el<strong> Loan Depot Park, casa de los Marlins de la\u00a0MLB, que ya luce preparada para el evento<\/strong> con una pista de tenis instaurada en el terreno de juego.<\/p>\n<p class=\"ft-text\">En el evento tambi\u00e9n habr\u00e1 un partido femenino, que ten\u00eda que jugar Emma Raducanu ante<strong> Amanda Anisimova,<\/strong> aunque finalmente la brit\u00e1nica se ha dado de baja por lesi\u00f3n. La estadounidense <strong>Jessica Pegula<\/strong> ser\u00e1 finalmente quien se mida a <strong>Anisimova. <\/strong><\/p>\n<p class=\"ft-text\">La cita, m\u00e1s all\u00e1 de ser un espect\u00e1culo de exhibici\u00f3n, representa tambi\u00e9n dos cruces que despiertan gran expectativa entre los fan\u00e1ticos.<strong>\u00a0Ser\u00e1n dos partidos individuales<\/strong>, ambos al mejor de tres sets con supertiebreak de <strong>10 puntos en caso de empate.<\/strong><\/p>\n<p class=\"ft-text\">Con la confirmaci\u00f3n del evento, la atenci\u00f3n se centra en la venta de boletos y entradas, ya que se espera una gran demanda tanto de la comunidad hispana como de los seguidores del tenis internacional en <strong>Miami<\/strong>.<\/p>\n","protected":false},"excerpt":{"rendered":"Tras la lesi\u00f3n sufrida en Tur\u00edn, que le dej\u00f3 sin poder jugar la fase final de la Copa&hellip;\n","protected":false},"author":2,"featured_media":263033,"comment_status":"","ping_status":"","sticky":false,"template":"","format":"standard","meta":{"footnotes":""},"categories":[274],"tags":[4736,13811,168,25,24,23,167,327,326],"class_list":{"0":"post-263032","1":"post","2":"type-post","3":"status-publish","4":"format-standard","5":"has-post-thumbnail","7":"category-tenis","8":"tag-alcaraz","9":"tag-beisbol","10":"tag-deportes","11":"tag-es","12":"tag-espana","13":"tag-spain","14":"tag-sports","15":"tag-tenis","16":"tag-tennis"},"share_on_mastodon":{"url":"https:\/\/pubeurope.com\/@es\/115636485672486246","error":""},"_links":{"self":[{"href":"https:\/\/www.europesays.com\/es\/wp-json\/wp\/v2\/posts\/263032","targetHints":{"allow":["GET"]}}],"collection":[{"href":"https:\/\/www.europesays.com\/es\/wp-json\/wp\/v2\/posts"}],"about":[{"href":"https:\/\/www.europesays.com\/es\/wp-json\/wp\/v2\/types\/post"}],"author":[{"embeddable":true,"href":"https:\/\/www.europesays.com\/es\/wp-json\/wp\/v2\/users\/2"}],"replies":[{"embeddable":true,"href":"https:\/\/www.europesays.com\/es\/wp-json\/wp\/v2\/comments?post=263032"}],"version-history":[{"count":0,"href":"https:\/\/www.europesays.com\/es\/wp-json\/wp\/v2\/posts\/263032\/revisions"}],"wp:featuredmedia":[{"embeddable":true,"href":"https:\/\/www.europesays.com\/es\/wp-json\/wp\/v2\/media\/263033"}],"wp:attachment":[{"href":"https:\/\/www.europesays.com\/es\/wp-json\/wp\/v2\/media?parent=263032"}],"wp:term":[{"taxonomy":"category","embeddable":true,"href":"https:\/\/www.europesays.com\/es\/wp-json\/wp\/v2\/categories?post=263032"},{"taxonomy":"post_tag","embeddable":true,"href":"https:\/\/www.europesays.com\/es\/wp-json\/wp\/v2\/tags?post=263032"}],"curies":[{"name":"wp","href":"https:\/\/api.w.org\/{rel}","templated":true}]}}