{"id":263038,"date":"2025-11-30T03:22:15","date_gmt":"2025-11-30T03:22:15","guid":{"rendered":"https:\/\/www.europesays.com\/es\/263038\/"},"modified":"2025-11-30T03:22:15","modified_gmt":"2025-11-30T03:22:15","slug":"de-angela-molina-a-xandra-falco-el-evento-que-ha-reunido-a-los-vip-en-madrid-antes-de-navidad","status":"publish","type":"post","link":"https:\/\/www.europesays.com\/es\/263038\/","title":{"rendered":"De \u00c1ngela Molina a Xandra Falc\u00f3, el evento que ha reunido a los VIP en Madrid antes\u00a0de\u00a0Navidad"},"content":{"rendered":"<p data-pm-slice=\"1 1 []\">El musical Los miserables, basado en la novela hom\u00f3nima del franc\u00e9s Victor Hugo, ha vuelto a instalarse en Madrid. El Teatro Nuevo Apolo, ubicado en la c\u00e9ntrica plaza de Tirso de Molina, ha sido el lugar elegido para acoger el show. El mismo que lo alberg\u00f3 por primera vez en 1992. <strong>Las funciones han comenzado este viernes 28 de noviembre<\/strong> y se extender\u00e1n hasta abril del pr\u00f3ximo a\u00f1o. Como no pod\u00eda ser de otra manera, el reestreno ha reunido en el enclave mencionado a numerosos rostros conocidos de diferentes \u00e1mbitos de la vida, que van desde <strong>actores y actrices<\/strong> hasta miembros de la jet set y <strong>empresarios<\/strong>, pasando por <strong>presentadores de televisi\u00f3n y deportistas.<\/strong><\/p>\n<p><a href=\"https:\/\/okdiario.com\/look\/actualidad\/renacer-xandra-falco-como-marquesa-supero-ano-mas-duro-muerte-marido-2370489\" rel=\"nofollow noopener\" target=\"_blank\"><strong>Xandra Falc\u00f3<\/strong> ha sido una de las invitadas estrella<\/a>. La hija del recordado marqu\u00e9s de Gri\u00f1\u00f3n, que pos\u00f3 para los medios, se enfund\u00f3 en un total look negro que estaba compuesto por unos jeans campana, una camisa, una blazer con detalles de raso, un abrigo de pa\u00f1o y botas de pico.<\/p>\n<p>\n<img decoding=\"async\" loading=\"lazy\" class=\"size-medium wp-image-2438768\" alt=\"Xandra Falc\u00f3 en el Teatro Nuevo Apolo. (Foto: Gtres) \" width=\"384\" height=\"620\"  src=\"https:\/\/www.europesays.com\/es\/wp-content\/uploads\/2025\/10\/placeholder.jpg\"  bad-src=\"https:\/\/www.europesays.com\/es\/wp-content\/uploads\/2025\/10\/placeholder.jpg\"\/><\/p>\n<p><img decoding=\"async\" loading=\"lazy\" class=\"size-medium wp-image-2438768\" src=\"https:\/\/www.europesays.com\/es\/wp-content\/uploads\/2025\/11\/u595811_037-1-384x620.jpg\" alt=\"Xandra Falc\u00f3 en el Teatro Nuevo Apolo. (Foto: Gtres) \" width=\"384\" height=\"620\"  \/><\/p>\n<p> Xandra Falc\u00f3 en el Teatro Nuevo Apolo. (Foto: Gtres)\n<\/p>\n<p>La modelo <strong>Valeria Mazza<\/strong> tambi\u00e9n se traslad\u00f3 hasta el centro de Madrid para disfrutar de la funci\u00f3n. Para la ocasi\u00f3n ha seleccionado un estilismo en tonos tierra conformado por un pantal\u00f3n de piel camel, jersey y abrigo de pelo. El toque de color lo ha aportado una camisa blanca de la que asomaba el cuello. Como complementos, opt\u00f3 por el animal print, a\u00f1adiendo un cintur\u00f3n de este estampado. Entre los asistentes tambi\u00e9n destacaron la gimnasta <strong>Almudena Cid<\/strong>, la actriz <strong>Angy Fern\u00e1ndez<\/strong> y <strong>\u00c1ngela Molina<\/strong>, que deslumbr\u00f3 con su impecable melena gris y un abrigo de pelo marr\u00f3n chocolate.<\/p>\n<p>\n<img decoding=\"async\" loading=\"lazy\" class=\"size-medium wp-image-2438771\" alt=\"\u00c1ngela Molina en el Teatro Nuevo Apolo. (Foto: Gtres) \" width=\"384\" height=\"620\"  src=\"https:\/\/www.europesays.com\/es\/wp-content\/uploads\/2025\/10\/placeholder.jpg\"  bad-src=\"https:\/\/www.europesays.com\/es\/wp-content\/uploads\/2025\/10\/placeholder.jpg\"\/><\/p>\n<p><img decoding=\"async\" loading=\"lazy\" class=\"size-medium wp-image-2438771\" src=\"https:\/\/www.europesays.com\/es\/wp-content\/uploads\/2025\/11\/u595811_003-1-384x620.jpg\" alt=\"\u00c1ngela Molina en el Teatro Nuevo Apolo. (Foto: Gtres) \" width=\"384\" height=\"620\"  \/><\/p>\n<p> \u00c1ngela Molina en el Teatro Nuevo Apolo. (Foto: Gtres)\n<\/p>\n<p>Emma Garc\u00eda, la comunicadora que capitanea el programa Fiesta de las tardes de fin de semana de Telecinco, no falt\u00f3 a la cita cultural. <a href=\"https:\/\/okdiario.com\/look\/actualidad\/entramos-famosa-fiesta-navidad-ana-rosa-quintana-looks-discurso-invitados-2438615\" rel=\"nofollow noopener\" target=\"_blank\">Despu\u00e9s de este compromiso, la presentadora se fue directa a la fiesta de la productora Unicorn Content<\/a>, para la que trabaja, y que cada a\u00f1o celebra un encuentro por Navidad. Para la fren\u00e9tica tarde del viernes, Garc\u00eda opt\u00f3 por lucir un estilismo muy acorde con lo que ya nos tiene acostumbrados y ha seleccionado una falda de rayas blancas y negras, un cintur\u00f3n ancho de charol y un cuerpo de escote pico. El mundo de la comunicaci\u00f3n tambi\u00e9n estuvo representado por <strong>Sandra Golpe<\/strong>, que defendi\u00f3 a la perfecci\u00f3n una camisa negra y una blazer del mismo tono que contaba con aplicaciones de pedrer\u00eda en las solapas.<\/p>\n<p>\n<img decoding=\"async\" loading=\"lazy\" class=\"size-medium wp-image-2438775\" alt=\"Emma Garc\u00eda en el Teatro Nuevo Apolo. (Foto: Gtres) \" width=\"384\" height=\"620\"  src=\"https:\/\/www.europesays.com\/es\/wp-content\/uploads\/2025\/10\/placeholder.jpg\"  bad-src=\"https:\/\/www.europesays.com\/es\/wp-content\/uploads\/2025\/10\/placeholder.jpg\"\/><\/p>\n<p><img decoding=\"async\" loading=\"lazy\" class=\"size-medium wp-image-2438775\" src=\"https:\/\/www.europesays.com\/es\/wp-content\/uploads\/2025\/11\/u595811_051-1-384x620.jpg\" alt=\"Emma Garc\u00eda en el Teatro Nuevo Apolo. (Foto: Gtres) \" width=\"384\" height=\"620\"  \/><\/p>\n<p> Emma Garc\u00eda en el Teatro Nuevo Apolo. (Foto: Gtres)\n<\/p>\n<p>Los miserables, el musical<\/p>\n<p>Los miserables es <strong>uno de los musicales m\u00e1s emblem\u00e1ticos y exitosos<\/strong>. Sus personajes, inspirados en la Francia del siglo XIX, relatan una historia en la que la redenci\u00f3n, la justicia y el amor son los temas fundamentales en una historia atemporal sobre lucha y esperanza.\u00a0Con una duraci\u00f3n de 2 horas 50 minutos, tiempo en el que se incluye un descanso, se trata de una apuesta cultural que no est\u00e1 recomendada para menores de 7 a\u00f1os.<\/p>\n<p>\n<img decoding=\"async\" loading=\"lazy\" class=\"size-medium wp-image-2438778\" alt=\"Valeria Mazza en el Teatro Nuevo Apolo. (Foto: Gtres) \" width=\"620\" height=\"349\"  src=\"https:\/\/www.europesays.com\/es\/wp-content\/uploads\/2025\/10\/placeholder.jpg\"  bad-src=\"https:\/\/www.europesays.com\/es\/wp-content\/uploads\/2025\/10\/placeholder.jpg\"\/><\/p>\n<p><img decoding=\"async\" loading=\"lazy\" class=\"size-medium wp-image-2438778\" src=\"https:\/\/www.europesays.com\/es\/wp-content\/uploads\/2025\/11\/u595811_057-1-620x349.jpg\" alt=\"Valeria Mazza en el Teatro Nuevo Apolo. (Foto: Gtres) \" width=\"620\" height=\"349\"  \/><\/p>\n<p> Valeria Mazza en el Teatro Nuevo Apolo. (Foto: Gtres)\n<\/p>\n<p>Se trata de una composici\u00f3n de la pareja art\u00edstica <strong>Claude-Michel Sch\u00f6nberg y Alain Boublil<\/strong>.\u00a0I Dreamed a Dream, On My Own, Do You Hear the People Sing? y On My Own son algunos de los temas que componen la <strong>exquisita banda sonora<\/strong>. La uni\u00f3n de las letras, la m\u00fasica, el vestuario y la coreograf\u00eda de los participantes ha posicionado este proyecto como uno de los mejores musicales de todos los tiempos.<\/p>\n","protected":false},"excerpt":{"rendered":"El musical Los miserables, basado en la novela hom\u00f3nima del franc\u00e9s Victor Hugo, ha vuelto a instalarse en&hellip;\n","protected":false},"author":2,"featured_media":263039,"comment_status":"","ping_status":"","sticky":false,"template":"","format":"standard","meta":{"footnotes":""},"categories":[174],"tags":[255,146,147,25,24,256,65447,23],"class_list":{"0":"post-263038","1":"post","2":"type-post","3":"status-publish","4":"format-standard","5":"has-post-thumbnail","7":"category-famosos","8":"tag-celebrities","9":"tag-entertainment","10":"tag-entretenimiento","11":"tag-es","12":"tag-espana","13":"tag-famosos","14":"tag-los-miserables","15":"tag-spain"},"share_on_mastodon":{"url":"https:\/\/pubeurope.com\/@es\/115636505793279495","error":""},"_links":{"self":[{"href":"https:\/\/www.europesays.com\/es\/wp-json\/wp\/v2\/posts\/263038","targetHints":{"allow":["GET"]}}],"collection":[{"href":"https:\/\/www.europesays.com\/es\/wp-json\/wp\/v2\/posts"}],"about":[{"href":"https:\/\/www.europesays.com\/es\/wp-json\/wp\/v2\/types\/post"}],"author":[{"embeddable":true,"href":"https:\/\/www.europesays.com\/es\/wp-json\/wp\/v2\/users\/2"}],"replies":[{"embeddable":true,"href":"https:\/\/www.europesays.com\/es\/wp-json\/wp\/v2\/comments?post=263038"}],"version-history":[{"count":0,"href":"https:\/\/www.europesays.com\/es\/wp-json\/wp\/v2\/posts\/263038\/revisions"}],"wp:featuredmedia":[{"embeddable":true,"href":"https:\/\/www.europesays.com\/es\/wp-json\/wp\/v2\/media\/263039"}],"wp:attachment":[{"href":"https:\/\/www.europesays.com\/es\/wp-json\/wp\/v2\/media?parent=263038"}],"wp:term":[{"taxonomy":"category","embeddable":true,"href":"https:\/\/www.europesays.com\/es\/wp-json\/wp\/v2\/categories?post=263038"},{"taxonomy":"post_tag","embeddable":true,"href":"https:\/\/www.europesays.com\/es\/wp-json\/wp\/v2\/tags?post=263038"}],"curies":[{"name":"wp","href":"https:\/\/api.w.org\/{rel}","templated":true}]}}