{"id":263040,"date":"2025-11-30T03:25:19","date_gmt":"2025-11-30T03:25:19","guid":{"rendered":"https:\/\/www.europesays.com\/es\/263040\/"},"modified":"2025-11-30T03:25:19","modified_gmt":"2025-11-30T03:25:19","slug":"atresmedia-emitira-velvet-el-nuevo-imperio-la-version-estadounidense-con-yon-gonzalez","status":"publish","type":"post","link":"https:\/\/www.europesays.com\/es\/263040\/","title":{"rendered":"Atresmedia emitir\u00e1 &#8216;Velvet: El nuevo imperio&#8217;, la versi\u00f3n estadounidense con Yon Gonz\u00e1lez"},"content":{"rendered":"<p>\n\t\t  Por <b>Fernando S. Palenzuela<\/b> |\u00a0<br \/>\n\t\t  Publicado: <b>S\u00e1bado 29 Noviembre 2025 13:32 (hace 14 horas)<\/b>\n\t\t  \t\t<\/p>\n<p><b>Nova est\u00e1 a punto de cumplir 20 a\u00f1os de emisi\u00f3n dentro del grupo de Atresmedia<\/b>, concretamente este 30 de noviembre. Por eso mismo, la compa\u00f1\u00eda est\u00e1 preparando una programaci\u00f3n especial para celebrar este logro y tiene en mente cu\u00e1l ser\u00e1 el proyecto que centrar\u00e1 este cumplea\u00f1os: <b>la emisi\u00f3n de la adaptaci\u00f3n estadounidense de &#8216;<a href=\"https:\/\/www.formulatv.com\/series\/galerias-velvet\/\" rel=\"nofollow noopener\" target=\"_blank\">Velvet<\/a>&#8216;<\/b>.<\/p>\n<p>El canal de TDT, que en los \u00faltimos a\u00f1os se ha convertido en un referente de las telenovelas en Espa\u00f1a, emitir\u00e1 &#8216;<a href=\"https:\/\/www.formulatv.com\/series\/velvet-el-nuevo-imperio\/\" rel=\"nofollow noopener\" target=\"_blank\">Velvet. El Nuevo Imperio<\/a>&#8216;, seg\u00fan informa ECD. <b>Se trata de la versi\u00f3n producida por Telemundo y NBCUniversal que cuenta con <a href=\"https:\/\/www.formulatv.com\/personas\/yon-gonzalez\/\" rel=\"nofollow noopener\" target=\"_blank\">Yon Gonz\u00e1lez<\/a> como protagonista<\/b>. La serie, que se estren\u00f3 el 19 de mayo, completa su reparto con <a href=\"https:\/\/www.formulatv.com\/personas\/samantha-siqueiros\/\" rel=\"nofollow noopener\" target=\"_blank\">Samantha Siqueiros<\/a>, <a href=\"https:\/\/www.formulatv.com\/personas\/chantal-andere\/\" rel=\"nofollow noopener\" target=\"_blank\">Chantal Andere<\/a>, <a href=\"https:\/\/www.formulatv.com\/personas\/danilo-carrera\/\" rel=\"nofollow noopener\" target=\"_blank\">Danilo Carrera<\/a> y <a href=\"https:\/\/www.formulatv.com\/personas\/humberto-zurita\/\" rel=\"nofollow noopener\" target=\"_blank\">Humberto Zurita<\/a>, entre otros.<\/p>\n<p><img loading=\"lazy\" class=\"stpi\" alt=\"Yon Gonz\u00e1lez y Carolina Miranda en 'Velvet: El nuevo imperio'\" src=\"https:\/\/www.europesays.com\/es\/wp-content\/uploads\/2025\/11\/1_jaiNegU85Lsv6xJtEP0F2R91YHczB74q3.jpg\" width=\"2000\" height=\"1300\"   decoding=\"async\"\/>Yon Gonz\u00e1lez y Carolina Miranda en &#8216;Velvet: El nuevo imperio&#8217;<\/p>\n<p>&#8216;Velvet: El nuevo imperio&#8217; est\u00e1 basado en &#8216;Velvet&#8217;, <b>la ficci\u00f3n producida por Bamb\u00fa que se emiti\u00f3 en Antena 3 durante cuatro temporadas, de 2014 a 2016<\/b>. Creada por <a href=\"https:\/\/www.formulatv.com\/personas\/ramon-campos\/\" rel=\"nofollow noopener\" target=\"_blank\">Ram\u00f3n Campos<\/a> y <a href=\"https:\/\/www.formulatv.com\/personas\/gema-neira\/\" rel=\"nofollow noopener\" target=\"_blank\">Gema R. Neira<\/a>, ten\u00eda como principales protagonistas a <a href=\"https:\/\/www.formulatv.com\/personas\/paula-echevarria\/\" rel=\"nofollow noopener\" target=\"_blank\">Paula Echevarr\u00eda<\/a> y <a href=\"https:\/\/www.formulatv.com\/personas\/miguel-angel-silvestre\/\" rel=\"nofollow noopener\" target=\"_blank\">Miguel \u00c1ngel Silvestre<\/a>, aunque el personaje de este \u00faltimo pas\u00f3 a ser recurrente en la \u00faltima tanda.<\/p>\n<p>En 2017, <b>los derechos de la serie fueron adquiridos por Movistar Plus+<\/b> para realizar la secuela &#8216;<a href=\"https:\/\/www.formulatv.com\/series\/velvet-coleccion\/\" rel=\"nofollow noopener\" target=\"_blank\">Velvet colecci\u00f3n<\/a>&#8216;, que estuvo en activo durante dos temporadas y un especial de Navidad. Esta trajo a <a href=\"https:\/\/www.formulatv.com\/personas\/marta-hazas\/\" rel=\"nofollow noopener\" target=\"_blank\">Marta Hazas<\/a>, <a href=\"https:\/\/www.formulatv.com\/personas\/javier-rey\/\" rel=\"nofollow noopener\" target=\"_blank\">Javier Rey<\/a>, <a href=\"https:\/\/www.formulatv.com\/personas\/aitana-sanchez-gijon\/\" rel=\"nofollow noopener\" target=\"_blank\">Aitana S\u00e1nchez-Gij\u00f3n<\/a>, <a href=\"https:\/\/www.formulatv.com\/personas\/asier-etxeandia\/\" rel=\"nofollow noopener\" target=\"_blank\">Asier Etxeandia<\/a>, <a href=\"https:\/\/www.formulatv.com\/personas\/llorenc-gonzalez\/\" rel=\"nofollow noopener\" target=\"_blank\">Lloren\u00e7 Gonz\u00e1lez<\/a> y <a href=\"https:\/\/www.formulatv.com\/personas\/adrian-lastra\/\" rel=\"nofollow noopener\" target=\"_blank\">Adri\u00e1n Lastra<\/a>, entre otros, <b>para retomar sus personajes<\/b>.<img loading=\"lazy\" class=\"stpi\" alt=\"Yon Gonz\u00e1lez protagoniza 'Velvet: El nuevo imperio'\" src=\"https:\/\/www.europesays.com\/es\/wp-content\/uploads\/2025\/11\/2_jaiNegU85Lsv6xJtEP0F2R91YHczB74q3.jpg\" width=\"2000\" height=\"1300\"   decoding=\"async\"\/>Yon Gonz\u00e1lez protagoniza &#8216;Velvet: El nuevo imperio&#8217;As\u00ed es &#8216;Velvet: El nuevo imperio&#8217;<\/p>\n<p>Ana Vel\u00e1zquez es una dise\u00f1adora mexicana que <b>acaba en las tiendas de Velvet de Neuva York despu\u00e9s de la muerte de su madre<\/b>. Cuando conoce a Alberto M\u00e1rquez, el heredero de las riendas espa\u00f1olas, se enamora de \u00e9l. Sin embargo, este se casa por conveniencia con Cristina Ortegui. La primera temporada de &#8216;Velvet: El nuevo imperio&#8217; <b>est\u00e1 compuesta por 92 episodios y finaliz\u00f3 el 24 de septiembre<\/b>.<\/p>\n","protected":false},"excerpt":{"rendered":"Por Fernando S. Palenzuela |\u00a0 Publicado: S\u00e1bado 29 Noviembre 2025 13:32 (hace 14 horas) Nova est\u00e1 a punto&hellip;\n","protected":false},"author":2,"featured_media":263041,"comment_status":"","ping_status":"","sticky":false,"template":"","format":"standard","meta":{"footnotes":""},"categories":[171],"tags":[146,147,25,24,23,214],"class_list":{"0":"post-263040","1":"post","2":"type-post","3":"status-publish","4":"format-standard","5":"has-post-thumbnail","7":"category-tv","8":"tag-entertainment","9":"tag-entretenimiento","10":"tag-es","11":"tag-espana","12":"tag-spain","13":"tag-tv"},"share_on_mastodon":{"url":"https:\/\/pubeurope.com\/@es\/115636517515745902","error":""},"_links":{"self":[{"href":"https:\/\/www.europesays.com\/es\/wp-json\/wp\/v2\/posts\/263040","targetHints":{"allow":["GET"]}}],"collection":[{"href":"https:\/\/www.europesays.com\/es\/wp-json\/wp\/v2\/posts"}],"about":[{"href":"https:\/\/www.europesays.com\/es\/wp-json\/wp\/v2\/types\/post"}],"author":[{"embeddable":true,"href":"https:\/\/www.europesays.com\/es\/wp-json\/wp\/v2\/users\/2"}],"replies":[{"embeddable":true,"href":"https:\/\/www.europesays.com\/es\/wp-json\/wp\/v2\/comments?post=263040"}],"version-history":[{"count":0,"href":"https:\/\/www.europesays.com\/es\/wp-json\/wp\/v2\/posts\/263040\/revisions"}],"wp:featuredmedia":[{"embeddable":true,"href":"https:\/\/www.europesays.com\/es\/wp-json\/wp\/v2\/media\/263041"}],"wp:attachment":[{"href":"https:\/\/www.europesays.com\/es\/wp-json\/wp\/v2\/media?parent=263040"}],"wp:term":[{"taxonomy":"category","embeddable":true,"href":"https:\/\/www.europesays.com\/es\/wp-json\/wp\/v2\/categories?post=263040"},{"taxonomy":"post_tag","embeddable":true,"href":"https:\/\/www.europesays.com\/es\/wp-json\/wp\/v2\/tags?post=263040"}],"curies":[{"name":"wp","href":"https:\/\/api.w.org\/{rel}","templated":true}]}}