{"id":263042,"date":"2025-11-30T03:28:09","date_gmt":"2025-11-30T03:28:09","guid":{"rendered":"https:\/\/www.europesays.com\/es\/263042\/"},"modified":"2025-11-30T03:28:09","modified_gmt":"2025-11-30T03:28:09","slug":"inter-miami-golea-jugara-la-finalisima-de-la-mls-y-sigue-el-sueno-de-busi-y-alba","status":"publish","type":"post","link":"https:\/\/www.europesays.com\/es\/263042\/","title":{"rendered":"Inter Miami golea, jugar\u00e1 la final\u00edsima de la MLS&#8230; y sigue el sue\u00f1o de &#8216;Busi&#8217; y Alba"},"content":{"rendered":"<p data-mrf-recirculation=\"Links P\u00e1rrafos\" class=\"ue-c-article__paragraph paragraph ue-c-article--first-letter-highlighted\">El I<strong>nter Miami estar\u00e1 en la final de la MLS Cup, la Liga de los Estados Unidos,<\/strong> cuyo partido final enfrentar\u00e1 el pr\u00f3ximo fin de semana al Inter contra Vancouver Whitecaps (equipo de Thomas M\u00fcller) o San Diego FC, que juegan esta misma noche la otra final de Conferencia (Oeste). <strong>La final\u00edsima ser\u00e1 en Miami&#8230; sea cual sea el rival.<\/strong><\/p>\n<p data-mrf-recirculation=\"Links P\u00e1rrafos\" class=\"ue-c-article__paragraph paragraph\">El Inter, con el tenista Carlos Alcaraz como espectador de lujo en un palco, l<strong>lega a la final\u00edsima tras superar 5-1 a partido \u00fanico este s\u00e1bado a un New York City que no pudo reponerse de los dos goles<\/strong> del argentino Allende en la primera parte. Con Leo Messi, Rodrigo De Paul, Jordi Alba y Sergio Busquets titulares (Luis Su\u00e1rez, no), &#8216;las Garzas&#8217; recibieron el 2-1 (Haak) en el 37&#8242;, y se fueron al descanso as\u00ed.<br \/>\u200b<br \/>\u200bEn la segunda parte, el meta argentino Rocco R\u00edos Novo hizo alguna parada espectacular <strong>antes de que el tambi\u00e9n argento Silvetti marcara el 3-1 a pase certero de Leo Messi, <\/strong>que sigue engordando sus estad\u00edsticas para este 2025. <strong>Alba, en el 83&#8242;, dio su segunda asistencia para el 4-1 y<\/strong> Allende puso el 5-1 con su tercer diana de la noche.<\/p>\n<p>El Inter <strong>consigue algo hist\u00f3rico, pues nunca lleg\u00f3 a una final de la MLS en su corta historia <\/strong>y afronta ahora la posibilidad de un nuevo t\u00edtulo para un Messi que busca su entorchado n\u00famero 47.<\/p>\n<p>Ese partido del <strong>pr\u00f3ximo fin de semana ya s\u00ed ser\u00e1 seguro el \u00faltimo choque de los espa\u00f1oles Jordi Alba y Sergi Busquets,<\/strong> que ya han anunciado que se retirar\u00e1n tras ese partido y el final de la campa\u00f1a para el Inter. Pero su sue\u00f1o contin\u00faa con la final de dentro de siete d\u00edas.<\/p>\n","protected":false},"excerpt":{"rendered":"El Inter Miami estar\u00e1 en la final de la MLS Cup, la Liga de los Estados Unidos, cuyo&hellip;\n","protected":false},"author":2,"featured_media":263043,"comment_status":"","ping_status":"","sticky":false,"template":"","format":"standard","meta":{"footnotes":""},"categories":[93],"tags":[168,25,24,23,167],"class_list":{"0":"post-263042","1":"post","2":"type-post","3":"status-publish","4":"format-standard","5":"has-post-thumbnail","7":"category-deportes","8":"tag-deportes","9":"tag-es","10":"tag-espana","11":"tag-spain","12":"tag-sports"},"share_on_mastodon":{"url":"https:\/\/pubeurope.com\/@es\/115636528970474357","error":""},"_links":{"self":[{"href":"https:\/\/www.europesays.com\/es\/wp-json\/wp\/v2\/posts\/263042","targetHints":{"allow":["GET"]}}],"collection":[{"href":"https:\/\/www.europesays.com\/es\/wp-json\/wp\/v2\/posts"}],"about":[{"href":"https:\/\/www.europesays.com\/es\/wp-json\/wp\/v2\/types\/post"}],"author":[{"embeddable":true,"href":"https:\/\/www.europesays.com\/es\/wp-json\/wp\/v2\/users\/2"}],"replies":[{"embeddable":true,"href":"https:\/\/www.europesays.com\/es\/wp-json\/wp\/v2\/comments?post=263042"}],"version-history":[{"count":0,"href":"https:\/\/www.europesays.com\/es\/wp-json\/wp\/v2\/posts\/263042\/revisions"}],"wp:featuredmedia":[{"embeddable":true,"href":"https:\/\/www.europesays.com\/es\/wp-json\/wp\/v2\/media\/263043"}],"wp:attachment":[{"href":"https:\/\/www.europesays.com\/es\/wp-json\/wp\/v2\/media?parent=263042"}],"wp:term":[{"taxonomy":"category","embeddable":true,"href":"https:\/\/www.europesays.com\/es\/wp-json\/wp\/v2\/categories?post=263042"},{"taxonomy":"post_tag","embeddable":true,"href":"https:\/\/www.europesays.com\/es\/wp-json\/wp\/v2\/tags?post=263042"}],"curies":[{"name":"wp","href":"https:\/\/api.w.org\/{rel}","templated":true}]}}