{"id":263048,"date":"2025-11-30T03:33:08","date_gmt":"2025-11-30T03:33:08","guid":{"rendered":"https:\/\/www.europesays.com\/es\/263048\/"},"modified":"2025-11-30T03:33:08","modified_gmt":"2025-11-30T03:33:08","slug":"mas-de-150-denuncias-por-agresion-sexual-contra-un-ginecologo-belga-la-voz-de-galicia","status":"publish","type":"post","link":"https:\/\/www.europesays.com\/es\/263048\/","title":{"rendered":"M\u00e1s de 150 denuncias por agresi\u00f3n sexual contra un ginec\u00f3logo belga &#8211; La Voz de Galicia"},"content":{"rendered":"<ol>\n<li><a href=\"https:\/\/news.google.com\/rss\/articles\/CBMi1gFBVV95cUxNc2lyUFNPMGF1SmRvWjlpZGR4UTliYWwyd2Jvb3hqTlE3ZHp6SzBUYzBleUtUMXNOVVNGVUt1VWxsNGZ5d1A3c050cnZaa0ZqT3lueUVLTGw3ckVHNHV6Sy1JMFNkZEdUTVpqUHFmT1N5RGpPcm90Z2ZfaWxyUEU3ZU1IVWZheUhjUHVqTE1FcFE1NUVVekZPUkhKa29ZV3FFM3FmY2FnaEVnSF9NVmJZTTlrbXlxZHduUWwydF9GcWg1UDdybmtGOHBJOWU2ak9EZEx6MzZR0gHyAUFVX3lxTE52V1dzMmR3ZmtHUzNBV2hjVGdoVGViQzdyMUFocDctaFR1djlQLVROYzVBemQzRnllWnJZek9KYmVTRDVRb0dIU253S3BMZFM0T0tUTlF1ZDFhRlllUXRrN1EyY0daMm10NG9wQlZLZjhRc2tNTExfNlJoSmduVWQzeE91Y1FTQVRyRDh1ZUdFcHFmWlFTUTQtLWdDYVNFaWd0amNoUG5wTm8zMEs0aldZQ09yNHVmU1FKTG1uSWt1R0ZVcDFSNXB4UktuQklvTG9pZzZqdnhtWkNwWkFJbUxDQWpDMS1NcTM2cG1uUU11dWtR?oc=5\" target=\"_blank\" rel=\"nofollow noopener\">M\u00e1s de 150 denuncias por agresi\u00f3n sexual contra un ginec\u00f3logo belga<\/a>&nbsp;&nbsp;La Voz de Galicia<\/li>\n<li><a href=\"https:\/\/news.google.com\/rss\/articles\/CBMi3wFBVV95cUxNWXJQRnUzbXZ3UFk3dHJEcVlzSDVnRVdVcmY2NmJVMkxHdTJ2TGlGWnJHMnM5ZkQtbE54Y3JDU3JXU3N0ZkVsY0E5RWVvUHVXbVk0YTJ1QkhYYVV4OFpqb0gzcnpscUppc0VJekpLazMyWGlaWHRqczNCd0stQlFsVDAtLWk2d05Kb1BUVlNJd29KZ2IzNlpqUTd2MnI0XzlrRW1XU3p6RFNudW9xaFh5LVdxSVRDREFpOWE4OHVrbFl5X3FUMC1JSGg4NVZrQ212blY2dU9TV0MtODR5OTE0?oc=5\" target=\"_blank\" rel=\"nofollow noopener\">Un ginec\u00f3logo recibe m\u00e1s de 150 denuncias por agresiones sexuales a sus pacientes<\/a>&nbsp;&nbsp;Antena 3<\/li>\n<li><a href=\"https:\/\/news.google.com\/rss\/articles\/CBMi2gFBVV95cUxOajhUd3dUZjRHZ3JQRl95eEZYWnRCVFRlLWludnJyYkNFaWEtTzh3Skg0dk9hMUltWHNSZ0RaaVk1ZHlxRXJ1VEotY0tkUHJSS0s4Nm5Xc2N1X1doeWZ2TTFnbGtNR0ViNGJ4dTRLMEhKQzRpMjd3YVBIMm5vVzJCQ1EzRlhJdlVya0dlQWhkX0F4RWpLNXBzcXpWUGk4aUlpOVc1YkdCNFpjeTlFdnRZY3pSMWFpcjlReXYzc3RDVXQ1SHdCU25wMG4yMFYwUHVJN01PcUtLcGN2Zw?oc=5\" target=\"_blank\" rel=\"nofollow noopener\">Un ginec\u00f3logo belga, investigado por agresi\u00f3n sexual tras un volumen de denuncias \u00absin precedentes\u00bb<\/a>&nbsp;&nbsp;tribunazamora.com<\/li>\n<li><a href=\"https:\/\/news.google.com\/rss\/articles\/CBMijgFBVV95cUxQcC1TdzcxdDJOQ0pudXB0c0dHNjRfWnhlWlV1V0dWbnVaczFrdVRDMjZYZGw4SWhfQ0ZUTUZxaWdGSVZEc081bHFrTjVzTUVDSFFjWE8wMnVTZWdFTFJOVllkVGFXS0RMa3dISDZJdHRBUXNUYzVvekVyUHQxaFBvS24yN1d4bDR0VEhOQ2ZR0gGTAUFVX3lxTFBEeU1mZ2FDZUNLQmJMd3JxSS1WSlotdW5icEd3WFJGZ3JSS1pqMUdqS09EX2twUXNUaldUM1c0YjBwOFdGOXBwSDVyeW5uazRVeUk0UEo5cTNoRUFjN21TR1VXTzBNN2NrSXhwV1VtbS1vNDVfQ043ZV91YjBXMDR5aVk5cDlPTVh2SUk2NDVJanNMaw?oc=5\" target=\"_blank\" rel=\"nofollow noopener\">M\u00e1s de 150 denuncias contra un ginec\u00f3logo belga investigado por agresi\u00f3n sexual: \u00abEl tel\u00e9fono no para de sonar\u00bb<\/a>&nbsp;&nbsp;El Progreso de Lugo<\/li>\n<\/ol>\n","protected":false},"excerpt":{"rendered":"M\u00e1s de 150 denuncias por agresi\u00f3n sexual contra un ginec\u00f3logo belga&nbsp;&nbsp;La Voz de Galicia Un ginec\u00f3logo recibe m\u00e1s&hellip;\n","protected":false},"author":2,"featured_media":263049,"comment_status":"","ping_status":"","sticky":false,"template":"","format":"standard","meta":{"footnotes":""},"categories":[42],"tags":[13810,3171,17,18,13,14,11,61,62,63,64,19,20,9,10,15,16,12,21,22,65,66,67],"class_list":{"0":"post-263048","1":"post","2":"type-post","3":"status-publish","4":"format-standard","5":"has-post-thumbnail","7":"category-internacional","8":"tag-abusos-sexuales","9":"tag-belgica","10":"tag-breaking-news","11":"tag-breakingnews","12":"tag-featured-news","13":"tag-featurednews","14":"tag-headlines","15":"tag-internacional","16":"tag-international","17":"tag-international-news","18":"tag-internationalnews","19":"tag-latest-news","20":"tag-latestnews","21":"tag-news","22":"tag-noticias","23":"tag-noticias-destacadas","24":"tag-noticiasdestacadas","25":"tag-titulares","26":"tag-ultimas-noticias","27":"tag-ultimasnoticias","28":"tag-world","29":"tag-world-news","30":"tag-worldnews"},"share_on_mastodon":{"url":"https:\/\/pubeurope.com\/@es\/115636548704293911","error":""},"_links":{"self":[{"href":"https:\/\/www.europesays.com\/es\/wp-json\/wp\/v2\/posts\/263048","targetHints":{"allow":["GET"]}}],"collection":[{"href":"https:\/\/www.europesays.com\/es\/wp-json\/wp\/v2\/posts"}],"about":[{"href":"https:\/\/www.europesays.com\/es\/wp-json\/wp\/v2\/types\/post"}],"author":[{"embeddable":true,"href":"https:\/\/www.europesays.com\/es\/wp-json\/wp\/v2\/users\/2"}],"replies":[{"embeddable":true,"href":"https:\/\/www.europesays.com\/es\/wp-json\/wp\/v2\/comments?post=263048"}],"version-history":[{"count":0,"href":"https:\/\/www.europesays.com\/es\/wp-json\/wp\/v2\/posts\/263048\/revisions"}],"wp:featuredmedia":[{"embeddable":true,"href":"https:\/\/www.europesays.com\/es\/wp-json\/wp\/v2\/media\/263049"}],"wp:attachment":[{"href":"https:\/\/www.europesays.com\/es\/wp-json\/wp\/v2\/media?parent=263048"}],"wp:term":[{"taxonomy":"category","embeddable":true,"href":"https:\/\/www.europesays.com\/es\/wp-json\/wp\/v2\/categories?post=263048"},{"taxonomy":"post_tag","embeddable":true,"href":"https:\/\/www.europesays.com\/es\/wp-json\/wp\/v2\/tags?post=263048"}],"curies":[{"name":"wp","href":"https:\/\/api.w.org\/{rel}","templated":true}]}}