{"id":263050,"date":"2025-11-30T03:34:15","date_gmt":"2025-11-30T03:34:15","guid":{"rendered":"https:\/\/www.europesays.com\/es\/263050\/"},"modified":"2025-11-30T03:34:15","modified_gmt":"2025-11-30T03:34:15","slug":"mas-de-4-800-opositores-se-presentan-este-sabado-a-1-000-plazas-de-funcionarios-locales-con-validez-nacional","status":"publish","type":"post","link":"https:\/\/www.europesays.com\/es\/263050\/","title":{"rendered":"M\u00e1s de 4.800 opositores se presentan este s\u00e1bado a 1.000 plazas de funcionarios locales con validez nacional"},"content":{"rendered":"<p><img id=\"fotoPrincipalNoticia\" src=\"https:\/\/www.europesays.com\/es\/wp-content\/uploads\/2025\/11\/fotonoticia_20251129081851_690.jpg\" loading=\"eager\" decoding=\"async\" style=\"view-transition-name: fechor_20251129081851;\" border=\"0\" alt=\"Archivo - Examen de oposiciones en Asturias.\" fetchpriority=\"high\" title=\"M\u00e1s de 4.800 opositores se presentan este s\u00e1bado a 1.000 plazas de funcionarios locales con validez nacional\" width=\"690\" height=\"449\" itemprop=\"image\"\/><\/p>\n<p>Archivo &#8211; Examen de oposiciones en Asturias. &#8211; GOBIERNO DE ASTURIAS &#8211; Archivo<\/p>\n<p>   MADRID, 29 Nov. (EUROPA PRESS) &#8211; <\/p>\n<p>   Un total de 4.853 personas est\u00e1n convocadas a los ex\u00e1menes que se realizar\u00e1n este s\u00e1bado 29 de noviembre, para aspirar a las 1.000 plazas de funcionarios de la Administraci\u00f3n local con habilitaci\u00f3n de car\u00e1cter nacional, correspondientes a la oferta de empleo p\u00fablico extraordinaria y adicional, seg\u00fan ha informado el Ministerio de Funci\u00f3n P\u00fablica en un comunicado.<\/p>\n<p>    Estos procesos se caracterizan por que las convocatorias recogen el reparto de las plazas de manera proporcional al n\u00famero de vacantes de dichas escalas en cada comunidad aut\u00f3noma. El reparto es de 584 plazas para secretarios-interventores, 102 para secretarios y 314 para interventores-tesoreros.<\/p>\n<p>   El Gobierno autoriz\u00f3 esta oferta extraordinaria con el fin de garantizar el \u00abeficaz\u00bb desempe\u00f1o de las funciones reservadas en las entidades locales.<\/p>\n<p>    Para canalizar la territorializaci\u00f3n se negoci\u00f3 con todas las comunidades aut\u00f3nomas y finalmente se suscribi\u00f3 un convenio de colaboraci\u00f3n interadministrativa con Canarias, Castilla la Mancha y Catalu\u00f1a.<\/p>\n<p>    Este convenio les permite, por primera vez, desarrollar todo el proceso selectivo, tanto las pruebas de acceso como el curso, en sus sedes auton\u00f3micas.<\/p>\n<p>   Estas pruebas se celebrar\u00e1n el 29 de noviembre a las 10 horas (9 horas en Canarias) en cuatro sedes provinciales: Barcelona, Madrid, Santa Cruz de Tenerife y Toledo.<\/p>\n","protected":false},"excerpt":{"rendered":"Archivo &#8211; Examen de oposiciones en Asturias. &#8211; GOBIERNO DE ASTURIAS &#8211; Archivo MADRID, 29 Nov. (EUROPA PRESS)&hellip;\n","protected":false},"author":2,"featured_media":263051,"comment_status":"","ping_status":"","sticky":false,"template":"","format":"standard","meta":{"footnotes":""},"categories":[8],"tags":[17,18,25,24,13,14,11,19,20,9,10,15,16,23,12,21,22],"class_list":{"0":"post-263050","1":"post","2":"type-post","3":"status-publish","4":"format-standard","5":"has-post-thumbnail","7":"category-espana","8":"tag-breaking-news","9":"tag-breakingnews","10":"tag-es","11":"tag-espana","12":"tag-featured-news","13":"tag-featurednews","14":"tag-headlines","15":"tag-latest-news","16":"tag-latestnews","17":"tag-news","18":"tag-noticias","19":"tag-noticias-destacadas","20":"tag-noticiasdestacadas","21":"tag-spain","22":"tag-titulares","23":"tag-ultimas-noticias","24":"tag-ultimasnoticias"},"share_on_mastodon":{"url":"https:\/\/pubeurope.com\/@es\/115636552963950419","error":""},"_links":{"self":[{"href":"https:\/\/www.europesays.com\/es\/wp-json\/wp\/v2\/posts\/263050","targetHints":{"allow":["GET"]}}],"collection":[{"href":"https:\/\/www.europesays.com\/es\/wp-json\/wp\/v2\/posts"}],"about":[{"href":"https:\/\/www.europesays.com\/es\/wp-json\/wp\/v2\/types\/post"}],"author":[{"embeddable":true,"href":"https:\/\/www.europesays.com\/es\/wp-json\/wp\/v2\/users\/2"}],"replies":[{"embeddable":true,"href":"https:\/\/www.europesays.com\/es\/wp-json\/wp\/v2\/comments?post=263050"}],"version-history":[{"count":0,"href":"https:\/\/www.europesays.com\/es\/wp-json\/wp\/v2\/posts\/263050\/revisions"}],"wp:featuredmedia":[{"embeddable":true,"href":"https:\/\/www.europesays.com\/es\/wp-json\/wp\/v2\/media\/263051"}],"wp:attachment":[{"href":"https:\/\/www.europesays.com\/es\/wp-json\/wp\/v2\/media?parent=263050"}],"wp:term":[{"taxonomy":"category","embeddable":true,"href":"https:\/\/www.europesays.com\/es\/wp-json\/wp\/v2\/categories?post=263050"},{"taxonomy":"post_tag","embeddable":true,"href":"https:\/\/www.europesays.com\/es\/wp-json\/wp\/v2\/tags?post=263050"}],"curies":[{"name":"wp","href":"https:\/\/api.w.org\/{rel}","templated":true}]}}