{"id":263052,"date":"2025-11-30T03:35:16","date_gmt":"2025-11-30T03:35:16","guid":{"rendered":"https:\/\/www.europesays.com\/es\/263052\/"},"modified":"2025-11-30T03:35:16","modified_gmt":"2025-11-30T03:35:16","slug":"ha-sido-una-persona-nefasta","status":"publish","type":"post","link":"https:\/\/www.europesays.com\/es\/263052\/","title":{"rendered":"Ha sido una persona nefasta"},"content":{"rendered":"<p class=\"article-text\">\n        Una nueva manifestaci\u00f3n contra la gesti\u00f3n de la dana ha recorrido este s\u00e1bado las principales calles del centro de Val\u00e8ncia para exigir al recientemente dimitido Carlos Maz\u00f3n que deje su acta de diputado en Les Corts y se ponga a disposici\u00f3n de la jueza de Catarroja.\n    <\/p>\n<p class=\"article-text\">\n        Con un cambio de itinerario respecto a la petici\u00f3n inicial de los convocantes, la marcha bajo el lema &#8216;Maz\u00f3n a pres\u00f3&#8217; se ha iniciado en la calle Barcas con Poeta Querol, en la zona m\u00e1s comercial de la ciudad, que este s\u00e1bado se encuentra abarrotada de gente por las compras y el ambiente navide\u00f1o, y ha concluido en la Porta de la Mar.\n    <\/p>\n<p class=\"article-text\">\n        En esta ocasi\u00f3n, trece meses despu\u00e9s de la dana del 29 de octubre de 2024 que caus\u00f3 229 v\u00edctimas mortales, la protesta rinde homenaje a las personas fallecidas, a los afectados y \u201ca todas aquellas que se han solidarizado movidas por la empat\u00eda y el apoyo mutuo para tratar de sacar al pueblo valenciano del fango\u201d.\n    <\/p>\n<p class=\"article-text\">\n        Est\u00e1 convocada, como las anteriores, por m\u00e1s de 200 entidades c\u00edvicas, sociales y sindicales, junto a asociaciones de v\u00edctimas, los Comit\u00e9s Locals d&#8217;Emergencia i Reconstrucci\u00f3 (CLER) y l&#8217;Acord Social Valenci\u00e0, y por primera vez se ha sumado la Asociaci\u00f3n de Damnificados Horta Sud.\n    <\/p>\n<p class=\"article-text\">\n        Antes del inicio de la marcha, encabezada por familiares de las v\u00edctimas, los asistentes han vuelto a reclamar que Maz\u00f3n deje su acta de diputado, y en consecuencia de estar aforado, y que acuda a declarar al juzgado de Catarroja.\n    <\/p>\n<p class=\"article-text\">\n        La manifestaci\u00f3n ha comenzado con consignas de &#8216;Maz\u00f3n a pres\u00f3, Consell dimissi\u00f3&#8217;, exigiendo que Maz\u00f3n entregue su acta de diputado y acuda a prestar declaraci\u00f3n al juzgado porque \u201c\u00e9l y todo su Consell han de asumir su responsabilidad\u201d, seg\u00fan ha recogido el manifiesto de la protesta.\n    <\/p>\n<p class=\"article-text\">\n        Otras consignas han sido &#8216;Maz\u00f3n criminal&#8217;, &#8216;Maz\u00f3n mentir\u00f3s, del Ventorro a la pres\u00f3&#8217; o &#8216;Llorca i Maz\u00f3n, la mateixa merda s\u00f3n&#8217;, y tambi\u00e9n se han exhibido unas figuras de grandes dimensiones con los rostros de Maz\u00f3n vestido de preso y P\u00e9rez Llorca, ambos con las manos manchadas de sangre.\n    <\/p>\n<p class=\"article-text\">\n        Portavoces de las asociaciones de v\u00edctimas mortales y de afectados han pedido la dimisi\u00f3n del Gobierno valenciano, \u201clos 160 altos cargos que aplaudieron a Maz\u00f3n en el Palau de la Generalitat el d\u00eda del funeral de Estado por los 229 fallecidos\u201d, y han asegurado que no parar\u00e1n hasta saber la verdad de lo que sucedi\u00f3 el d\u00eda de la dana, el expresident \u201cacabe en prisi\u00f3n\u201d y el Consell dimita por \u201clas negligencias continuas y que contin\u00faan manteniendo\u201d, seg\u00fan Maril\u00f3 Gradol\u00ed y To\u00f1i Garc\u00eda, de la Associaci\u00f3 de V\u00edctimes de la dana 29 d&#8217;octubre.\n    <\/p>\n<p class=\"article-text\">\n        La presidenta de la Asociacion de V\u00edctimas Mortales de la dana 29-0, Rosa \u00c1lvarez, ha manifestado que el perd\u00f3n a las v\u00edctimas anunciado por el investido president de la Generalitat, Juanfran P\u00e9rez Llorca, \u201cse quedar\u00e1 en un brindis al sol si no hay asunci\u00f3n de responsabilidades por la muerte de nuestros familiares\u201d.\n    <\/p>\n<p class=\"article-text\">\n        Ha considerado que las formas de P\u00e9rez Llorca son \u201cmejores\u201d que las de Maz\u00f3n, del que ha dicho que es \u201cuna persona nefasta\u201d, si bien ha expresado su preocupaci\u00f3n por algunas de las propuestas pol\u00edticas anunciadas en su investidura, como la continuidad de la central nuclear de Cofrentes, las pol\u00edticas de cribado de c\u00e1ncer de mama o hacia los migrantes.\n    <\/p>\n<p class=\"article-text\">\n        Desde la Asociaci\u00f3n de Damnificados Horta Sud, su portavoz, Noelia Pascual Cruz, ha lamentado que un a\u00f1o y un mes despu\u00e9s de la dana \u201cestamos igual que al principio: no se ha hecho pr\u00e1cticamente nada en reconstrucci\u00f3n, ayudas y apoyo\u201d.\n    <\/p>\n<p class=\"article-text\">\n        En el manifiesto del final de la marcha, los convocantes se han congratulado por haber \u201checho dimitir\u201d a Maz\u00f3n, pero han lamentado que \u00e9ste \u201csiga mintiendo\u201d en sus intervenciones p\u00fablicas y que \u201cs\u00f3lo se sepa lo que pas\u00f3 a golpe de auto judicial y gracias al trabajo de investigaci\u00f3n de la prensa\u201d.\n    <\/p>\n<p class=\"article-text\">\n        Adem\u00e1s, han asegurado que el nuevo gobierno de P\u00e9rez Llorca es continuista \u201cde las pol\u00edticas que niegan el cambio clim\u00e1tico, ignoran los informes cient\u00edficos y promueven la especulaci\u00f3n y la construcci\u00f3n desmesurada, dejando m\u00e1s expuesta a la poblaci\u00f3n\u201d, al tiempo que han denunciado que \u201ctodav\u00eda hay colegios que no han recuperado la normalidad y faltan viviendas para los afectados\u201d.\n    <\/p>\n<p>    <a href=\"https:\/\/www.eldiario.es\/comunitat-valenciana\/miles-personas-llenan-calles-valencia-ano-despues-dana-exigir-justicia-reparacion_1_12713396.html\" data-mrf-recirculation=\"saber-mas-abajo\" data-dl-event=\"saber-mas-abajo\" rel=\"nofollow noopener\" target=\"_blank\"><\/p>\n<p class=\"know-more__title\">El grito que no cesa: m\u00e1s de 50.000 personas exigen a Maz\u00f3n responsabilidades pol\u00edticas un a\u00f1o despu\u00e9s de la dana<\/p>\n<p>            <img decoding=\"async\" class=\"lazy\" loading=\"lazy\" data-src=\"https:\/\/static.eldiario.es\/clip\/e6ecdd9a-dfed-4a2b-90b1-801ddc7f41ce_16-9-aspect-ratio_default_0_x940y480.jpg\" src=\"data:image\/svg+xml,%3Csvg xmlns=\" http:=\"\" viewbox=\"0 0 880 495\" alt=\"El grito que no cesa: m\u00e1s de 50.000 personas exigen a Maz\u00f3n responsabilidades pol\u00edticas un a\u00f1o despu\u00e9s de la dana\"\/><\/p>\n<p>                        <\/a><\/p>\n<p class=\"article-text\">\n        Seg\u00fan la Delegaci\u00f3n del Gobierno en la manifestaci\u00f3n han participado m\u00e1s de 2.000 personas.\n    <\/p>\n","protected":false},"excerpt":{"rendered":"Una nueva manifestaci\u00f3n contra la gesti\u00f3n de la dana ha recorrido este s\u00e1bado las principales calles del centro&hellip;\n","protected":false},"author":2,"featured_media":263053,"comment_status":"","ping_status":"","sticky":false,"template":"","format":"standard","meta":{"footnotes":""},"categories":[5],"tags":[517,2206,1705,17,18,3965,242,25,24,13,14,11,1667,19,20,9,10,15,16,1925,23,12,21,22,235],"class_list":{"0":"post-263052","1":"post","2":"type-post","3":"status-publish","4":"format-standard","5":"has-post-thumbnail","7":"category-titulares","8":"tag-actualidad","9":"tag-alicante","10":"tag-analisis","11":"tag-breaking-news","12":"tag-breakingnews","13":"tag-castellon","14":"tag-comunidad-valenciana","15":"tag-es","16":"tag-espana","17":"tag-featured-news","18":"tag-featurednews","19":"tag-headlines","20":"tag-informacion","21":"tag-latest-news","22":"tag-latestnews","23":"tag-news","24":"tag-noticias","25":"tag-noticias-destacadas","26":"tag-noticiasdestacadas","27":"tag-opinion","28":"tag-spain","29":"tag-titulares","30":"tag-ultimas-noticias","31":"tag-ultimasnoticias","32":"tag-valencia"},"share_on_mastodon":{"url":"https:\/\/pubeurope.com\/@es\/115636556451924826","error":""},"_links":{"self":[{"href":"https:\/\/www.europesays.com\/es\/wp-json\/wp\/v2\/posts\/263052","targetHints":{"allow":["GET"]}}],"collection":[{"href":"https:\/\/www.europesays.com\/es\/wp-json\/wp\/v2\/posts"}],"about":[{"href":"https:\/\/www.europesays.com\/es\/wp-json\/wp\/v2\/types\/post"}],"author":[{"embeddable":true,"href":"https:\/\/www.europesays.com\/es\/wp-json\/wp\/v2\/users\/2"}],"replies":[{"embeddable":true,"href":"https:\/\/www.europesays.com\/es\/wp-json\/wp\/v2\/comments?post=263052"}],"version-history":[{"count":0,"href":"https:\/\/www.europesays.com\/es\/wp-json\/wp\/v2\/posts\/263052\/revisions"}],"wp:featuredmedia":[{"embeddable":true,"href":"https:\/\/www.europesays.com\/es\/wp-json\/wp\/v2\/media\/263053"}],"wp:attachment":[{"href":"https:\/\/www.europesays.com\/es\/wp-json\/wp\/v2\/media?parent=263052"}],"wp:term":[{"taxonomy":"category","embeddable":true,"href":"https:\/\/www.europesays.com\/es\/wp-json\/wp\/v2\/categories?post=263052"},{"taxonomy":"post_tag","embeddable":true,"href":"https:\/\/www.europesays.com\/es\/wp-json\/wp\/v2\/tags?post=263052"}],"curies":[{"name":"wp","href":"https:\/\/api.w.org\/{rel}","templated":true}]}}