{"id":263054,"date":"2025-11-30T03:40:23","date_gmt":"2025-11-30T03:40:23","guid":{"rendered":"https:\/\/www.europesays.com\/es\/263054\/"},"modified":"2025-11-30T03:40:23","modified_gmt":"2025-11-30T03:40:23","slug":"italia-termina-con-el-sueno-de-espana-en-la-davis-y-levanta-su-tercera-ensaladera-consecutiva","status":"publish","type":"post","link":"https:\/\/www.europesays.com\/es\/263054\/","title":{"rendered":"Italia termina con el sue\u00f1o de Espa\u00f1a en la Davis y levanta su tercera ensaladera consecutiva"},"content":{"rendered":"<p>La selecci\u00f3n italiana de tenis se ha coronado <b>campeona de la Copa Davis 2025<\/b> tras doblegar a la Armada Espa\u00f1ola con las victorias en individuales de <b>Berrettini sobre Carre\u00f1o y Cobolli ante Munar<\/b>. El equipo capitaneado por David Ferrer se queda a las puertas de la s\u00e9ptima ensaladera y pierde su quinta final de la historia, ronda que no pisaba desde 2019. Alcaraz y Davidovich terminaron ech\u00e1ndose de menos. Italia, por su parte, levanta la cuarta Davis de su historia y la tercera consecutiva <b>sin haber cedido un solo partido en toda la fase final<\/b>.<\/p>\n<p>Tercera seguida de Italia, que no perdi\u00f3 un solo partido<\/p>\n<p>Esta vez, a diferencia de la eliminatoria de semifinales, <b>Carre\u00f1o claudic\u00f3 ante un gran Berrettini, <\/b>quien domin\u00f3 con su saque (<b>13 aces<\/b>, 82% ganados con primer saque y 70% con el segundo) y que no afront\u00f3 ni una sola bola de break en contra. El asturiano intent\u00f3 provocar los errores del italiano, pero lejos de cometerlos estuvo <b>brillante en ataque<\/b> (21 winners por ocho de Pablo) y adem\u00e1s sum\u00f3 cuatro errores no forzados menos que su rival.<\/p>\n<p>El \u00faltimo milagro fue imposible<\/p>\n<p>Le tocaba as\u00ed el turno a <b>Jaume Munar<\/b>, que salv\u00f3 los papeles ante la Rep\u00fablica Checa y ven\u00eda de caer en dos tie-breaks ante Zverev. El mallorqu\u00edn firm\u00f3 un primer set simplemente sublime (6-1), donde <b>salv\u00f3 cinco bolas de breaks <\/b>y endos\u00f3 dos roturas a Cobolli. Igual de bien empez\u00f3 el segundo parcial (break arriba), pero poco tard\u00f3 en llegar la reacci\u00f3n del italiano y de la grada, que jaleaba los pocos errores de Jaume y los ganadores de su jugador, que iba entrando en calor poco a poco. Entre medias y con bola de rotura en contra del espa\u00f1ol se par\u00f3 el partido nueve minutos por la atenci\u00f3n sanitaria a un aficionado. El set termin\u00f3 y\u00e9ndose al tie-break y aqu\u00ed se impuso por <b>7-5 el transalpino en 1h30 de juego<\/b>. En el tercero y definitivo, la inercia y la valent\u00eda de Flavio se impuso a la defensa del espa\u00f1ol, que se fue diluyendo poco a poco y al que le falt\u00f3 acierto en los primeros saques y algo m\u00e1s de agresividad.<\/p>\n<p>El hist\u00f3rico camino de Espa\u00f1a hacia la final<\/p>\n<p>A pesar de que no se levant\u00f3 el t\u00edtulo, el camino hacia la final ha dejado una impronta y <b>un ejemplo de supervivencia, trabajo en equipo y fe ante las adversidades<\/b>. El primer paso lo dio ante Suiza en 1\u00ba ronda, eliminatoria que venci\u00f3 sin mayores problemas por 3-1. Esto fue en febrero, pues seis meses despu\u00e9s, ante Dinamarca en segunda ronda (octavos de final), <b>lleg\u00f3 a estar 0-2 en el global de la eliminatoria<\/b> y en el partido de dobles perdi\u00f3 el primer set por 6-1, pero Munar y Mart\u00ednez reaccionaron a tiempo (6-3 y 6-2). Despu\u00e9s, el propio Pedro <b>dobleg\u00f3 a Holger Rune<\/b> y Carre\u00f1o hizo lo propio para sellar el pase venciendo al joven Moller.<\/p>\n<p>Ya en la fase final en Bolonia, la primera toma de contacto ante <b>Rep\u00fablica Checa comenz\u00f3 torcida<\/b>, Carre\u00f1o perdi\u00f3 ante un gran Mensik, pero al rescate volvi\u00f3 a llegar Munar para deshacerse de Lehecka y ya en los dobles Pedro Mart\u00ednez y Marcel Granollers firmaron el pase a semifinales en dos competid\u00edsimos tie-breaks, 7-6 (8) y 7-6 (8).<\/p>\n<p>En el pen\u00faltimo escal\u00f3n esperaba la <b>Alemania <\/b>de Zverev, que igual\u00f3 la serie venciendo a Munar en dos desempates tras la victoria de Carre\u00f1o ante Struff, y, de nuevo, la &#8216;pareja de moda en Espa\u00f1a&#8217; super\u00f3 a los tambi\u00e9n especialistas Krawietz y Puetz en tres sets (6-2, 3-6 y 6-3).<\/p>\n<p>En 2026, Espa\u00f1a ser\u00e1 favorita s\u00ed o s\u00ed<\/p>\n<p>Espa\u00f1a perdi\u00f3 este domingo la quinta final de Copa Davis de su historia: 1965, 1967, 2003, 2012 y 2025, pero en 2026 ser\u00e1, sin lugar a dudas, una de las grandes favoritas, sobre todo si finalmente Alcaraz est\u00e1 listo para competir al m\u00e1s alto nivel y el mejor Davidovich tambi\u00e9n se sube al barco sea cual sea su papel.<\/p>\n<p>S\u00edguenos en nuestro <a title=\"canal de WhatsApp\" href=\"https:\/\/www.whatsapp.com\/channel\/0029Va6BhYH2phHPnlatwW3b\" target=\"_blank\" rel=\"nofollow noopener\"><strong>canal de WhatsApp<\/strong><\/a> y no te pierdas la \u00faltima hora y toda la actualidad en nuestro <b><a title=\"perfil de Google\" href=\"https:\/\/profile.google.com\/cp\/CgovbS8wMngwNnFy\" target=\"_blank\" rel=\"nofollow noopener\">perfil de Google<\/a>.<\/b><\/p>\n<p>   <img decoding=\"async\" title=\"Kylian Mbapp\u00e9 celebra uno de sus goles a Olympiacos\" alt=\"Kylian Mbapp\u00e9 celebra uno de sus goles a Olympiacos\" width=\"480\" height=\"270\" src=\"https:\/\/www.europesays.com\/es\/wp-content\/uploads\/2025\/11\/kylian-mbappe-celebra-uno-sus-goles-olympiacos_70.jpg\" loading=\"lazy\" class=\"lazy\"\/><\/p>\n","protected":false},"excerpt":{"rendered":"La selecci\u00f3n italiana de tenis se ha coronado campeona de la Copa Davis 2025 tras doblegar a la&hellip;\n","protected":false},"author":2,"featured_media":263055,"comment_status":"","ping_status":"","sticky":false,"template":"","format":"standard","meta":{"footnotes":""},"categories":[274],"tags":[168,25,24,23,167,327,326],"class_list":{"0":"post-263054","1":"post","2":"type-post","3":"status-publish","4":"format-standard","5":"has-post-thumbnail","7":"category-tenis","8":"tag-deportes","9":"tag-es","10":"tag-espana","11":"tag-spain","12":"tag-sports","13":"tag-tenis","14":"tag-tennis"},"share_on_mastodon":{"url":"https:\/\/pubeurope.com\/@es\/115636576397835253","error":""},"_links":{"self":[{"href":"https:\/\/www.europesays.com\/es\/wp-json\/wp\/v2\/posts\/263054","targetHints":{"allow":["GET"]}}],"collection":[{"href":"https:\/\/www.europesays.com\/es\/wp-json\/wp\/v2\/posts"}],"about":[{"href":"https:\/\/www.europesays.com\/es\/wp-json\/wp\/v2\/types\/post"}],"author":[{"embeddable":true,"href":"https:\/\/www.europesays.com\/es\/wp-json\/wp\/v2\/users\/2"}],"replies":[{"embeddable":true,"href":"https:\/\/www.europesays.com\/es\/wp-json\/wp\/v2\/comments?post=263054"}],"version-history":[{"count":0,"href":"https:\/\/www.europesays.com\/es\/wp-json\/wp\/v2\/posts\/263054\/revisions"}],"wp:featuredmedia":[{"embeddable":true,"href":"https:\/\/www.europesays.com\/es\/wp-json\/wp\/v2\/media\/263055"}],"wp:attachment":[{"href":"https:\/\/www.europesays.com\/es\/wp-json\/wp\/v2\/media?parent=263054"}],"wp:term":[{"taxonomy":"category","embeddable":true,"href":"https:\/\/www.europesays.com\/es\/wp-json\/wp\/v2\/categories?post=263054"},{"taxonomy":"post_tag","embeddable":true,"href":"https:\/\/www.europesays.com\/es\/wp-json\/wp\/v2\/tags?post=263054"}],"curies":[{"name":"wp","href":"https:\/\/api.w.org\/{rel}","templated":true}]}}