{"id":263056,"date":"2025-11-30T03:43:21","date_gmt":"2025-11-30T03:43:21","guid":{"rendered":"https:\/\/www.europesays.com\/es\/263056\/"},"modified":"2025-11-30T03:43:21","modified_gmt":"2025-11-30T03:43:21","slug":"estos-son-los-numeros-de-chris-duarte-con-la-republica-dominicana-y-de-chase-audige-con-jamaica-en-la-ventana-fiba","status":"publish","type":"post","link":"https:\/\/www.europesays.com\/es\/263056\/","title":{"rendered":"Estos son los n\u00fameros de Chris Duarte con la Rep\u00fablica Dominicana y de Chase Audige, con Jamaica, en la Ventana FIBA"},"content":{"rendered":"<p class=\"ft-text\"><strong>Los seis jugadores del <\/strong><a class=\"ft-link ft-link--decoration\" href=\"https:\/\/www.laopiniondemalaga.es\/unicaja\/\" rel=\"nofollow noopener\" target=\"_blank\"><strong>Unicaja<\/strong><\/a><strong> presentes en la Ventana FIBA ya han completado la primera jornada<\/strong> de esta cita internacional. El \u00faltimo en jugar fue el dominicano Chris Duarte, que fue parte importante de la victoria 85-92 de su selecci\u00f3n en M\u00e9xico, esta pasada madrugada (hora espa\u00f1ola).<\/p>\n<p>Duarte<\/p>\n<p class=\"ft-text\">Duarte fue el jugador que m\u00e1s minutos estuvo en cancha: 31.21 minutos, en los que aport\u00f3 <strong>13 puntos, 8 rebotes y 4 asistencias,<\/strong> para un total de 19 de valoraci\u00f3n.<\/p>\n<p><img decoding=\"async\" src=\"https:\/\/www.europesays.com\/es\/wp-content\/uploads\/2025\/11\/75bab291-63c0-4c2a-9720-fbb753c2a8e0_alta-libre-aspect-ratio_default_0.jpg\" width=\"1200\" height=\"800\" alt=\"Duarte, en el partido de la pasada madrugada.\" class=\"ft-helper-img-rd\" loading=\"lazy\"\/><\/p>\n<p class=\"ft-helper-fontColor-quaternary ft-helper-fontSize-body-S ft-helper-spacer-t-xxs\">Duarte, en el partido de la pasada madrugada.  \/ FIBA<\/p>\n<p class=\"ft-text\">Los dos m\u00e1ximos anotadores de Dominicana en esta cita disputada en el Gimnasio Marcelino Gonz\u00e1lez de M\u00e9xico DF fueron dos caras muy conocidas de la <a class=\"ft-link ft-link--decoration\" href=\"https:\/\/www.laopiniondemalaga.es\/deportes\/baloncesto\/acb\/clasificacion-liga.html\" rel=\"nofollow noopener\" target=\"_blank\">Liga Endesa<\/a>: Andr\u00e9s Feliz (Real Madrid) anot\u00f3 21 puntos y Jean Montero (Valencia Basket) sum\u00f3 20.<\/p>\n<p>Audige<\/p>\n<p class=\"ft-text\">Tambi\u00e9n jug\u00f3 esta pasada madrugada, en esta ocasi\u00f3n con la selecci\u00f3n de Jamaica, <a class=\"ft-link ft-link--decoration\" href=\"https:\/\/www.laopiniondemalaga.es\/unicaja\/2025\/11\/27\/unicaja-negocia-fichaje-chase-audige-castaneda-124199402.html\" rel=\"nofollow noopener\" target=\"_blank\">Chase Audige, jugador con el que el Unicaja tiene un principio de acuerdo para que se incorpore a las filas del cuadro verde y morado a partir de la pr\u00f3xima semana<\/a>, en lugar de Xavier Casta\u00f1eda, al que se le busca estos d\u00edas una salida.<\/p>\n<p><img decoding=\"async\" src=\"https:\/\/www.europesays.com\/es\/wp-content\/uploads\/2025\/11\/9f74ce5b-19c8-404e-915f-4e5e41cf5e70_alta-libre-aspect-ratio_default_0.jpg\" width=\"1200\" height=\"800\" alt=\"Chase Audige, durante el partido de Jamaica en Puerto Rico.\" class=\"ft-helper-img-rd\" loading=\"lazy\"\/><\/p>\n<p class=\"ft-helper-fontColor-quaternary ft-helper-fontSize-body-S ft-helper-spacer-t-xxs\">Chase Audige, durante el partido de Jamaica en Puerto Rico.  \/ FIBA<\/p>\n<p class=\"ft-text\">Jamaica gan\u00f3 en Puerto Rico 90-92, con una buena actuaci\u00f3n del futuro jugador cajista, excepto en el lanzamiento exterior, en el que estuvo muy desacertado (0\/8 en triples). Audige aport\u00f3 a la victoria de su selecci\u00f3n <strong>11 puntos, 4 rebotes y 6 asistencias, para un total de 11 de valoraci\u00f3n en 31.52 minutos sobre la cancha,<\/strong> el segundo jugador de su selecci\u00f3n m\u00e1s utilizado solo por detr\u00e1s del base del Pau Orthez franc\u00e9s Andrrew Thelwell, que jug\u00f3 36.08 minutos.<\/p>\n<p>Partidos: Resultados, fechas y horarios<\/p>\n<p class=\"ft-text\">Los aficionados podr\u00e1n seguir los partidos de Espa\u00f1a en<strong> Teledeporte<\/strong> y los del resto de internacionales cajistas en la plataforma <strong>Courtside 1891<\/strong>:<\/p>\n<p class=\"ft-text\"><strong>Jueves 27<\/strong><\/p>\n<p class=\"ft-text\">Montenegro-Portugal (62-83); Dinamarca-Espa\u00f1a (64-74) y Turqu\u00eda-Bosnia (93-71).<\/p>\n<p class=\"ft-text\"><strong>Viernes 28<\/strong><\/p>\n<p class=\"ft-text\">Francia-B\u00e9lgica (79-63)<\/p>\n<p class=\"ft-text\"><strong>S\u00e1bado 29<\/strong><\/p>\n<p class=\"ft-text\">M\u00e9xico-Rep. Dominicana (85-92).<\/p>\n<p class=\"ft-text\">Puerto Rico-Jamaica (90-92).<\/p>\n<p class=\"ft-text\"><strong>Domingo 30<\/strong><\/p>\n<p class=\"ft-text\">Ucrania-Dinamarca (18 h, Riga); Ruman\u00eda-Montenegro (18 h, Pitesti); Espa\u00f1a-Georgia (19:45 h, La Laguna) y Bosnia-Serbia (20 h, Sarajevo).<\/p>\n<p class=\"ft-text\"><strong>Lunes 1<\/strong><\/p>\n<p class=\"ft-text\">Finlandia-Francia (17:30 h, Espoo).<\/p>\n<p class=\"ft-text\"><strong>Martes 2<\/strong><\/p>\n<p class=\"ft-text\">Rep. Dominicana-M\u00e9xico (1:10 h, Santo Domingo).<\/p>\n<p class=\"ft-text\">Puerto Rico-Jamaica (1:10 h, San Jos\u00e9).<\/p>\n","protected":false},"excerpt":{"rendered":"Los seis jugadores del Unicaja presentes en la Ventana FIBA ya han completado la primera jornada de esta&hellip;\n","protected":false},"author":2,"featured_media":263057,"comment_status":"","ping_status":"","sticky":false,"template":"","format":"standard","meta":{"footnotes":""},"categories":[269],"tags":[64983,299,298,16198,2242,168,14975,2243,25,24,13863,317,29744,1906,65448,2247,23,167,2246,3108,1261],"class_list":{"0":"post-263056","1":"post","2":"type-post","3":"status-publish","4":"format-standard","5":"has-post-thumbnail","7":"category-baloncesto","8":"tag-audige","9":"tag-baloncesto","10":"tag-basketball","11":"tag-bosnia","12":"tag-chris","13":"tag-deportes","14":"tag-dominicana","15":"tag-duarte","16":"tag-es","17":"tag-espana","18":"tag-fiba","19":"tag-francia","20":"tag-jamaica","21":"tag-mexico","22":"tag-minutada","23":"tag-puerto-rico","24":"tag-spain","25":"tag-sports","26":"tag-unicaja","27":"tag-ventana","28":"tag-victoria"},"share_on_mastodon":{"url":"https:\/\/pubeurope.com\/@es\/115636588734143354","error":""},"_links":{"self":[{"href":"https:\/\/www.europesays.com\/es\/wp-json\/wp\/v2\/posts\/263056","targetHints":{"allow":["GET"]}}],"collection":[{"href":"https:\/\/www.europesays.com\/es\/wp-json\/wp\/v2\/posts"}],"about":[{"href":"https:\/\/www.europesays.com\/es\/wp-json\/wp\/v2\/types\/post"}],"author":[{"embeddable":true,"href":"https:\/\/www.europesays.com\/es\/wp-json\/wp\/v2\/users\/2"}],"replies":[{"embeddable":true,"href":"https:\/\/www.europesays.com\/es\/wp-json\/wp\/v2\/comments?post=263056"}],"version-history":[{"count":0,"href":"https:\/\/www.europesays.com\/es\/wp-json\/wp\/v2\/posts\/263056\/revisions"}],"wp:featuredmedia":[{"embeddable":true,"href":"https:\/\/www.europesays.com\/es\/wp-json\/wp\/v2\/media\/263057"}],"wp:attachment":[{"href":"https:\/\/www.europesays.com\/es\/wp-json\/wp\/v2\/media?parent=263056"}],"wp:term":[{"taxonomy":"category","embeddable":true,"href":"https:\/\/www.europesays.com\/es\/wp-json\/wp\/v2\/categories?post=263056"},{"taxonomy":"post_tag","embeddable":true,"href":"https:\/\/www.europesays.com\/es\/wp-json\/wp\/v2\/tags?post=263056"}],"curies":[{"name":"wp","href":"https:\/\/api.w.org\/{rel}","templated":true}]}}