{"id":263059,"date":"2025-11-30T03:45:24","date_gmt":"2025-11-30T03:45:24","guid":{"rendered":"https:\/\/www.europesays.com\/es\/263059\/"},"modified":"2025-11-30T03:45:24","modified_gmt":"2025-11-30T03:45:24","slug":"de-estrella-de-la-hipica-a-profesora","status":"publish","type":"post","link":"https:\/\/www.europesays.com\/es\/263059\/","title":{"rendered":"de estrella de la h\u00edpica a profesora"},"content":{"rendered":"<p id=\"epPqrjRcSj\" data-wc=\"70\"><strong>Jessica Springsteen<\/strong> es la <strong>hija mediana del carism\u00e1tico Bruce Springsteen<\/strong> y de su segunda muje<strong>r Patti Scialfa.\u00a0<\/strong>Creci\u00f3 en Nueva Jersey en la granja Colts Neck Towns Hip, rodeada de animales y donde <strong>desarroll\u00f3 desde ni\u00f1a su pasi\u00f3n por los caballos<\/strong> que comparte con su madre. Con tan solo cuatro a\u00f1os <a class=\"hm-link ho-link\" href=\"https:\/\/www.hola.com\/actualidad\/20211119306504\/jessica-springsteen-competicion-hipica-verona-novio-lorenzo-de-luca\/\" data-mrf-recirculation=\"article-body-link\" rel=\"nofollow noopener\" target=\"_blank\">Jessica aprendi\u00f3 a montar a caballo, y con seis a\u00f1os sus padres le regalaron a su primer poni \u2018Muffin\u2019.<\/a><\/p>\n<p> <img src=\"https:\/\/www.europesays.com\/es\/wp-content\/uploads\/2025\/11\/6e6a3798ad81-gettyimages-1776261334.jpg\"   width=\"1024\" height=\"682\" loading=\"lazy\" decoding=\"async\" alt=\"Jessica Springsteen en una competici\u00f3n de h\u00edpica\" fetchpriority=\"auto\" class=\"image ho-image\"\/>\u00a9 Getty ImagesJessica Springsteen en una competici\u00f3n de h\u00edpica<\/p>\n<p id=\"e71UZQziKQa\" data-wc=\"100\">Con<strong>\u00a014 a\u00f1os ya compet\u00eda a nivel estatal\u00a0<\/strong>y de ah\u00ed fue subiendo escalones hasta <strong>conquistar los circuitos h\u00edpicos de salto\u00a0<\/strong>m\u00e1s importantes. <a class=\"hm-link ho-link\" href=\"https:\/\/www.hola.com\/actualidad\/20210706192654\/jessica-springsteen-juegos-olimpicos-tokyo\/\" data-mrf-recirculation=\"article-body-link\" rel=\"nofollow noopener\" target=\"_blank\">En 2016 gan\u00f3 su primer concurso 5* m\u00e1xima categor\u00eda de las competiciones de salto<\/a>, una categor\u00eda que ya nunca abandonar\u00eda y que tantas alegr\u00edas le ha proporcionado. Lleg\u00f3 a lo m\u00e1s alto participando en los<strong>\u00a0Juegos Ol\u00edmpicos de Tokio en 2020,<\/strong> a los que lleg\u00f3 como la<strong>\u00a0tercera mejor amazona de Estados Unidos<\/strong>, y logrando la medalla de plata por equipos. Tambi\u00e9n alcanz\u00f3 la <strong>victoria por equipos en la Copa de las Naciones de Aachen en 2021.<\/strong><\/p>\n<p> <img src=\"https:\/\/www.europesays.com\/es\/wp-content\/uploads\/2025\/11\/0b5dda0d5e83-gettyimages-1653906542.jpg\"   width=\"1024\" height=\"682\" loading=\"lazy\" decoding=\"async\" alt=\"Jessica Springsteen en una competici\u00f3n de h\u00edpica\" fetchpriority=\"auto\" class=\"image ho-image\"\/>\u00a9 Getty Images<\/p>\n<p> <img src=\"https:\/\/www.europesays.com\/es\/wp-content\/uploads\/2025\/11\/11f6cdfc1f48-jessicaspringsteen-2.jpg\"   width=\"1080\" height=\"1800\" loading=\"lazy\" decoding=\"async\" alt=\"Jessica Springsteen con uno de sus caballos\" fetchpriority=\"auto\" class=\"image ho-image\"\/>\u00a9 @jessicaspringsteenJessica Springsteen con uno de sus caballos<\/p>\n<p id=\"e23kWwXh4n7\" data-wc=\"44\">Todo ello sin descuidar su formaci\u00f3n acad\u00e9mica, ya que<strong>\u00a0en 2014 se gradu\u00f3 en Psicolog\u00eda en la Universidad de Duke (Carolina del Norte)<\/strong>. \u201cTen\u00eda ganas de ir a la universidad para ver si algo me apasionaba tanto como montar a caballo\u201d reconoc\u00eda en 2019.<\/p>\n<p> <img src=\"https:\/\/www.europesays.com\/es\/wp-content\/uploads\/2025\/11\/46cb1b6be845-comptonjrequestrians.jpg\"   width=\"576\" height=\"1024\" loading=\"lazy\" decoding=\"async\" alt=\"Anuncio de las clases de equitacion de Jessica Springsteen\" fetchpriority=\"auto\" class=\"image ho-image\"\/>\u00a9 @comptonjrequestriansEl anuncio de las clases de equitaci\u00f3n de Jessica Springsteen<\/p>\n<p> <img src=\"https:\/\/www.europesays.com\/es\/wp-content\/uploads\/2025\/11\/56b336d8090c-gettyimages-1341305095.jpg\"   width=\"1080\" height=\"1800\" loading=\"lazy\" decoding=\"async\" alt=\"Jessica Springsteen en una competici\u00f3n de h\u00edpica\" fetchpriority=\"auto\" class=\"image ho-image\"\/>\u00a9 Jessica Springsteen<\/p>\n<p id=\"ePpsaJ82O6e\" data-wc=\"75\">Actualmente seg\u00fan la Federaci\u00f3n H\u00edpica Internacional ocupa el<strong>\u00a0puesto 160 entre los mejores jinetes del mundo.<\/strong> Algo que le permite poder <strong>compartir sus ense\u00f1anzas como amazona<\/strong>, y que har\u00e1 por primera vez el <strong>pr\u00f3ximo 2 de diciembre en un clinic,<\/strong> que es una clase magistral pr\u00e1ctica de h\u00edpica, en la que <strong>Jessica ayudar\u00e1 a los jinetes y amazonas a desarrollar confianza en el caballo, disciplina\u00a0<\/strong>y el resto de habilidades necesarias para practicar este deporte.\u00a0<\/p>\n<p> <img src=\"https:\/\/www.europesays.com\/es\/wp-content\/uploads\/2025\/11\/63088960b85d-gettyimages-1246676097.jpg\"   width=\"1024\" height=\"682\" loading=\"lazy\" decoding=\"async\" alt=\"Jessica Springsteen en una competici\u00f3n de h\u00edpica\" fetchpriority=\"auto\" class=\"image ho-image\"\/>\u00a9 Getty Images<\/p>\n<p> <img src=\"https:\/\/www.europesays.com\/es\/wp-content\/uploads\/2025\/11\/1d91cf5a2169-jessicaspringsteen-1.jpg\"   width=\"1080\" height=\"1080\" loading=\"lazy\" decoding=\"async\" alt=\"Jessica Springsteen con uno de sus caballos\" fetchpriority=\"auto\" class=\"image ho-image\"\/>\u00a9 @jessicaspringsteen<\/p>\n<p id=\"edxjzzNjdRD\" data-wc=\"50\">Lo har\u00e1 en <strong>colaboraci\u00f3n con Compton Cowboys Riding en el Centro Ecuestre de Los \u00c1ngeles<\/strong>. Una iniciativa de car\u00e1cter <strong>solidario<\/strong>. El dinero recaudado ir\u00e1 destinado a la Fundaci\u00f3n Michael Nyuis y a Compton Junior Equestrians, <a class=\"hm-link ho-link\" href=\"https:\/\/www.hola.com\/actualidad\/20230930240558\/jessica-springsteen-sira-martinez-rozan-triunfo-csio-barcelona\/\" data-mrf-recirculation=\"article-body-link\" rel=\"nofollow noopener\" target=\"_blank\">entidades que brindan oportunidades a j\u00f3venes en situaci\u00f3n de riesgo a trav\u00e9s de la equitaci\u00f3n.<\/a><\/p>\n<p> <img src=\"https:\/\/www.europesays.com\/es\/wp-content\/uploads\/2025\/11\/3941bad8f7a0-gettyimages-1849355129.jpg\"   width=\"1024\" height=\"681\" loading=\"lazy\" decoding=\"async\" alt=\"Jessica Springsteen en una competici\u00f3n de h\u00edpica\" fetchpriority=\"auto\" class=\"image ho-image\"\/>\u00a9 Getty Images<\/p>\n<p> <img src=\"https:\/\/www.europesays.com\/es\/wp-content\/uploads\/2025\/11\/213e461536c0-gettyimages-2186530172.jpg\"   width=\"1024\" height=\"683\" loading=\"lazy\" decoding=\"async\" alt=\"Jessica Springsteen en una competici\u00f3n de h\u00edpica\" fetchpriority=\"auto\" class=\"image ho-image\"\/>\u00a9 Getty Images<\/p>\n<p id=\"eUL-h-5XNdg\" data-wc=\"142\">Esta cita le llega a Jessica en un momento de lo m\u00e1s dulce, pues el pasado fin de semana <a class=\"hm-link ho-link\" href=\"https:\/\/www.hola.com\/actualidad\/2016041885189\/jessica-springsteen-entrevista\/\" data-mrf-recirculation=\"article-body-link\" rel=\"nofollow noopener\" target=\"_blank\">a lomos de su yegua \u2018NaomiVan Het Keizershot\u2019 ganaba un concurso de salto internacional 5*<\/a>. Concretamente el de<strong>\u00a0Santa Anita Park, lugar donde se realizar\u00e1n las pruebas h\u00edpicas en los Juegos Ol\u00edmpicos de Los \u00c1ngeles 2028.\u00a0<\/strong>Adem\u00e1s de cosechar un premio de 40.000 $ la hija del Boss tiene la satisfacci\u00f3n personal de haber conseguido <strong>hacer de su pasi\u00f3n su profesi\u00f3n y contar con el apoyo incondicional de sus progenitore<\/strong>s. \u201c Mis padres me han apoyado desde que era peque\u00f1a. Este ha sido un gran sue\u00f1o para m\u00ed desde que tengo memoria y el deporte tambi\u00e9n se ha convertido en una gran pasi\u00f3n para ellos. Siento que hemos estado juntos en este viaje\u201d declaraba. Y adem\u00e1s <strong>poder ayudar con ello a los dem\u00e1s.<\/strong><\/p>\n<p> <img src=\"https:\/\/www.europesays.com\/es\/wp-content\/uploads\/2025\/11\/5d21194a4111-gettyimages-2234170959.jpg\"   width=\"1080\" height=\"1800\" loading=\"lazy\" decoding=\"async\" alt=\"Jessica Springsteen y su padre, Bruce Springsteen\" fetchpriority=\"auto\" class=\"image ho-image\"\/>\u00a9 Getty ImagesBruce y Jessica Springsteen<\/p>\n","protected":false},"excerpt":{"rendered":"Jessica Springsteen es la hija mediana del carism\u00e1tico Bruce Springsteen y de su segunda mujer Patti Scialfa.\u00a0Creci\u00f3 en&hellip;\n","protected":false},"author":2,"featured_media":263060,"comment_status":"","ping_status":"","sticky":false,"template":"","format":"standard","meta":{"footnotes":""},"categories":[174],"tags":[517,255,146,147,25,24,256,65449,23],"class_list":{"0":"post-263059","1":"post","2":"type-post","3":"status-publish","4":"format-standard","5":"has-post-thumbnail","7":"category-famosos","8":"tag-actualidad","9":"tag-celebrities","10":"tag-entertainment","11":"tag-entretenimiento","12":"tag-es","13":"tag-espana","14":"tag-famosos","15":"tag-jessica-springsteen","16":"tag-spain"},"share_on_mastodon":{"url":"https:\/\/pubeurope.com\/@es\/115636596211471759","error":""},"_links":{"self":[{"href":"https:\/\/www.europesays.com\/es\/wp-json\/wp\/v2\/posts\/263059","targetHints":{"allow":["GET"]}}],"collection":[{"href":"https:\/\/www.europesays.com\/es\/wp-json\/wp\/v2\/posts"}],"about":[{"href":"https:\/\/www.europesays.com\/es\/wp-json\/wp\/v2\/types\/post"}],"author":[{"embeddable":true,"href":"https:\/\/www.europesays.com\/es\/wp-json\/wp\/v2\/users\/2"}],"replies":[{"embeddable":true,"href":"https:\/\/www.europesays.com\/es\/wp-json\/wp\/v2\/comments?post=263059"}],"version-history":[{"count":0,"href":"https:\/\/www.europesays.com\/es\/wp-json\/wp\/v2\/posts\/263059\/revisions"}],"wp:featuredmedia":[{"embeddable":true,"href":"https:\/\/www.europesays.com\/es\/wp-json\/wp\/v2\/media\/263060"}],"wp:attachment":[{"href":"https:\/\/www.europesays.com\/es\/wp-json\/wp\/v2\/media?parent=263059"}],"wp:term":[{"taxonomy":"category","embeddable":true,"href":"https:\/\/www.europesays.com\/es\/wp-json\/wp\/v2\/categories?post=263059"},{"taxonomy":"post_tag","embeddable":true,"href":"https:\/\/www.europesays.com\/es\/wp-json\/wp\/v2\/tags?post=263059"}],"curies":[{"name":"wp","href":"https:\/\/api.w.org\/{rel}","templated":true}]}}