{"id":263065,"date":"2025-11-30T03:53:10","date_gmt":"2025-11-30T03:53:10","guid":{"rendered":"https:\/\/www.europesays.com\/es\/263065\/"},"modified":"2025-11-30T03:53:10","modified_gmt":"2025-11-30T03:53:10","slug":"me-acuso-de-prostitucion-ha-hecho-dano-a-muchas-mujeres","status":"publish","type":"post","link":"https:\/\/www.europesays.com\/es\/263065\/","title":{"rendered":"Me acus\u00f3 de prostituci\u00f3n, ha hecho da\u00f1o a muchas mujeres"},"content":{"rendered":"<p class=\"c-paragraph\">Esta semana, <b>Alessandro Lecquio<\/b> ha vuelto al foco de la pol\u00e9mica despu\u00e9s de su inminente despido de Mediaset por la reciente entrevista que <b>Antonia Dell\u2019Atte<\/b> ha concedido para\u00a0Directo al grano. En D Coraz\u00f3n se han hecho eco de la noticia y una de las que <b>no ha dudado en pronunciarse<\/b> ha sido <b>Alba Carrillo.\u00a0<\/b><\/p>\n<p class=\"c-paragraph\">\u00abElla lleva hablando toda la vida sobre esto, pero yo <b>soy la primera que se trag\u00f3 esta narrativa de que era una loca despechada. <\/b>Parece que han tenido que pasar todos estos a\u00f1os para que se la crea\u00bb, ha comentado la colaboradora de televisi\u00f3n.<\/p>\n<p class=\"c-paragraph\">Carrillo ha confesado ser <b>una de las mujeres damnificadas por el arist\u00f3crata italiano<\/b> durante su \u00e9poca como tertuliana en Telecinco y ha confesado uno de lo episodios que vivi\u00f3 junto al conde Lecquio. <b>\u00abA m\u00ed me ha tratado mal. <\/b>Yo soy una de las v\u00edctimas. <b>Le quit\u00e9 una demanda porque su hijo estaba malito<\/b> y me parec\u00eda humano no rascar en ese momento\u00bb, ha explicado en directo.\u00a0<\/p>\n<p class=\"c-paragraph\">\u00abPero a m\u00ed <b>me acus\u00f3 pr\u00e1cticamente de prostituci\u00f3n<\/b>.\u00a0Es una persona que <b>ha hecho da\u00f1o a much\u00edsimas mujeres\u00bb<\/b>, ha a\u00f1adido Alba Carrillo, dejando completamente perplejos al resto de colaboradores del formato de RTVE.\u00a0<\/p>\n<p class=\"c-paragraph\">La modelo ha planteado que <b>\u00abes hora de limpiar a este tipo de hombres\u00bb<\/b> y ha lanzado un alegato contra la violencia machista: <b>\u00abEl maltrato a las mujeres existe<\/b>, aunque haya partidos pol\u00edticos que no lo quieran reconocer\u00bb. Alba Carrillo ha continuado asegurando que <b>esta realidad \u00abno entiende de clases sociales<\/b>, ni de televisiones, ni de mujeres m\u00e1s educadas o con menos cultura\u00bb.\u00a0<\/p>\n<p>El alegato de Carlota Corredera<\/p>\n<p class=\"c-paragraph\">Otra colaboradora que tambi\u00e9n se ha pronunciado ha sido <b>Carlota Corredera<\/b>, que ha entrado en conexi\u00f3n en directo en D Coraz\u00f3n y que ha destacado <b>la valent\u00eda de Antonia Dell\u2019Atte<\/b>. \u00abDurante mucho tiempo no se cre\u00eda a las mujeres\u00bb, ha expresado la periodista.\u00a0<\/p>\n<p class=\"c-paragraph\">\u00abPor eso es tan importante que,\u00a0despu\u00e9s de tantos a\u00f1os de lucha, le demos voz y credibilidad a Antonia.\u00a0<b>Las mujeres famosas son tambi\u00e9n la voz de las an\u00f3nimas.<\/b> Para Antonia es una victoria de las mujeres que no est\u00e1n\u00bb, ha continuado Carlota Corredera.\u00a0<\/p>\n","protected":false},"excerpt":{"rendered":"Esta semana, Alessandro Lecquio ha vuelto al foco de la pol\u00e9mica despu\u00e9s de su inminente despido de Mediaset&hellip;\n","protected":false},"author":2,"featured_media":263066,"comment_status":"","ping_status":"","sticky":false,"template":"","format":"standard","meta":{"footnotes":""},"categories":[91],"tags":[9623,15651,6514,24039,19913,146,147,25,24,23],"class_list":{"0":"post-263065","1":"post","2":"type-post","3":"status-publish","4":"format-standard","5":"has-post-thumbnail","7":"category-entretenimiento","8":"tag-alba","9":"tag-alessandro","10":"tag-carga","11":"tag-carrillo","12":"tag-contra","13":"tag-entertainment","14":"tag-entretenimiento","15":"tag-es","16":"tag-espana","17":"tag-spain"},"share_on_mastodon":{"url":"https:\/\/pubeurope.com\/@es\/115636627221508795","error":""},"_links":{"self":[{"href":"https:\/\/www.europesays.com\/es\/wp-json\/wp\/v2\/posts\/263065","targetHints":{"allow":["GET"]}}],"collection":[{"href":"https:\/\/www.europesays.com\/es\/wp-json\/wp\/v2\/posts"}],"about":[{"href":"https:\/\/www.europesays.com\/es\/wp-json\/wp\/v2\/types\/post"}],"author":[{"embeddable":true,"href":"https:\/\/www.europesays.com\/es\/wp-json\/wp\/v2\/users\/2"}],"replies":[{"embeddable":true,"href":"https:\/\/www.europesays.com\/es\/wp-json\/wp\/v2\/comments?post=263065"}],"version-history":[{"count":0,"href":"https:\/\/www.europesays.com\/es\/wp-json\/wp\/v2\/posts\/263065\/revisions"}],"wp:featuredmedia":[{"embeddable":true,"href":"https:\/\/www.europesays.com\/es\/wp-json\/wp\/v2\/media\/263066"}],"wp:attachment":[{"href":"https:\/\/www.europesays.com\/es\/wp-json\/wp\/v2\/media?parent=263065"}],"wp:term":[{"taxonomy":"category","embeddable":true,"href":"https:\/\/www.europesays.com\/es\/wp-json\/wp\/v2\/categories?post=263065"},{"taxonomy":"post_tag","embeddable":true,"href":"https:\/\/www.europesays.com\/es\/wp-json\/wp\/v2\/tags?post=263065"}],"curies":[{"name":"wp","href":"https:\/\/api.w.org\/{rel}","templated":true}]}}