{"id":263070,"date":"2025-11-30T03:58:11","date_gmt":"2025-11-30T03:58:11","guid":{"rendered":"https:\/\/www.europesays.com\/es\/263070\/"},"modified":"2025-11-30T03:58:11","modified_gmt":"2025-11-30T03:58:11","slug":"estas-son-las-zonas-que-esperan-mas-agua-2","status":"publish","type":"post","link":"https:\/\/www.europesays.com\/es\/263070\/","title":{"rendered":"estas son las zonas que esperan m\u00e1s agua"},"content":{"rendered":"<p class=\"c-paragraph\">La llegada de un frente fr\u00edo con direcci\u00f3n hacia el Mediterr\u00e1neo dejar\u00e1 a su paso este domingo en la Pen\u00ednsula Ib\u00e9rica <b>un ambiente inestable y un cambio significativo<\/b> en las condiciones meteorol\u00f3gicas. A lo largo del d\u00eda, los cielos permanecer\u00e1n nubosos o cubiertos en gran parte del territorio peninsular, donde la nubosidad baja ser\u00e1 especialmente persistente en \u00e1reas del interior, as\u00ed como en Andaluc\u00eda oriental y en zonas de los Pirineos.<\/p>\n<p class=\"c-paragraph\">En la vertiente mediterr\u00e1nea, la Aemet pronostica que <b>las lluvias ser\u00e1n m\u00e1s frecuentes durante la primera mitad de la jornada<\/b>, tendiendo a remitir por la tarde. Sin embargo, persistir\u00e1n en \u00e1reas del sureste peninsular, en el Estrecho y en los litorales del mar de Albor\u00e1n.<\/p>\n<p class=\"c-paragraph\">Por su parte, en las Islas Baleares, las lluvias podr\u00edan mantenerse algo m\u00e1s activas. En el resto del pa\u00eds,<b> las precipitaciones ser\u00e1n d\u00e9biles e remitiendo<\/b> progresivamente por la ma\u00f1ana, aunque la inestabilidad ser\u00e1 durante toda la jornada.<\/p>\n<p class=\"c-paragraph\">En el norte peninsular, donde se esperan precipitaciones de mayor intensidad, especialmente en los litorales cant\u00e1bricos y en el Pirineo occidental. Adem\u00e1s, <b>la masa de aire fr\u00edo asociada al frente dejar\u00e1 nevadas en las monta\u00f1as<\/b> de estas \u00e1rea con una cota situada alrededor de 1000-1200 metros, mientras que en sistemas monta\u00f1osos del sureste la nieve aparecer\u00e1 por encima de 1.600-1.800 metros. Adem\u00e1s, el paso del frente podr\u00e1 generar nieblas en zonas altas del interior peninsular, reduciendo la visibilidad en las primeras horas del d\u00eda.<\/p>\n<p>Baj\u00f3n generalizado de temperaturas<\/p>\n<p class=\"c-paragraph\">Las temperaturas m\u00e1ximas bajar\u00e1n en la mayor parte de la Pen\u00ednsula y Baleares, salvo en algunas depresiones del noreste y en \u00e1reas de la meseta sur, donde podr\u00e1n mantenerse\u00a0<b>sin cambios o experimentar ligeros ascensos.\u00a0<\/b>En general, las m\u00e1ximas se situar\u00e1n entre los 13 y 18 grados en toda Espa\u00f1a.<\/p>\n<p class=\"c-paragraph\">Por su parte, <b>las m\u00ednimas subir\u00e1n ligeramente en ambas mesetas<\/b>, el valle del Ebro, la fachada mediterr\u00e1nea, Melilla, Andaluc\u00eda occidental y el interior de Mallorca, pero descender\u00e1n ligeramente en el resto. La Aemet prev\u00e9 heladas d\u00e9biles en zonas de monta\u00f1a o \u00e1reas pr\u00f3ximas como en las provincias de Le\u00f3n, Teruel, Segovia, Palencia o Granada donde se llegar\u00e1 a los valores negativos durante la noche (entre -1\u00baC y -3\u00baC).<\/p>\n<p class=\"c-paragraph\">Por su parte, Canarias, <b>las temperaturas presentar\u00e1n pocos cambios<\/b> con m\u00e1ximas de 23\u00baC en Las Palmas de Gran Canaria y Santa Cruz de Tenerife y m\u00ednimas de hasta 19\u00baC, aunque se esperan algunas lluvias ocasionales en el norte de las islas monta\u00f1osas y un alisio de car\u00e1cter moderado.<\/p>\n<p>Predicci\u00f3n por Comunidades Aut\u00f3nomas<\/p>\n<p class=\"c-paragraph\"><b>GALICIA:<\/b> intervalos nubosos con brumas y bancos de niebla. Lluvias d\u00e9biles y dispersas en el litoral norte. <b>Las temperaturas m\u00ednimas experimentar\u00e1n un descenso <\/b>y las m\u00e1ximas se mantendr\u00e1n sin cambios. Heladas d\u00e9biles dispersas en el este y sur de Ourense y en Monta\u00f1a de Lugo. Viento flojo de componente norte.<\/p>\n<p class=\"c-paragraph\"><b>ASTURIAS:<\/b> cielos nubosos o cubiertos. <b>Lluvias d\u00e9biles y chubascos. <\/b>Cota de nieve en torno a 1000-1200 metros. Temperaturas en descenso. Heladas d\u00e9biles en el sur que ser\u00e1n localmente moderadas en cumbres. Viento flojo variable.<\/p>\n<p class=\"c-paragraph\"><b>CANTABRIA: <\/b>cielos nubosos o cubiertos disminuyendo por la tarde a intervalos nubosos. Lluvias d\u00e9biles y chubascos, que remiten al final de la tarde. <b>Cota de nieve a 1100-1300 metros subiendo por la tarde a 1300-1400.<\/b> Temperaturas en descenso, localmente notable el de las m\u00e1ximas en el interior. Heladas d\u00e9biles en el interior occidental. Viento de componente oeste.<\/p>\n<p class=\"c-paragraph\"><b>PA\u00cdS VASCO: <\/b>cielos cubiertos. Lluvias y chubascos generalizados. Temperaturas m\u00ednimas sin cambios en el noroeste y en ascenso en el resto. <b>Temperaturas m\u00e1ximas en descenso <\/b>y las m\u00ednimas se esperan al final del d\u00eda. Viento de oeste y noroeste, flojo.<\/p>\n<p class=\"c-paragraph\"><b>CASTILLA Y LE\u00d3N:<\/b> cielo nuboso. Se esperan precipitaciones d\u00e9biles durante la primera mitad del d\u00eda en el tercio este y sur y en el extremo norte, que pueden ser de nieve entre los 1200 y 1500 metros.<b> Temperaturas en descenso en la monta\u00f1a y \u00e1reas pr\u00f3ximas<\/b> y con pocos cambios en el resto. Las m\u00ednimas se alcanzar\u00e1n al final del d\u00eda. Heladas d\u00e9biles que pueden ser localmente moderadas. Viento de componente oeste.<\/p>\n<p class=\"c-paragraph\"><b>NAVARRA:<\/b> cielos nubosos o cubiertos. Lluvias y chubascos de madrugada, que ser\u00e1n d\u00e9biles en el noroeste.<b> Cota de nieve en torno a 1200-1400 metros.<\/b> Temperaturas m\u00ednimas en ascenso; m\u00e1ximas en descenso en los tercios norte y oeste y con pocos cambios en el resto. Heladas d\u00e9biles en el Pirineo m\u00e1s oriental. Viento flojo a moderado del noroeste.<\/p>\n<p class=\"c-paragraph\"><b>LA RIOJA:<\/b> cielo nuboso en general, con precipitaciones d\u00e9biles, m\u00e1s probables en la sierra y la Rioja Alta, tendiendo a remitir por la tarde. Cota de nieve entre los 1400 y 1200 metros. En el valle, <b>temperaturas m\u00ednimas en ascenso y m\u00e1ximas sin cambios.<\/b> En la sierra, m\u00ednimas con pocos cambios y m\u00e1ximas en descenso. Heladas d\u00e9biles en la Ib\u00e9rica. Vientos del oeste y noroeste.<\/p>\n<p class=\"c-paragraph\"><b>ARAG\u00d3N: <\/b>cielo muy nuboso a primeras horas. Se esperan precipitaciones en el Pirineo y en el sistema Ib\u00e9rico. Cota de nieve entre 1000 y 1400 metros. <b>Temperaturas m\u00ednimas en descenso localmente notable<\/b> en los Pirineos y en ligero ascenso o sin cambios en el resto; y m\u00e1ximas en descenso, que ser\u00e1 notable en el sistema Ib\u00e9rico. Heladas en el Pirineo, que ser\u00e1n d\u00e9biles en el sistema Ib\u00e9rico y zonas colindantes. Viento del noroeste, flojo en general y moderado en la depresi\u00f3n del Ebro.<\/p>\n<p class=\"c-paragraph\"><b>CATALU\u00d1A: <\/b>muy nuboso o cubierto. Se esperan precipitaciones en el Pirineo, de nieve por encima de los 1000-1200 metros, y chubascos dispersos en la mitad oriental, que ir\u00e1n remitiendo por la tarde; en el resto y no se descartan chubascos aislados.<b> Temperaturas m\u00ednimas en descenso en los Pirineos y cambios ligeros en el resto<\/b>; m\u00e1ximas en descenso, localmente notable en Pirineos y ligero en el resto. Heladas d\u00e9biles en Pirineos. En el Ampurd\u00e1n y sur de Tarragona, viento moderado del noroeste; en el resto, viento flojo.<\/p>\n<p class=\"c-paragraph\"><b>EXTREMADURA: <\/b>cielo nuboso con probabilidad de precipitaciones d\u00e9biles por la ma\u00f1ana, con la cota de nieve en torno a los 1400 metros. Temperaturas m\u00ednimas en ascenso y m\u00e1ximas sin cambios.<b> Viento de componente oeste a norte, flojo en general.<\/b><\/p>\n<p class=\"c-paragraph\"><b>COMUNIDAD DE MADRID: <\/b>cielo nuboso o cubierto con lluvias d\u00e9biles y chubascos. Cota de nieve a 1600-1800 metros bajando a 1200-1300 metros. Probables brumas y nieblas matinales en puntos dispersos de toda la Comunidad y al final del d\u00eda en cumbres. <b>Las temperaturas m\u00ednimas experimentar\u00e1n un descenso en la Sierra<\/b> y se mantendr\u00e1n sin cambios o en ligero ascenso en el resto. Temperaturas m\u00e1ximas en descenso en zonas altas de la Sierra y con cambios ligeros en el resto. Heladas d\u00e9biles en el Sistema Central y zonas pr\u00f3ximas. Viento flojo variable.<\/p>\n<p class=\"c-paragraph\"><b>CASTILLA LA MANCHA: <\/b>cielo nuboso o cubierto sin descartar brumas y nieblas matinales dispersas, m\u00e1s probables en zonas de monta\u00f1a y en La Mancha. Lluvias d\u00e9biles y chubascos dispersos. Cota de nieve a 1500-1700 metros en el nordeste que bajar\u00e1 a 1300-1400 metros.<b> Temperaturas m\u00ednimas en descenso en el extremo norte de Guadalajara <\/b>y m\u00e1ximas con cambios ligeros en el norte de Toledo y en descenso en el resto. Viento flojo variable.<\/p>\n<p class=\"c-paragraph\"><b>COMUNIDAD VALENCIANA: <\/b>cielo muy nuboso o cubierto. Probables chubascos dispersos en el interior.<b> Temperaturas m\u00ednimas en ascenso o sin cambios<\/b>; m\u00e1ximas en descenso, ligero o sin cambios en el litoral. Viento flojo del oeste y noroeste.<\/p>\n<p class=\"c-paragraph\"><b>REGI\u00d3N DE MURCIA:<\/b> cielos muy nubosos, con precipitaciones d\u00e9biles ocasionales, localmente moderadas, m\u00e1s probables durante la tarde. Temperaturas m\u00ednimas sin cambios o en ascenso<b>, con heladas d\u00e9biles en las sierras del interior<\/b>; m\u00e1ximas en descenso, notable en el Noroeste. Vientos entre flojos y moderados de componente norte.<\/p>\n<p class=\"c-paragraph\"><b>BALEARES: c<\/b>ielo nuboso a cubierto. A partir de la tarde o noche, lluvias y chubascos. Temperaturas de madrugada en ascenso localmente notable y diurnas con pocos cambios.<b> Viento flojo a moderado del suroeste.<\/b><\/p>\n<p class=\"c-paragraph\"><b>ANDALUC\u00cdA:<\/b> cielos muy nubosos, con precipitaciones d\u00e9biles a moderadas que se ir\u00e1n extendiendo de oeste a este durante el d\u00eda. Probabilidad de chubascos localmente fuertes en C\u00e1diz y Sevilla, que pueden ir acompa\u00f1ados de tormentas y granizo peque\u00f1o. <b>Cota de nieve en torno a 1700-1900 metros.<\/b> Temperaturas m\u00ednimas en descenso en las sierras, donde se esperan heladas d\u00e9biles y en ascenso en el resto; m\u00e1ximas sin cambios en el litoral y en descenso en el interior, Vientos flojos.<\/p>\n<p class=\"c-paragraph\"><b>CANARIAS: <\/b>intervalos nubosos sin descartar las precipitaciones en median\u00edas del norte a primeras horas, aunque de car\u00e1cter d\u00e9bil y ocasional. Calima ligera que afectar\u00e1 a niveles altos de la provincia oriental y remitir\u00e1n durante la segunda mitad del d\u00eda. <b>Temperaturas con pocos cambios. <\/b>Vientos alisios con intervalos de fuerte en vertientes sureste y noroeste y con predominio de las brisas en el suroeste de las islas monta\u00f1osas.<\/p>\n","protected":false},"excerpt":{"rendered":"La llegada de un frente fr\u00edo con direcci\u00f3n hacia el Mediterr\u00e1neo dejar\u00e1 a su paso este domingo en&hellip;\n","protected":false},"author":2,"featured_media":263071,"comment_status":"","ping_status":"","sticky":false,"template":"","format":"standard","meta":{"footnotes":""},"categories":[5],"tags":[7377,17,18,25,24,13,14,3419,16249,11,19,20,9,10,15,16,12705,23,12,21,22,16743],"class_list":{"0":"post-263070","1":"post","2":"type-post","3":"status-publish","4":"format-standard","5":"has-post-thumbnail","7":"category-titulares","8":"tag-avance","9":"tag-breaking-news","10":"tag-breakingnews","11":"tag-es","12":"tag-espana","13":"tag-featured-news","14":"tag-featurednews","15":"tag-frente","16":"tag-frio","17":"tag-headlines","18":"tag-latest-news","19":"tag-latestnews","20":"tag-news","21":"tag-noticias","22":"tag-noticias-destacadas","23":"tag-noticiasdestacadas","24":"tag-provocara","25":"tag-spain","26":"tag-titulares","27":"tag-ultimas-noticias","28":"tag-ultimasnoticias","29":"tag-un"},"share_on_mastodon":{"url":"https:\/\/pubeurope.com\/@es\/115636646868736293","error":""},"_links":{"self":[{"href":"https:\/\/www.europesays.com\/es\/wp-json\/wp\/v2\/posts\/263070","targetHints":{"allow":["GET"]}}],"collection":[{"href":"https:\/\/www.europesays.com\/es\/wp-json\/wp\/v2\/posts"}],"about":[{"href":"https:\/\/www.europesays.com\/es\/wp-json\/wp\/v2\/types\/post"}],"author":[{"embeddable":true,"href":"https:\/\/www.europesays.com\/es\/wp-json\/wp\/v2\/users\/2"}],"replies":[{"embeddable":true,"href":"https:\/\/www.europesays.com\/es\/wp-json\/wp\/v2\/comments?post=263070"}],"version-history":[{"count":0,"href":"https:\/\/www.europesays.com\/es\/wp-json\/wp\/v2\/posts\/263070\/revisions"}],"wp:featuredmedia":[{"embeddable":true,"href":"https:\/\/www.europesays.com\/es\/wp-json\/wp\/v2\/media\/263071"}],"wp:attachment":[{"href":"https:\/\/www.europesays.com\/es\/wp-json\/wp\/v2\/media?parent=263070"}],"wp:term":[{"taxonomy":"category","embeddable":true,"href":"https:\/\/www.europesays.com\/es\/wp-json\/wp\/v2\/categories?post=263070"},{"taxonomy":"post_tag","embeddable":true,"href":"https:\/\/www.europesays.com\/es\/wp-json\/wp\/v2\/tags?post=263070"}],"curies":[{"name":"wp","href":"https:\/\/api.w.org\/{rel}","templated":true}]}}