{"id":263072,"date":"2025-11-30T04:03:19","date_gmt":"2025-11-30T04:03:19","guid":{"rendered":"https:\/\/www.europesays.com\/es\/263072\/"},"modified":"2025-11-30T04:03:19","modified_gmt":"2025-11-30T04:03:19","slug":"partido-de-la-nba-reencuentro-con-un-amigo-y-jornada-de-pesca","status":"publish","type":"post","link":"https:\/\/www.europesays.com\/es\/263072\/","title":{"rendered":"partido de la NBA, reencuentro con un amigo y jornada de pesca"},"content":{"rendered":"<p class=\"c-paragraph\"><a href=\"https:\/\/www.20minutos.es\/tags\/deportes\/carlos-alcaraz.html\" title=\"Carlos Alcaraz\" rel=\"nofollow noopener\" target=\"_blank\">Carlos Alcaraz<\/a> est\u00e1 disfrutando de unos d\u00edas de descanso despu\u00e9s de haber firmado el mejor a\u00f1o de su carrera, el cual ha terminado como n\u00famero uno del mundo. El murciano, que tuvo que ser baja de la <a href=\"https:\/\/www.20minutos.es\/tags\/deportes\/copa-davis.html\" title=\"Copa Davis\" rel=\"nofollow noopener\" target=\"_blank\">Copa Davis<\/a> por un\u00a0edema muscular del\u00a0isquiotibial, ha aprovechado sus vacaciones <b>para ir a un partido de la NBA y hacerse un cambio de look.\u00a0<\/b><\/p>\n<p class=\"c-paragraph\">El tenista espa\u00f1ol est\u00e1 en Miami donde se ha reencontrado con el extenista argentino <a href=\"https:\/\/www.20minutos.es\/tags\/deportes\/juan-martin-del-potro.html\" title=\"Juan Mart\u00edn del Potro\" rel=\"nofollow noopener\" target=\"_blank\">Juan Mart\u00edn del Potro<\/a>.\u00a0<b><b>\u00abSiempre es lindo volver a verte amigo\u00bb,<\/b><\/b>\u00a0escrib\u00eda el argentino en una publicaci\u00f3n de sus redes sociales en la que aparece junto al tenista de El Palmar. \u00abQu\u00e9 bueno verte amigo\u00bb, respond\u00eda &#8216;Carlitos&#8217; a las fotograf\u00edas de ambos en Miami.<\/p>\n<p class=\"c-paragraph\">Adem\u00e1s, tal y como se puede apreciar en las im\u00e1genes compartidas por el exdeportista, el pupilo de Juan Carlos Ferrero ha regresado a su color de pelo natural,\u00a0<b><b>dejando atr\u00e1s el rubio platino.\u00a0<\/b><\/b><\/p>\n<p class=\"c-paragraph\">Alcaraz tambi\u00e9n ha aprovechado para ver un partido <b>de la NBA, en concreto, de los Miami Heat ante los Buks.<\/b> El equipo local se llev\u00f3 el encuentro por 106-103. La mascota del club le regal\u00f3 la equipaci\u00f3n del equipo durante el encuentro con la que pos\u00f3 para inmortalizar el momento.<\/p>\n<p class=\"c-paragraph\">El de El Palmar tambi\u00e9n ha disfrutado de una jornada de pesca, tal y como se ha podido ver en un v\u00eddeo compartido en las <b>redes sociales en el que est\u00e1 probando suerte.\u00a0<\/b><\/p>\n<p class=\"c-paragraph\">&#8216;Carlitos&#8217; est\u00e1 descansando estos d\u00edas, as\u00ed como recuper\u00e1ndose de su lesi\u00f3n\u00a0por un edema muscular del\u00a0isquiotibial.\u00a0Alcaraz volver\u00e1 a las pistas para disputar dos exhibiciones. Primero, la de Nueva Jersey el pr\u00f3ximo 7 de diciembre contra Frances Tiafoe y<b>\u00a0el 8 de diciembre contra Joao Fonseca en Miami.\u00a0<\/b><\/p>\n<p class=\"c-paragraph\">La temporada 2025 ha terminado para Alcaraz,<b><b>\u00a0ya que no tendr\u00e1 m\u00e1s partidos oficiales hasta el nuevo a\u00f1o.<\/b><\/b>\u00a0El inicio de curso estar\u00e1 marcado por el\u00a0<a href=\"https:\/\/www.20minutos.es\/tags\/deportes\/open-de-australia.html\" title=\"Open de Australia\" rel=\"nofollow noopener\" target=\"_blank\">Open de Australia<\/a>, \u00fanico Grand Slam que le falta al espa\u00f1ol, el cual intentar\u00e1 sumar a su palmar\u00e9s.\u00a0<\/p>\n","protected":false},"excerpt":{"rendered":"Carlos Alcaraz est\u00e1 disfrutando de unos d\u00edas de descanso despu\u00e9s de haber firmado el mejor a\u00f1o de su&hellip;\n","protected":false},"author":2,"featured_media":263073,"comment_status":"","ping_status":"","sticky":false,"template":"","format":"standard","meta":{"footnotes":""},"categories":[274],"tags":[4736,415,168,25,24,4207,1045,23,167,327,326,2110],"class_list":{"0":"post-263072","1":"post","2":"type-post","3":"status-publish","4":"format-standard","5":"has-post-thumbnail","7":"category-tenis","8":"tag-alcaraz","9":"tag-carlos","10":"tag-deportes","11":"tag-es","12":"tag-espana","13":"tag-las","14":"tag-partido","15":"tag-spain","16":"tag-sports","17":"tag-tenis","18":"tag-tennis","19":"tag-vacaciones"},"share_on_mastodon":{"url":"https:\/\/pubeurope.com\/@es\/115636666608496871","error":""},"_links":{"self":[{"href":"https:\/\/www.europesays.com\/es\/wp-json\/wp\/v2\/posts\/263072","targetHints":{"allow":["GET"]}}],"collection":[{"href":"https:\/\/www.europesays.com\/es\/wp-json\/wp\/v2\/posts"}],"about":[{"href":"https:\/\/www.europesays.com\/es\/wp-json\/wp\/v2\/types\/post"}],"author":[{"embeddable":true,"href":"https:\/\/www.europesays.com\/es\/wp-json\/wp\/v2\/users\/2"}],"replies":[{"embeddable":true,"href":"https:\/\/www.europesays.com\/es\/wp-json\/wp\/v2\/comments?post=263072"}],"version-history":[{"count":0,"href":"https:\/\/www.europesays.com\/es\/wp-json\/wp\/v2\/posts\/263072\/revisions"}],"wp:featuredmedia":[{"embeddable":true,"href":"https:\/\/www.europesays.com\/es\/wp-json\/wp\/v2\/media\/263073"}],"wp:attachment":[{"href":"https:\/\/www.europesays.com\/es\/wp-json\/wp\/v2\/media?parent=263072"}],"wp:term":[{"taxonomy":"category","embeddable":true,"href":"https:\/\/www.europesays.com\/es\/wp-json\/wp\/v2\/categories?post=263072"},{"taxonomy":"post_tag","embeddable":true,"href":"https:\/\/www.europesays.com\/es\/wp-json\/wp\/v2\/tags?post=263072"}],"curies":[{"name":"wp","href":"https:\/\/api.w.org\/{rel}","templated":true}]}}