{"id":263076,"date":"2025-11-30T04:07:10","date_gmt":"2025-11-30T04:07:10","guid":{"rendered":"https:\/\/www.europesays.com\/es\/263076\/"},"modified":"2025-11-30T04:07:10","modified_gmt":"2025-11-30T04:07:10","slug":"un-malabarismo-de-boyomo-en-el-alargue-frustra-el-trabajo-de-la-sociedad-virgili-muriqi","status":"publish","type":"post","link":"https:\/\/www.europesays.com\/es\/263076\/","title":{"rendered":"Un malabarismo de Boyomo en el alargue frustra el trabajo de la sociedad Virgili-Muriqi"},"content":{"rendered":"<p data-gtm-element-container=\"modulo-texto-link\" class=\"paragraph\">Un remate a la media vuelta de <strong>Boyomo<\/strong> en el alargue hel\u00f3 la sonrisa a un <strong>Real Mallorca<\/strong> que ya saboreaba la victoria gracias a la eficacia de la sociedad que formaron<strong> Jan Virgili<\/strong> y <strong>Muriqi<\/strong>. Entre los dos pusieron un moment\u00e1neo 2-0 que <strong>Osasuna<\/strong> acab\u00f3 remontando en el \u00faltimo tramo para lograr un punto insuficiente en cuanto a clasificaci\u00f3n, pero muy importante moralmente. Para los locales, ese punto supo a derrota.<\/p>\n<p data-gtm-element-container=\"modulo-texto-link\" class=\"paragraph\">En un duelo en el que ambos ten\u00edan muchas necesidades, era el conjunto navarro el que ense\u00f1aba m\u00e1s el colmillo de inicio, aunque sin acabar de hincar el diente. A los baleares parec\u00eda pesarles la presi\u00f3n en estos primeros minutos, aunque se acabaron desperezando para igualar el dominio. El choque, eso s\u00ed, transcurr\u00eda sin ocasiones.<\/p>\n<p data-gtm-element-container=\"modulo-texto-link\" class=\"paragraph\">Las defensas se impon\u00edan a los ataques, ninguno de los dos equipos consegu\u00eda trenzar acciones ofensivas, los intentos de contragolpe de los dos eran parados con faltas y la pelea se desarrollaba en el centro del campo, donde ganar un metro ya era una victoria.<\/p>\n<p data-gtm-element-container=\"modulo-texto-link\" class=\"paragraph\">Hasta los 33 minutos no se vio la primera ocasi\u00f3n medianamente potable. Tuvo color local. Un buen servicio atr\u00e1s de<strong> Jan Virgili<\/strong> fue rematado alto por<strong> Sam\u00fa<\/strong>. <strong>Osasuna<\/strong> respondi\u00f3 con una serie de disparos consecutivos que se estrellaron en los cuerpos de zagueros bermellones.<\/p>\n<p data-gtm-element-container=\"modulo-texto-link\" class=\"paragraph\">Las alternativas eran constantes. Las faltas, tambi\u00e9n. Un rifirrafe entre <strong>Sergio Herrera<\/strong> y <strong>Pablo Maffeo<\/strong> tension\u00f3 el final de un primer tiempo en \tel que el meta de <strong>Osasuna<\/strong> estuvo \u00e1gil para detener un  remate peligroso de <strong>Valjent<\/strong>. Al descanso se lleg\u00f3 sin goles.<\/p>\n<p data-gtm-element-container=\"modulo-texto-link\" class=\"paragraph\">La reanudaci\u00f3n no cambi\u00f3 la din\u00e1mica. Los dos esperaban sacar petr\u00f3leo de alguna ocasi\u00f3n suelta. En el 52\u2019 fue<strong> Herrando<\/strong> el que cabece\u00f3 fuera a la salida de un c\u00f3rner y en el 55\u2019 <strong>Sergio Herrera<\/strong> tuvo que rectificar en el aire para despejar un disparo seco de <strong>Darder<\/strong> que se hab\u00eda envenenado.<\/p>\n<p data-gtm-element-container=\"modulo-texto-link\" class=\"paragraph\">Esa deseada opci\u00f3n la tuvo el <strong>Mallorca<\/strong> a los 61 minutos, gracias a un penalti de <strong>Boyomo<\/strong> sobre un activo <strong>Jan Virgili<\/strong> que transform\u00f3 Muriqi.<\/p>\n<p>    Lee tambi\u00e9n<\/p>\n<p data-gtm-element-container=\"modulo-texto-link\" class=\"paragraph\">Cinco despu\u00e9s, los mismos protagonistas golpeaban de nuevo. <strong>Virgili <\/strong>condujo con velocidad, puso el pase al espacio y <strong>\u2018El Pirata\u2019<\/strong> cruz\u00f3 el bal\u00f3n con acierto. Era el 2-0.<\/p>\n<p data-gtm-element-container=\"modulo-texto-link\" class=\"paragraph\"><strong>Osasuna<\/strong> intent\u00f3 reaccionar pero top\u00f3 con un muro en la zaga local hasta que en el minuto 82 <strong>Ra\u00fal Garc\u00eda<\/strong> encontr\u00f3 un hueco en la barrera en un libre directo y coloc\u00f3 un disparo raso junto al palo de <strong>Bergstr\u00f6m<\/strong> que devolv\u00eda a los navarros al partido.<\/p>\n<p data-gtm-element-container=\"modulo-texto-link\" class=\"paragraph\">Se volc\u00f3 el equipo de <strong>Lisci<\/strong> en los \u00faltimos minutos y logr\u00f3 premio en el 92\u2019 gracias al malabarismo de <strong>Boyomo<\/strong> para rescatar un empate inesperado con sabor a victoria, pese a que el punto no sirva para mucho a ninguno de los dos equipos.<\/p>\n<tr>\n<td align=\"left\" valign=\"middle\" width=\"36.79%\">\n13 L. Bergstr\u00f6m <\/td>\n<td valign=\"middle\" align=\"right\" width=\"18.49\"\/>\n<td align=\"left\" valign=\"middle\" width=\"36.79%\">\n1 Sergio Herrera <\/td>\n<td valign=\"middle\" align=\"right\" width=\"18.49\"\/>\n<\/tr>\n<tr>\n<td align=\"left\" valign=\"middle\" width=\"36.79%\">\n23 Pablo Maffeo <\/td>\n<td valign=\"middle\" align=\"right\" width=\"18.49\"\/>\n<td align=\"left\" valign=\"middle\" width=\"36.79%\">\n22 F. Boyomo <\/td>\n<td valign=\"middle\" align=\"right\" width=\"18.49\"\/>\n<\/tr>\n<tr>\n<td align=\"left\" valign=\"middle\" width=\"36.79%\">\n24 Martin Valjent <\/td>\n<td valign=\"middle\" align=\"right\" width=\"18.49\"\/>\n<td align=\"left\" valign=\"middle\" width=\"36.79%\">\n5 J. Herrando <\/td>\n<td valign=\"middle\" align=\"right\" width=\"18.49\"\/>\n<\/tr>\n<tr>\n<td align=\"left\" valign=\"middle\" width=\"36.79%\">\n21 A. Ra\u00edllo <\/td>\n<td valign=\"middle\" align=\"right\" width=\"18.49\"\/>\n<td align=\"left\" valign=\"middle\" width=\"36.79%\">\n29 A. Osambela 71&#8242;<\/td>\n<td valign=\"middle\" align=\"right\" width=\"18.49\"\/>\n<\/tr>\n<tr>\n<td align=\"left\" valign=\"middle\" width=\"36.79%\">\n22 Johan Mojica <\/td>\n<td valign=\"middle\" align=\"right\" width=\"18.49\"\/>\n<td align=\"left\" valign=\"middle\" width=\"36.79%\">\n(16 Moi G\u00f3mez)\n<\/td>\n<td valign=\"middle\" align=\"right\" width=\"18.49\"\/>\n<\/tr>\n<tr>\n<td align=\"left\" valign=\"middle\" width=\"36.79%\">\n12 Sam\u00fa Costa <\/td>\n<td valign=\"middle\" align=\"right\" width=\"18.49\"\/>\n<td align=\"left\" valign=\"middle\" width=\"36.79%\">\n7 J. Moncayola 83&#8242;<\/td>\n<td valign=\"middle\" align=\"right\" width=\"18.49\"\/>\n<\/tr>\n<tr>\n<td align=\"left\" valign=\"middle\" width=\"36.79%\">\n5 Omar Mascarell <\/td>\n<td valign=\"middle\" align=\"right\" width=\"18.49\"\/>\n<td align=\"left\" valign=\"middle\" width=\"36.79%\">\n(18 S. Becker)\n<\/td>\n<td valign=\"middle\" align=\"right\" width=\"18.49\"\/>\n<\/tr>\n<tr>\n<td align=\"left\" valign=\"middle\" width=\"36.79%\">\n18 Mateo Joseph 65&#8242;<\/td>\n<td valign=\"middle\" align=\"right\" width=\"18.49\"\/>\n<td align=\"left\" valign=\"middle\" width=\"36.79%\">\n6 Lucas Torr\u00f3 <\/td>\n<td valign=\"middle\" align=\"right\" width=\"18.49\"\/>\n<\/tr>\n<tr>\n<td align=\"left\" valign=\"middle\" width=\"36.79%\">\n(6 Antonio S\u00e1nchez)\n<\/td>\n<td valign=\"middle\" align=\"right\" width=\"18.49\"\/>\n<td align=\"left\" valign=\"middle\" width=\"36.79%\">\n10 Aimar Oroz <\/td>\n<td valign=\"middle\" align=\"right\" width=\"18.49\"\/>\n<\/tr>\n<tr>\n<td align=\"left\" valign=\"middle\" width=\"36.79%\">\n10 Sergi Darder 81&#8242;<\/td>\n<td valign=\"middle\" align=\"right\" width=\"18.49\"\/>\n<td align=\"left\" valign=\"middle\" width=\"36.79%\">\n23 Abel Bretones 83&#8242;<\/td>\n<td valign=\"middle\" align=\"right\" width=\"18.49\"\/>\n<\/tr>\n<tr>\n<td align=\"left\" valign=\"middle\" width=\"36.79%\">\n(20 Pablo Torre)\n<\/td>\n<td valign=\"middle\" align=\"right\" width=\"18.49\"\/>\n<td align=\"left\" valign=\"middle\" width=\"36.79%\">\n(3 Juan Cruz)\n<\/td>\n<td valign=\"middle\" align=\"right\" width=\"18.49\"\/>\n<\/tr>\n<tr>\n<td align=\"left\" valign=\"middle\" width=\"36.79%\">\n17 Jan Virgili 81&#8242;<\/td>\n<td valign=\"middle\" align=\"right\" width=\"18.49\"\/>\n<td align=\"left\" valign=\"middle\" width=\"36.79%\">\n21 V\u00edctor Mu\u00f1oz 76&#8242;<\/td>\n<td valign=\"middle\" align=\"right\" width=\"18.49\"\/>\n<\/tr>\n<tr>\n<td align=\"left\" valign=\"middle\" width=\"36.79%\">\n(11 Takuma Asano)\n<\/td>\n<td valign=\"middle\" align=\"right\" width=\"18.49\"\/>\n<td align=\"left\" valign=\"middle\" width=\"36.79%\">\n(11 Kike Barja)\n<\/td>\n<td valign=\"middle\" align=\"right\" width=\"18.49\"\/>\n<\/tr>\n<tr>\n<td align=\"left\" valign=\"middle\" width=\"36.79%\">\n7 Vedat Muriqi <\/td>\n<td valign=\"middle\" align=\"right\" width=\"18.49\"\/>\n<td align=\"left\" valign=\"middle\" width=\"36.79%\">\n17 A. Budimir 71&#8242;<\/td>\n<td valign=\"middle\" align=\"right\" width=\"18.49\"\/>\n<\/tr>\n<tr>\n<td align=\"left\" valign=\"middle\" width=\"36.79%\">\n <\/td>\n<td valign=\"middle\" align=\"right\" width=\"18.49\"\/>\n<td align=\"left\" valign=\"middle\" width=\"36.79%\">\n(9 Ra\u00fal Garc\u00eda)\n<\/td>\n<td valign=\"middle\" align=\"right\" width=\"18.49\"\/>\n<\/tr>\n<tr>\n<td align=\"left\" valign=\"middle\" width=\"36.79%\">\n <\/td>\n<td valign=\"middle\" align=\"right\" width=\"18.49\"\/>\n<td align=\"left\" valign=\"middle\" width=\"36.79%\">\n14 Rub\u00e9n Garc\u00eda <\/td>\n<td valign=\"middle\" align=\"right\" width=\"18.49\"\/>\n<\/tr>\n<tr>\n<td align=\"left\" valign=\"middle\" width=\"36.79%\">\n <\/td>\n<td valign=\"middle\" align=\"right\" width=\"18.49\"\/>\n<td align=\"left\" valign=\"middle\" width=\"36.79%\">\n <\/td>\n<td valign=\"middle\" align=\"right\" width=\"18.49\"\/>\n<\/tr>\n<p class=\"negrita\">Goles:(1-0) Vedat Muriqi (62&#8242;), (2-0) Vedat Muriqi (66&#8242;), (2-1) Ra\u00fal Garc\u00eda (82&#8242;), (2-2) F. Boyomo (92&#8242;) <\/p>\n<p class=\"negrita\">Tarjetas:L Sergio Herrera (41&#8242;), Mateo Joseph (41&#8242;), Pablo Maffeo (41&#8242;), Abel Bretones (46&#8242;), F. Boyomo (59&#8242;), Sam\u00fa Costa (81&#8242;), Aimar Oroz (85&#8242;)L <\/p>\n<p class=\"negrita\">\u00c1rbitro: Jes\u00fas Gil Manzano<\/p>\n<p class=\"negrita\">Espectadores: 15.457 en Son Moix<\/p>\n<tr class=\"lomejor\">\n<td class=\"topo mejor\"\/>\n<td align=\"left\" class=\"comentario\">\nLO MEJOR El entendimiento entre Jan Virgili y Muriqi, y la fe de Osasuna<\/td>\n<\/tr>\n<tr class=\"lopeor\">\n<td class=\"topo peor\"\/>\n<td align=\"left\" class=\"comentario\">\nLO PEOR El paso atr\u00e1s que dio el Mallorca en los \u00faltimos minutos de partido<\/td>\n<\/tr>\n<p data-gtm-element-container=\"modulo-texto-link\" class=\"paragraph\">\u00a0<\/p>\n","protected":false},"excerpt":{"rendered":"Un remate a la media vuelta de Boyomo en el alargue hel\u00f3 la sonrisa a un Real Mallorca&hellip;\n","protected":false},"author":2,"featured_media":263077,"comment_status":"","ping_status":"","sticky":false,"template":"","format":"standard","meta":{"footnotes":""},"categories":[268],"tags":[168,25,24,280,282,281,23,167],"class_list":{"0":"post-263076","1":"post","2":"type-post","3":"status-publish","4":"format-standard","5":"has-post-thumbnail","7":"category-futbol","8":"tag-deportes","9":"tag-es","10":"tag-espana","11":"tag-football","12":"tag-futbol","13":"tag-soccer","14":"tag-spain","15":"tag-sports"},"share_on_mastodon":{"url":"https:\/\/pubeurope.com\/@es\/115636682526975168","error":""},"_links":{"self":[{"href":"https:\/\/www.europesays.com\/es\/wp-json\/wp\/v2\/posts\/263076","targetHints":{"allow":["GET"]}}],"collection":[{"href":"https:\/\/www.europesays.com\/es\/wp-json\/wp\/v2\/posts"}],"about":[{"href":"https:\/\/www.europesays.com\/es\/wp-json\/wp\/v2\/types\/post"}],"author":[{"embeddable":true,"href":"https:\/\/www.europesays.com\/es\/wp-json\/wp\/v2\/users\/2"}],"replies":[{"embeddable":true,"href":"https:\/\/www.europesays.com\/es\/wp-json\/wp\/v2\/comments?post=263076"}],"version-history":[{"count":0,"href":"https:\/\/www.europesays.com\/es\/wp-json\/wp\/v2\/posts\/263076\/revisions"}],"wp:featuredmedia":[{"embeddable":true,"href":"https:\/\/www.europesays.com\/es\/wp-json\/wp\/v2\/media\/263077"}],"wp:attachment":[{"href":"https:\/\/www.europesays.com\/es\/wp-json\/wp\/v2\/media?parent=263076"}],"wp:term":[{"taxonomy":"category","embeddable":true,"href":"https:\/\/www.europesays.com\/es\/wp-json\/wp\/v2\/categories?post=263076"},{"taxonomy":"post_tag","embeddable":true,"href":"https:\/\/www.europesays.com\/es\/wp-json\/wp\/v2\/tags?post=263076"}],"curies":[{"name":"wp","href":"https:\/\/api.w.org\/{rel}","templated":true}]}}