{"id":263078,"date":"2025-11-30T04:08:17","date_gmt":"2025-11-30T04:08:17","guid":{"rendered":"https:\/\/www.europesays.com\/es\/263078\/"},"modified":"2025-11-30T04:08:17","modified_gmt":"2025-11-30T04:08:17","slug":"elena-ochoa-arropa-a-norman-foster-en-la-ceremonia-como-doctor-honoris-causa-por-la-universidad-autonoma-de-madrid","status":"publish","type":"post","link":"https:\/\/www.europesays.com\/es\/263078\/","title":{"rendered":"Elena Ochoa arropa a Norman Foster en la ceremonia como doctor honoris causa por la Universidad Aut\u00f3noma de Madrid"},"content":{"rendered":"<p data-journey-content=\"true\" data-node-id=\"3\" class=\"css-6wxqfj emevuu60\">Su historia de amor dura ya tres d\u00e9cadas, y siguen siendo inseparables. <strong data-node-id=\"3.1\"><a href=\"https:\/\/www.diezminutos.es\/famosos-corazon\/famosos-espanoles\/a46670822\/elena-ochoa-look-llamativo-paseo-perros-saint-moritz\/\" target=\"_blank\" data-vars-ga-outbound-link=\"https:\/\/www.diezminutos.es\/famosos-corazon\/famosos-espanoles\/a46670822\/elena-ochoa-look-llamativo-paseo-perros-saint-moritz\/\" data-vars-ga-ux-element=\"Hyperlink\" data-vars-ga-call-to-action=\"Elena Ochoa y Norman Foster\" data-node-id=\"3.1.0\" class=\"body-link css-177bzfx emevuu60\" rel=\"nofollow noopener\">Elena Ochoa y Norman Foster<\/a> son un matrimonio consolidado que se apoya mutuamente<\/strong>, y <strong data-node-id=\"3.3\">la psic\u00f3loga espa\u00f1ola<\/strong>, reconvertida en editora de libros de arte y promotora de proyectos art\u00edsticos, <strong data-node-id=\"3.5\">acompa\u00f1\u00f3 al reconocido arquitecto brit\u00e1nico en su investidura como doctor honoris causa por la Universidad Aut\u00f3noma de Madrid (UAM)<\/strong>. La ceremonia ha sido presidida por la rectora Amaya Mendikoetxea quien le ha impuesto a lord Foster los s\u00edmbolos que acompa\u00f1an a la m\u00e1xima distinci\u00f3n acad\u00e9mica que concede esta universidad: el birrete laureado, el anillo de la universidad, los guantes blancos, el Libro de la Ciencia y la medalla, todo bajo la atenta mirada de su esposa, Elena Ochoa, quien, desde primera fila, asist\u00eda emocionada a la ceremonia. <\/p>\n<p><img draggable=\"true\" alt=\"elena ochoa arropa a norman foster como doctor honoris causa\" title=\"Elena Ochoa arropa a Norman Foster como doctor honoris causa\" loading=\"lazy\" width=\"3000\" height=\"5040\" decoding=\"async\" data-nimg=\"1\" style=\"color:transparent;width:100%;height:auto;\"   src=\"https:\/\/www.europesays.com\/es\/wp-content\/uploads\/2025\/11\/norman-foster-elena-ochoa-69297d6a81bc1.jpg\" class=\"css-0 e1g79fud0\"\/><\/p>\n<p>Gtres<\/p>\n<p><img draggable=\"true\" alt=\"elena ochoa arropa a norman foster como doctor honoris causa\" title=\"Elena Ochoa arropa a Norman Foster como doctor honoris causa\" loading=\"lazy\" width=\"3000\" height=\"2004\" decoding=\"async\" data-nimg=\"1\" style=\"color:transparent;width:100%;height:auto;\"   src=\"https:\/\/www.europesays.com\/es\/wp-content\/uploads\/2025\/11\/norman-foster-doctor-honoris-causa-69297d6a93306.jpg\" class=\"css-0 e1g79fud0\"\/><\/p>\n<p>Gtres<\/p>\n<p data-journey-content=\"true\" data-node-id=\"8\" class=\"css-6wxqfj emevuu60\">Para la investidura de su marido, lord Norman Foster, como doctor honoris causa por la Universidad Aut\u00f3noma de Madrid, <strong data-node-id=\"8.1\">Elena Ochoa dio <a href=\"https:\/\/www.diezminutos.es\/famosos-corazon\/famosos-espanoles\/news\/g15849\/elena-ochoa-jurado-premios-princesa-de-asturias\/\" target=\"_blank\" data-vars-ga-outbound-link=\"https:\/\/www.diezminutos.es\/famosos-corazon\/famosos-espanoles\/news\/g15849\/elena-ochoa-jurado-premios-princesa-de-asturias\/\" data-vars-ga-ux-element=\"Hyperlink\" data-vars-ga-call-to-action=\"muestra de su elegancia\" data-node-id=\"8.1.1\" class=\"body-link css-177bzfx emevuu60\" rel=\"nofollow noopener\">muestra de su elegancia<\/a> con un traje pantal\u00f3n en tonos verdes,<\/strong> con pa\u00f1uelo combinado, y un gran collar de eslabones aunque no se separ\u00f3 de sus gafas de sol en toda la ceremonia. La psic\u00f3loga dirige Ivorypress, una editorial y galer\u00eda centrada en arquitectura, fotograf\u00eda y libros de arte y tambi\u00e9n es comisar\u00eda de arte.<\/p>\n<p><img draggable=\"true\" alt=\"elena ochoa arropa a norman foster como doctor honoris causa\" title=\"Elena Ochoa arropa a Norman Foster como doctor honoris causa\" loading=\"lazy\" width=\"3000\" height=\"6099\" decoding=\"async\" data-nimg=\"1\" style=\"color:transparent;width:100%;height:auto;\"   src=\"https:\/\/www.europesays.com\/es\/wp-content\/uploads\/2025\/11\/elena-ochoa-look-69297d6ace27d.jpg\" class=\"css-0 e1g79fud0\"\/><\/p>\n<p>Gtres<\/p>\n<p><img draggable=\"true\" alt=\"elena ochoa arropa a norman foster como doctor honoris causa\" title=\"Elena Ochoa arropa a Norman Foster como doctor honoris causa\" loading=\"lazy\" width=\"3000\" height=\"4499\" decoding=\"async\" data-nimg=\"1\" style=\"color:transparent;width:100%;height:auto;\"   src=\"https:\/\/www.europesays.com\/es\/wp-content\/uploads\/2025\/11\/elena-ochoa-primer-plano-69297d6aabc69.jpg\" class=\"css-0 e1g79fud0\"\/><\/p>\n<p>Gtres<\/p>\n<p data-journey-content=\"true\" data-node-id=\"12\" class=\"css-6wxqfj emevuu60\"><strong data-node-id=\"12.0\">El t\u00edtulo de doctor honoris causa por la Universidad Aut\u00f3noma de Madrid para lord Norman Foster es un reconocimiento m\u00e1s para una trayectoria brillante e imparable<\/strong>, pues el arquitecto brit\u00e1nico sigue trabajando a sus 90 a\u00f1os. Dos de sus trabajos m\u00e1s reconocidos son la Torre Hearst o el metro de Bilbao, y proyecta la ampliaci\u00f3n del Museo del Prado\u2026 <strong data-node-id=\"12.2\">Aunque tal vez sus mejores obras son sus seis hijos;<\/strong> los dos peque\u00f1os, Paola y Eduardo, de 25 y 22 a\u00f1os, son fruto de su relaci\u00f3n con la doctora Ochoa<\/p>\n<p data-journey-content=\"true\" data-node-id=\"16\" class=\"css-6wxqfj emevuu60\">Durante su discurso en la Universidad Aut\u00f3noma de Madrid, lord Norman Foster agradeci\u00f3 la formaci\u00f3n recibida a las universidades de Manchester y Yale y <strong data-node-id=\"16.1\">tambi\u00e9n ha hablado de su pasi\u00f3n por la arquitectura y el urbanismo dejando claro que se deber\u00eda apostar por ciudades m\u00e1s sostenibles.<\/strong> \u00abLa ciudad ideal y sostenible probablemente sea densa y compacta, que tenga un n\u00facleo hist\u00f3rico con barrios cercanos que sean seguros y saludables porque son transitables a pie, en bicicleta y bien conectados por transporte p\u00fablico. Comercios, escuelas, restaurantes y lugares de trabajo estar\u00edan al alcance f\u00e1cil, as\u00ed como parques y zonas verdes\u00bb, dijo. <\/p>\n<p><img draggable=\"true\" alt=\"elena ochoa y norman foster con la rectora de la uam\" title=\"Elena Ochoa y Norman Foster con la rectora de la UAM\" loading=\"lazy\" width=\"3000\" height=\"2180\" decoding=\"async\" data-nimg=\"1\" style=\"color:transparent;width:100%;height:auto;\"   src=\"https:\/\/www.europesays.com\/es\/wp-content\/uploads\/2025\/11\/elena-ochoa-rectora-uam-norman-foster-6929845b62494.jpg\" class=\"css-0 e1g79fud0\"\/><\/p>\n<p>Gtres<\/p>\n<p><img src=\"https:\/\/www.europesays.com\/es\/wp-content\/uploads\/2025\/11\/1764475697_260_efed3e56-411c-4c5f-aad1-8194ce4fe362_1700500172.file\" alt=\"Headshot of Redacci\u00f3n Diez Minutos\" title=\"Headshot of Redacci\u00f3n Diez Minutos\" width=\"100%\" height=\"100%\" decoding=\"async\" loading=\"lazy\" class=\"css-o0wq4v ev8dhu53\"\/><\/p>\n<p>\u00a0En Diez Minutos somos especialistas en cubrir todas las noticias del coraz\u00f3n y de la monarqu\u00eda para acercarte a las vidas de todos esos personajes a los que admiras.<\/p>\n<p>Descubre con nosotros la \u00faltima hora de los famosos nacionales e internacionales m\u00e1s relevantes: sus pol\u00e9micas, sus historias amorosas y familiares y sus proyectos profesionales con nuestras entrevistas, videos y reportajes. Tambi\u00e9n te mostramos el d\u00eda a d\u00eda de la realeza, cont\u00e1ndote con especial detalle la vida personal y familiar de nuestros Reyes: Felipe VI y Letizia y sus hijas Leonor y Sof\u00eda.<\/p>\n<p>Diez Minutos es mucho m\u00e1s que cr\u00f3nica social. Queremos hacerte la vida m\u00e1s f\u00e1cil y cuidar de ti. Por eso, publicamos una amplia selecci\u00f3n de contenidos pr\u00e1cticos para ayudarte en tu econom\u00eda dom\u00e9stica, en la decoraci\u00f3n de tu casa o en tu bienestar f\u00edsico y emocional. Tambi\u00e9n encontrar\u00e1s todo tipo de noticias y reportajes sobre el embarazo y la maternidad para facilitarte este proceso de la vida.<\/p>\n<p>La cocina es otra parte fundamental de esta gu\u00eda pr\u00e1ctica con la mejor selecci\u00f3n de recetas y consejos para llevar una dieta saludable y variada. Y todo ello sin olvidarnos de los contenidos de moda y belleza que te har\u00e1n estar a la \u00faltima en las tendencias del momento con numerosas propuestas, ofertas y novedades.<\/p>\n<p>Te lo contamos todo con la misma rigurosidad y cercan\u00eda con la que te llevamos acompa\u00f1ando desde hace 72 a\u00f1os, cuando un 1 de septiembre de 1951 la revista vio la luz por primera vez. Muchas cosas han cambiado en lo que se refiere a la parte t\u00e9cnica, pero lo que te aseguramos es que el equipo que forma esta redacci\u00f3n realiza su trabajo con entusiasmo y entrega pensando en cada uno de vosotros para que encontr\u00e9is aqu\u00ed el sitio ideal donde disfrutar de la vida.<\/p>\n<p>El equipo digital de Diez Minutos est\u00e1 formado por:<\/p>\n<p><a href=\"https:\/\/www.diezminutos.es\/author\/15369\/rosa-prieto\/\" rel=\"nofollow noopener\" target=\"_blank\">Rosa Prieto:<\/a> Directora digital.<\/p>\n<p><a href=\"https:\/\/www.diezminutos.es\/author\/18095\/silvia-criado\/\" rel=\"nofollow noopener\" target=\"_blank\">Silvia Criado:<\/a> Jefa de secci\u00f3n digital.<\/p>\n<p><a href=\"https:\/\/www.diezminutos.es\/author\/16262\/magdalena-pinero\/\" rel=\"nofollow noopener\" target=\"_blank\">Magdalena Pi\u00f1ero:<\/a> redactora digital.\u00a0<\/p>\n<p><a href=\"https:\/\/www.diezminutos.es\/author\/16270\/daniel-reyes\/\" rel=\"nofollow noopener\" target=\"_blank\">Daniel Reyes:<\/a> redactor digital.<\/p>\n<p><a href=\"https:\/\/www.diezminutos.es\/author\/221934\/ignacio-herruzo\/\" rel=\"nofollow noopener\" target=\"_blank\">Ignacio Herruzo<\/a>: redactor digital.<\/p>\n<p><a href=\"https:\/\/www.diezminutos.es\/author\/740003\/nora-camara\/\" rel=\"nofollow noopener\" target=\"_blank\">Nora C\u00e1mara<\/a>: redactora digital.\u00a0<\/p>\n","protected":false},"excerpt":{"rendered":"Su historia de amor dura ya tres d\u00e9cadas, y siguen siendo inseparables. Elena Ochoa y Norman Foster son&hellip;\n","protected":false},"author":2,"featured_media":263079,"comment_status":"","ping_status":"","sticky":false,"template":"","format":"standard","meta":{"footnotes":""},"categories":[174],"tags":[255,253,146,147,25,24,256,12719,23],"class_list":{"0":"post-263078","1":"post","2":"type-post","3":"status-publish","4":"format-standard","5":"has-post-thumbnail","7":"category-famosos","8":"tag-celebrities","9":"tag-discover","10":"tag-entertainment","11":"tag-entretenimiento","12":"tag-es","13":"tag-espana","14":"tag-famosos","15":"tag-print","16":"tag-spain"},"share_on_mastodon":{"url":"https:\/\/pubeurope.com\/@es\/115636686944717304","error":""},"_links":{"self":[{"href":"https:\/\/www.europesays.com\/es\/wp-json\/wp\/v2\/posts\/263078","targetHints":{"allow":["GET"]}}],"collection":[{"href":"https:\/\/www.europesays.com\/es\/wp-json\/wp\/v2\/posts"}],"about":[{"href":"https:\/\/www.europesays.com\/es\/wp-json\/wp\/v2\/types\/post"}],"author":[{"embeddable":true,"href":"https:\/\/www.europesays.com\/es\/wp-json\/wp\/v2\/users\/2"}],"replies":[{"embeddable":true,"href":"https:\/\/www.europesays.com\/es\/wp-json\/wp\/v2\/comments?post=263078"}],"version-history":[{"count":0,"href":"https:\/\/www.europesays.com\/es\/wp-json\/wp\/v2\/posts\/263078\/revisions"}],"wp:featuredmedia":[{"embeddable":true,"href":"https:\/\/www.europesays.com\/es\/wp-json\/wp\/v2\/media\/263079"}],"wp:attachment":[{"href":"https:\/\/www.europesays.com\/es\/wp-json\/wp\/v2\/media?parent=263078"}],"wp:term":[{"taxonomy":"category","embeddable":true,"href":"https:\/\/www.europesays.com\/es\/wp-json\/wp\/v2\/categories?post=263078"},{"taxonomy":"post_tag","embeddable":true,"href":"https:\/\/www.europesays.com\/es\/wp-json\/wp\/v2\/tags?post=263078"}],"curies":[{"name":"wp","href":"https:\/\/api.w.org\/{rel}","templated":true}]}}