{"id":263084,"date":"2025-11-30T04:16:08","date_gmt":"2025-11-30T04:16:08","guid":{"rendered":"https:\/\/www.europesays.com\/es\/263084\/"},"modified":"2025-11-30T04:16:08","modified_gmt":"2025-11-30T04:16:08","slug":"no-hay-mas-que-mujeres","status":"publish","type":"post","link":"https:\/\/www.europesays.com\/es\/263084\/","title":{"rendered":"No hay m\u00e1s que mujeres"},"content":{"rendered":"<p class=\"voc-p\" style=\"\">Echo de menos a <strong>Alain Hern\u00e1ndez<\/strong> en &#8216;Sue\u00f1os de libertad&#8217;. Y como Jes\u00fas est\u00e1 muerto, no hay manera de que vuelva, que esto no es <a href=\"https:\/\/www.abc.es\/tv\/series\/20130709\/abci-dallas-estreno-antena-201307081943.html\" target=\"_blank\" data-voc-vtm-id=\"in-text-traffic\" title=\"&#039;Dallas&#039;\" data-mrf-link=\"www.abc.es\" rel=\"nofollow noopener\">&#8216;Dallas&#8217;<\/a> y el sue\u00f1o de Victoria Principal con Bobby. En el caso de Bego\u00f1a s\u00ed ser\u00eda una pesadilla  &#8230; que volviera, aunque el personaje interpretado por Natalia S\u00e1nchez tiene una habilidad especial para casarse con los malos, no necesita que le resuciten para tenerlos en su vida. Ahora al actor lo podemos ver en<strong> &#8216;Las hijas de la criada&#8217; (Atresplayer)<\/strong>, como el padre de las dos ni\u00f1as. Es la segunda producci\u00f3n espa\u00f1ola de \u00e9poca que se estrena estos d\u00edas. A &#8216;Ena&#8217;, que tanto tiempo han tenido guardada, le est\u00e1 yendo muy bien, pese al estropicio del doblaje (en RTVEPlay se puede ver en versi\u00f3n original). Claro que &#8216;Isabel&#8217;, tambi\u00e9n de <a href=\"https:\/\/www.abc.es\/play\/television\/noticias\/abcp-isabel-licencia-para-narrar-201112130000_noticia.html\" target=\"_blank\" data-voc-vtm-id=\"in-text-traffic\" title=\"Javier Olivares\" data-mrf-link=\"www.abc.es\" rel=\"nofollow noopener\">Javier Olivares<\/a>, todav\u00eda con su hermano, lleg\u00f3 a presentarse a la prensa y luego tard\u00f3 tiempo en estrenarse. Cosas de TVE ayer y hoy. La ventaja de &#8216;Las hijas de la criada&#8217;, basada en la novela de <a href=\"https:\/\/www.abc.es\/cultura\/sonsoles-onega-echo-television-sentaban-umbral-cesar-20250804123208-nt.html\" target=\"_blank\" data-voc-vtm-id=\"in-text-traffic\" title=\"Sonsoles \u00d3nega\" data-mrf-link=\"www.abc.es\" rel=\"nofollow noopener\">Sonsoles \u00d3nega<\/a>, sobre &#8216;Ena&#8217;, basada en la novela de Pilar Eyre, es que como es ficci\u00f3n del todo, no tiene lobos con libreta fij\u00e1ndose en errores hist\u00f3ricos. Qu\u00e9 cansinos. Me acuerdo de una carta al director durante la emisi\u00f3n de &#8216;Teresa de Jes\u00fas&#8217; de un se\u00f1or que se quejaba de que una capa pluvial no era de esa \u00e9poca. Disfr\u00fatenlas, que no todo el mundo quiere ver &#8216;La f\u00e1brica de sillas&#8217; (HBO), tan absurda como desternillante. Tambi\u00e9n hay que recordar que Antena 3 ha empezado el rodaje de &#8216;Sira&#8217;, la secuela de <a href=\"https:\/\/www.abc.es\/tv\/series\/20140121\/abci-tiempo-entre-costuras-final-201401211059_amp.html\" target=\"_blank\" data-voc-vtm-id=\"in-text-traffic\" title=\"&#039;El tiempo entre costuras&#039;.\" data-mrf-link=\"www.abc.es\" rel=\"nofollow noopener\">&#8216;El tiempo entre costuras&#8217;.<\/a><\/p>\n<p class=\"voc-p\" style=\"\">Esta semana han vuelto &#8216;Anatom\u00eda de Grey&#8217; en Disney + (\u00a1temporada 22!), &#8216;Elsbeth&#8217; (tercera) y &#8216;Matlock&#8217; (segunda), ambas en Movistar Plus +. Series ligeras con se\u00f1oras estupendas. A <strong>Robert King<\/strong>, el creador de &#8216;Elsbeth&#8217; (y, claro, de &#8216;The Good Wife&#8217; y &#8216;The Good Fight&#8217;), le ha encantado &#8216;Muerte por un rayo&#8217; (Netflix). Cont\u00f3 en X que lleg\u00f3 muy tarde a la serie (es de 2025, pero hoy un mes nos parece una eternidad con los estrenos) porque pens\u00f3 que ser\u00eda aburrida. Y de eso nada. A partir del hallazgo en 1969 del cerebro de un tal Guiteau, cuenta el ascenso y asesinato de <strong>Andrew Garfield<\/strong> desde la perspectiva del presidente por accidente (fue a la convenci\u00f3n republicana a apoyar a otro y sali\u00f3 nominado) y del asesino (Guiteau, un fan chiflado interpretado por Matthew Mcfayden, el yerno de <a href=\"https:\/\/www.abc.es\/play\/series\/noticias\/abci-motivos-para-succession-mejor-serie-siglo-202110180041_noticia.html\" target=\"_blank\" data-voc-vtm-id=\"in-text-traffic\" title=\"&#039;Succession&#039;\" data-mrf-link=\"www.abc.es\" rel=\"nofollow noopener\">&#8216;Succession&#8217;<\/a>). Dice King que es como &#8216;El ala oeste&#8217; de 1880. Y sale Bradley Whitford, el Josh Lyman de la serie de Sorkin. Adem\u00e1s, la miniserie solo tiene cuatro cap\u00edtulos. <\/p>\n<p class=\"voc-p\" style=\"\">Volviendo al presente, tambi\u00e9n ha vuelto &#8216;Blue Lights&#8217; (Movistar). Un cl\u00e1sico ya la serie brit\u00e1nica de polic\u00edas en Belfast. Una ficci\u00f3n llena de mujeres como mandos policiales. Salvo en &#8216;Muerte por un rayo&#8217; (el t\u00edtulo viene de la premonitoria frase de Garfield de que un asesinato se puede prevenir tanto como la muerte por un rayo), todas las dem\u00e1s series estrenadas o que han vuelto esta semana est\u00e1n o protagonizadas o llenas de mujeres.<\/p>\n<p><img loading=\"lazy\" decoding=\"async\" width=\"530\" height=\"64\" class=\"logo-premium\" src=\"data:image\/gif;base64,R0lGODlhAQABAAAAACH5BAEKAAEALAAAAAABAAEAAAICTAEAOw==\" alt=\"ABC Premium\"\/><br \/>\nL\u00edmite de sesiones alcanzadas<\/p>\n<ul class=\"listado\">\n<li>El acceso al contenido Premium est\u00e1 abierto por cortes\u00eda del establecimiento donde te encuentras, pero ahora mismo hay demasiados usuarios conectados a la vez. Por favor, int\u00e9ntalo pasados unos minutos.<\/li>\n<\/ul>\n<p>Volver a intentar<\/p>\n<p><img loading=\"lazy\" decoding=\"async\" width=\"530\" height=\"64\" class=\"logo-premium\" src=\"data:image\/gif;base64,R0lGODlhAQABAAAAACH5BAEKAAEALAAAAAABAAEAAAICTAEAOw==\" alt=\"ABC Premium\"\/><br \/>\nHas superado el l\u00edmite de sesiones<\/p>\n<ul class=\"listado\">\n<li>S\u00f3lo puedes tener tres sesiones iniciadas a la vez. Hemos cerrado la sesi\u00f3n m\u00e1s antigua para que sigas navegando sin l\u00edmites en el resto.<\/li>\n<\/ul>\n<p>Sigue navegando<\/p>\n<p>\nArt\u00edculo solo para suscriptores\n<\/p>\n<p>Reportar un error<\/p>\n","protected":false},"excerpt":{"rendered":"Echo de menos a Alain Hern\u00e1ndez en &#8216;Sue\u00f1os de libertad&#8217;. Y como Jes\u00fas est\u00e1 muerto, no hay manera&hellip;\n","protected":false},"author":2,"featured_media":263085,"comment_status":"","ping_status":"","sticky":false,"template":"","format":"standard","meta":{"footnotes":""},"categories":[91],"tags":[146,147,25,24,4044,23],"class_list":{"0":"post-263084","1":"post","2":"type-post","3":"status-publish","4":"format-standard","5":"has-post-thumbnail","7":"category-entretenimiento","8":"tag-entertainment","9":"tag-entretenimiento","10":"tag-es","11":"tag-espana","12":"tag-mujeres","13":"tag-spain"},"share_on_mastodon":{"url":"https:\/\/pubeurope.com\/@es\/115636717830165727","error":""},"_links":{"self":[{"href":"https:\/\/www.europesays.com\/es\/wp-json\/wp\/v2\/posts\/263084","targetHints":{"allow":["GET"]}}],"collection":[{"href":"https:\/\/www.europesays.com\/es\/wp-json\/wp\/v2\/posts"}],"about":[{"href":"https:\/\/www.europesays.com\/es\/wp-json\/wp\/v2\/types\/post"}],"author":[{"embeddable":true,"href":"https:\/\/www.europesays.com\/es\/wp-json\/wp\/v2\/users\/2"}],"replies":[{"embeddable":true,"href":"https:\/\/www.europesays.com\/es\/wp-json\/wp\/v2\/comments?post=263084"}],"version-history":[{"count":0,"href":"https:\/\/www.europesays.com\/es\/wp-json\/wp\/v2\/posts\/263084\/revisions"}],"wp:featuredmedia":[{"embeddable":true,"href":"https:\/\/www.europesays.com\/es\/wp-json\/wp\/v2\/media\/263085"}],"wp:attachment":[{"href":"https:\/\/www.europesays.com\/es\/wp-json\/wp\/v2\/media?parent=263084"}],"wp:term":[{"taxonomy":"category","embeddable":true,"href":"https:\/\/www.europesays.com\/es\/wp-json\/wp\/v2\/categories?post=263084"},{"taxonomy":"post_tag","embeddable":true,"href":"https:\/\/www.europesays.com\/es\/wp-json\/wp\/v2\/tags?post=263084"}],"curies":[{"name":"wp","href":"https:\/\/api.w.org\/{rel}","templated":true}]}}