{"id":263089,"date":"2025-11-30T04:20:18","date_gmt":"2025-11-30T04:20:18","guid":{"rendered":"https:\/\/www.europesays.com\/es\/263089\/"},"modified":"2025-11-30T04:20:18","modified_gmt":"2025-11-30T04:20:18","slug":"lo-que-deberia-hacer-es-pedirles-perdon","status":"publish","type":"post","link":"https:\/\/www.europesays.com\/es\/263089\/","title":{"rendered":"Lo que deber\u00eda hacer es pedirles perd\u00f3n"},"content":{"rendered":"<p class=\"article-text\">\n        El secretario general de Junts, Jordi Turull, ha respondido este s\u00e1bado a Alberto N\u00fa\u00f1ez Feij\u00f3o un d\u00eda despu\u00e9s de que el l\u00edder del PP <a href=\"https:\/\/www.eldiario.es\/politica\/feijoo-pide-patronal-catalana-convenza-junts-erc-apoyar-mocion-censura-sanchez_1_12805122.html\" data-mrf-recirculation=\"links-noticia\" class=\"link\" rel=\"nofollow noopener\" target=\"_blank\">pidiese ayuda a los empresarios catalanes<\/a> para tener votos suficientes en una eventual moci\u00f3n de censura. \u201cLo que deber\u00eda hacer [Feij\u00f3o] es pedirles perd\u00f3n\u201d, ha asegurado el pol\u00edtico independentista.\n    <\/p>\n<p class=\"article-text\">\n        \u201cDebe pedir perd\u00f3n por invitar a tantas empresas a marcharse y luego no pedir que vuelvan; perd\u00f3n a los barceloneses por hacer una moci\u00f3n de censura preventiva a Xavier Trias y pactar con Jaume Collboni; perd\u00f3n a los catalanes por lo que hicieron las cloacas del Estado, y perd\u00f3n por el boicot al catal\u00e1n en Europa\u201d, ha asegurado Turull, que se ha alejado as\u00ed de cualquier posibilidad de participar en una moci\u00f3n de censura instrumental de Feij\u00f3o contra Pedro S\u00e1nchez.\n    <\/p>\n<p class=\"article-text\">\n        Con todo, desde Junts consideran que el Gobierno est\u00e1 \u201cempantanado en temas judiciales\u201d, detr\u00e1s de los que ven \u201clawfare\u201d. \u201cS\u00ed, de ese &#8216;lawfare&#8217; que ellos negaban cuando nos lo aplicaban a los independentistas\u201d, ha criticado el dirigente.\n    <\/p>\n<p class=\"article-text\">\n        Turull adem\u00e1s ha descartado por el momento volver a intentar un acercamiento a S\u00e1nchez. \u201cNo tenemos la vocaci\u00f3n de ser muleta de nadie, no formamos parte de ning\u00fan bloque y a nosotros solo nos mueve defender Catalu\u00f1a\u201d, ha subrayado.\n    <\/p>\n<p>    Alian\u00e7a, \u201cpopulismo descarnado\u201d<\/p>\n<p class=\"article-text\">\n        El secretario general tambi\u00e9n se ha referido al crecimiento de Alian\u00e7a Catalana en las encuestas. En concreto, se ha referido al <a href=\"https:\/\/www.eldiario.es\/catalunya\/alianca-catalana-atraparia-junts-aspira-tercera-fuerza-catalunya-barometro-ceo_1_12791356.html\" data-mrf-recirculation=\"links-noticia\" class=\"link\" rel=\"nofollow noopener\" target=\"_blank\">\u00faltimo estudio del CEO,<\/a> que apunta a que Junts podr\u00eda perder pr\u00e1cticamente la mitad de los esca\u00f1os actuales en las elecciones catalanas, de los 35 a los 19, y empatar\u00eda como tercera fuerza con Alian\u00e7a Catalana. Seg\u00fan el secretario general, la encuesta tiene \u201csesgos que causan verg\u00fcenza\u201d pero cree que \u201ccumple el objetivo\u201d de crear \u201cun relato de momento complicado para Junts\u201d.\n    <\/p>\n<p class=\"article-text\">\n        En este contexto, Turull ha asegurado que no se dejar\u00e1n \u201cdistraer\u201d y alert\u00f3 a los miembros de su formaci\u00f3n de que no se pueden \u201cdejar impresionar ni verse tentados a dar golpes de volante\u201d. Seg\u00fan Turull, estos movimientos tienen como objetivo que Junts \u201cdeje su posici\u00f3n firme y serena\u201d que les convierte en \u201cla \u00fanica alternativa al Gobierno de Salvador Illa\u201d.\n    <\/p>\n<p class=\"article-text\">\n        Turull tambi\u00e9n se ha referido al hipot\u00e9tico crecimiento que vivir\u00eda Alian\u00e7a Catalana, seg\u00fan la encuesta. Sin referirse directamente a la formaci\u00f3n de S\u00edlvia Orriols, el dirigente de Junts ha alertado sobre \u201cla aparici\u00f3n de un nuevo actor pol\u00edtico que crece a partir del populismo descarnado y que alimenta miedos, prejuicios y rencores\u201d.\n    <\/p>\n<p>    <a href=\"https:\/\/www.eldiario.es\/politica\/feijoo-pide-patronal-catalana-convenza-junts-erc-apoyar-mocion-censura-sanchez_1_12805122.html\" data-mrf-recirculation=\"saber-mas-abajo\" data-dl-event=\"saber-mas-abajo\" rel=\"nofollow noopener\" target=\"_blank\"><\/p>\n<p class=\"know-more__title\">Feij\u00f3o pide a la patronal catalana que convenza a Junts y ERC para apoyar una moci\u00f3n de censura contra S\u00e1nchez<\/p>\n<p>            <img decoding=\"async\" class=\"lazy\" loading=\"lazy\" data-src=\"https:\/\/static.eldiario.es\/clip\/d5e7c34c-bc9d-48bb-9e31-02f3603ddd0b_16-9-aspect-ratio_default_0.jpg\" src=\"data:image\/svg+xml,%3Csvg xmlns=\" http:=\"\" viewbox=\"0 0 880 495\" alt=\"Feij\u00f3o pide a la patronal catalana que convenza a Junts y ERC para apoyar una moci\u00f3n de censura contra S\u00e1nchez\"\/><\/p>\n<p>                        <\/a><\/p>\n<p class=\"article-text\">\n        Seg\u00fan el secretario general, Alian\u00e7a \u201cproyecta sombras donde se necesita luz\u201d y \u201cofrece soluciones f\u00e1ciles a problemas profundos\u201d. \u201cEs un momento complicado, pero no para el partido, sino para el pa\u00eds: Catalunya no puede caer en la deriva que transforma el malestar en odio, y la incertidumbre en exclusi\u00f3n\u201d, avis\u00f3.\n    <\/p>\n","protected":false},"excerpt":{"rendered":"El secretario general de Junts, Jordi Turull, ha respondido este s\u00e1bado a Alberto N\u00fa\u00f1ez Feij\u00f3o un d\u00eda despu\u00e9s&hellip;\n","protected":false},"author":2,"featured_media":263090,"comment_status":"","ping_status":"","sticky":false,"template":"","format":"standard","meta":{"footnotes":""},"categories":[8],"tags":[517,210,17,18,1980,95,25,24,13,14,11,1982,19,20,9,10,15,16,1981,952,23,12,21,22],"class_list":{"0":"post-263089","1":"post","2":"type-post","3":"status-publish","4":"format-standard","5":"has-post-thumbnail","7":"category-espana","8":"tag-actualidad","9":"tag-barcelona","10":"tag-breaking-news","11":"tag-breakingnews","12":"tag-cataluna","13":"tag-economia","14":"tag-es","15":"tag-espana","16":"tag-featured-news","17":"tag-featurednews","18":"tag-headlines","19":"tag-ignacio-escolar","20":"tag-latest-news","21":"tag-latestnews","22":"tag-news","23":"tag-noticias","24":"tag-noticias-destacadas","25":"tag-noticiasdestacadas","26":"tag-periodismo-independiente","27":"tag-politica","28":"tag-spain","29":"tag-titulares","30":"tag-ultimas-noticias","31":"tag-ultimasnoticias"},"share_on_mastodon":{"url":"https:\/\/pubeurope.com\/@es\/115636733427906988","error":""},"_links":{"self":[{"href":"https:\/\/www.europesays.com\/es\/wp-json\/wp\/v2\/posts\/263089","targetHints":{"allow":["GET"]}}],"collection":[{"href":"https:\/\/www.europesays.com\/es\/wp-json\/wp\/v2\/posts"}],"about":[{"href":"https:\/\/www.europesays.com\/es\/wp-json\/wp\/v2\/types\/post"}],"author":[{"embeddable":true,"href":"https:\/\/www.europesays.com\/es\/wp-json\/wp\/v2\/users\/2"}],"replies":[{"embeddable":true,"href":"https:\/\/www.europesays.com\/es\/wp-json\/wp\/v2\/comments?post=263089"}],"version-history":[{"count":0,"href":"https:\/\/www.europesays.com\/es\/wp-json\/wp\/v2\/posts\/263089\/revisions"}],"wp:featuredmedia":[{"embeddable":true,"href":"https:\/\/www.europesays.com\/es\/wp-json\/wp\/v2\/media\/263090"}],"wp:attachment":[{"href":"https:\/\/www.europesays.com\/es\/wp-json\/wp\/v2\/media?parent=263089"}],"wp:term":[{"taxonomy":"category","embeddable":true,"href":"https:\/\/www.europesays.com\/es\/wp-json\/wp\/v2\/categories?post=263089"},{"taxonomy":"post_tag","embeddable":true,"href":"https:\/\/www.europesays.com\/es\/wp-json\/wp\/v2\/tags?post=263089"}],"curies":[{"name":"wp","href":"https:\/\/api.w.org\/{rel}","templated":true}]}}