{"id":263091,"date":"2025-11-30T04:21:27","date_gmt":"2025-11-30T04:21:27","guid":{"rendered":"https:\/\/www.europesays.com\/es\/263091\/"},"modified":"2025-11-30T04:21:27","modified_gmt":"2025-11-30T04:21:27","slug":"adifiss-celebra-su-gala-anual-con-el-apoyo-de-mas-de-80-empresas-locales","status":"publish","type":"post","link":"https:\/\/www.europesays.com\/es\/263091\/","title":{"rendered":"ADIFISS celebra su gala anual con el apoyo de m\u00e1s de 80 empresas locales"},"content":{"rendered":"<p><b id=\"docs-internal-guid-fbb2a42e-7fff-a852-ee8b-2830a09b65a5\">La asociaci\u00f3n llev\u00f3 a cabo una cena solidaria cargada de agradecimientos, sorteos y m\u00fasica en directo para apoyar sus actividades y poner en valor la discapacidad.<\/b><\/p>\n<p><strong>Daimiel Noticias. \u2013<\/strong> La Asociaci\u00f3n de Discapacitados F\u00edsicos, Ps\u00edquicos y Sensoriales de Daimiel, ADIFISS, celebr\u00f3 el viernes su tradicional gala ben\u00e9fica anual en los Salones Lady Gema, en la que participaron 130 personas, entre los usuarios, familiares, trabajadores del centro, socios y vecinos en general.<\/p>\n<p>En la gala, mientras que los asistentes disfrutaban de una exquisita cena, se proyect\u00f3 un v\u00eddeo explicativo de las actividades que ha realizado la asociaci\u00f3n durante el a\u00f1o 2024 y, adem\u00e1s, se hicieron los diferentes sorteos de m\u00e1s de veinte lotes de regalos ofrecidos por 81 empresas de la localidad.<\/p>\n<p>El presidente de ADIFISS, Carlos de la Flor, agradeci\u00f3 la colaboraci\u00f3n de las empresas para llevar a cabo los sorteos que, a trav\u00e9s de las participaciones por medio de papeletas, ayudar\u00e1n a financiar las actividades, talleres y excursiones de la asociaci\u00f3n.<\/p>\n<p>El evento estuvo presentado por Mar\u00eda Dolores S\u00e1nchez-Valdepe\u00f1as Loro y cont\u00f3 con la presencia de la concejala de Promoci\u00f3n Econ\u00f3mica, M\u00aa Cruces S\u00e1nchez de Pablo, y de la concejala de Bienestar Social, Alicia Loro, quien dio las gracias a la asociaci\u00f3n y a todos los empresarios y vecinos que colaboraron: \u201cSe ha puesto de manifiesto el compromiso de los empresarios locales que han participado en esta gala. Han conseguido hacer un sorteo con diferentes premios y eso dice mucho de la gran labor que hace ADIFISS. Enhorabuena a la asociaci\u00f3n, a todos los que han asistido a la cena y a aquellos que no han asistido pero que s\u00ed que han querido colaborar con su donativo para ayudar a ADIFISS\u201d.<\/p>\n<p>La velada finaliz\u00f3 con la m\u00fasica en directo de Lola P\u00e9rez y de Esther \u201cAmnesia\u201d, que puso el broche de oro a esta celebraci\u00f3n anual que combina la solidaridad, la puesta en valor de la discapacidad y el compa\u00f1erismo entre todos sus usuarios.<\/p>\n","protected":false},"excerpt":{"rendered":"La asociaci\u00f3n llev\u00f3 a cabo una cena solidaria cargada de agradecimientos, sorteos y m\u00fasica en directo para apoyar&hellip;\n","protected":false},"author":2,"featured_media":263092,"comment_status":"","ping_status":"","sticky":false,"template":"","format":"standard","meta":{"footnotes":""},"categories":[5],"tags":[65450,17,18,3010,25,24,13,14,11,19,20,9,10,15,16,23,12,21,22],"class_list":{"0":"post-263091","1":"post","2":"type-post","3":"status-publish","4":"format-standard","5":"has-post-thumbnail","7":"category-titulares","8":"tag-adifiss","9":"tag-breaking-news","10":"tag-breakingnews","11":"tag-daimiel","12":"tag-es","13":"tag-espana","14":"tag-featured-news","15":"tag-featurednews","16":"tag-headlines","17":"tag-latest-news","18":"tag-latestnews","19":"tag-news","20":"tag-noticias","21":"tag-noticias-destacadas","22":"tag-noticiasdestacadas","23":"tag-spain","24":"tag-titulares","25":"tag-ultimas-noticias","26":"tag-ultimasnoticias"},"share_on_mastodon":{"url":"https:\/\/pubeurope.com\/@es\/115636737350873196","error":""},"_links":{"self":[{"href":"https:\/\/www.europesays.com\/es\/wp-json\/wp\/v2\/posts\/263091","targetHints":{"allow":["GET"]}}],"collection":[{"href":"https:\/\/www.europesays.com\/es\/wp-json\/wp\/v2\/posts"}],"about":[{"href":"https:\/\/www.europesays.com\/es\/wp-json\/wp\/v2\/types\/post"}],"author":[{"embeddable":true,"href":"https:\/\/www.europesays.com\/es\/wp-json\/wp\/v2\/users\/2"}],"replies":[{"embeddable":true,"href":"https:\/\/www.europesays.com\/es\/wp-json\/wp\/v2\/comments?post=263091"}],"version-history":[{"count":0,"href":"https:\/\/www.europesays.com\/es\/wp-json\/wp\/v2\/posts\/263091\/revisions"}],"wp:featuredmedia":[{"embeddable":true,"href":"https:\/\/www.europesays.com\/es\/wp-json\/wp\/v2\/media\/263092"}],"wp:attachment":[{"href":"https:\/\/www.europesays.com\/es\/wp-json\/wp\/v2\/media?parent=263091"}],"wp:term":[{"taxonomy":"category","embeddable":true,"href":"https:\/\/www.europesays.com\/es\/wp-json\/wp\/v2\/categories?post=263091"},{"taxonomy":"post_tag","embeddable":true,"href":"https:\/\/www.europesays.com\/es\/wp-json\/wp\/v2\/tags?post=263091"}],"curies":[{"name":"wp","href":"https:\/\/api.w.org\/{rel}","templated":true}]}}