{"id":263101,"date":"2025-11-30T04:37:10","date_gmt":"2025-11-30T04:37:10","guid":{"rendered":"https:\/\/www.europesays.com\/es\/263101\/"},"modified":"2025-11-30T04:37:10","modified_gmt":"2025-11-30T04:37:10","slug":"este-es-el-1x1-y-las-notas-del-malaga-cf-ante-el-valladolid-en-zorrilla","status":"publish","type":"post","link":"https:\/\/www.europesays.com\/es\/263101\/","title":{"rendered":"Este es el 1&#215;1 y las notas del M\u00e1laga CF ante el Valladolid en Zorrilla"},"content":{"rendered":"<p>\t\tCompartir esta publicaci\u00f3n\t\t\t\t\t<\/p>\n<p>El <a href=\"https:\/\/www.merchanendirecto.es\/malaga-cf\/cronica-nino-pucela\/\" target=\"_blank\" rel=\"noopener nofollow\"><strong>M\u00e1laga CF<\/strong> rescat\u00f3 un punto de\u00a0<strong>Zorrilla<\/strong><\/a> gracias a un gol de\u00a0<a href=\"https:\/\/www.merchanendirecto.es\/malaga-cf\/adrian-nino-titularidad\/\" target=\"_blank\" rel=\"noopener nofollow\"><strong>Adri\u00e1n Ni\u00f1o<\/strong><\/a>. Un partido que estuvo muy marcado desde el inicio con un error estrepitoso de\u00a0<strong>Alfonso Herrero<\/strong> en salida de bal\u00f3n. El equipo blanquiazul estuvo por detr\u00e1s en el marcador durante muchos momentos. El delantero criado en la cantera del\u00a0<strong>Atl\u00e9tico de Madrid<\/strong> volvi\u00f3 a marcar y signific\u00f3\u00a0<strong>un punto<\/strong>. Tuvo m\u00e1s ocasiones el\u00a0<strong>Pucela<\/strong>, pero no las transform\u00f3. En cantidad, el\u00a0<strong>M\u00e1laga <\/strong>tuvo menos, pero tambi\u00e9n amenaz\u00f3 para ir a por el triunfo. <strong>Herrero<\/strong>, despu\u00e9s de un error imperdonable, creci\u00f3 en la\u00a0<strong>segunda parte<\/strong>.\u00a0<strong>Este es el 1\u00d71 y las notas del M\u00e1laga CF ante <a href=\"https:\/\/www.merchanendirecto.es\/malaga-cf\/directo-valladolid-malaga-cf-10\/\" target=\"_blank\" rel=\"noopener nofollow\">el Valladolid en Zorrilla<\/a><\/strong>.<\/p>\n<p><strong>Alfonso Herrero (4):\u00a0<\/strong>No se le puede aprobar teniendo un fallo como el del\u00a0<strong>1-0<\/strong>. Arriesg\u00f3 en salida de bal\u00f3n y le regal\u00f3 el tanto a\u00a0<strong>Peter<\/strong>. En la segunda parte s\u00ed creci\u00f3 y tuvo varias intervenciones. Suspenso total en la\u00a0<strong>primera mitad<\/strong> en un acci\u00f3n \u2018valor gol\u2018 y una\u00a0<strong>buena<\/strong> segunda parte. Est\u00e1 teniendo fallos esta temporada que demuestran que es humano y que la versi\u00f3n de\u00a0<strong>santo<\/strong> del curso pasado es muy dif\u00edcil darle continuidad.<\/p>\n<p><strong>Puga\u00a0(5):\u00a0<\/strong>El lateral tuvo mucho m\u00e1s peso en lo defensivo que lo ofensivo. Tuvo varias situaciones de centro lateral donde tuvo que cerrar mucho. Su presencia en el once titular genera puntos al\u00a0<strong>M\u00e1laga CF<\/strong>.<\/p>\n<p><strong>Galilea (5): <\/strong>Acab\u00f3 mejor de lo que empez\u00f3. Tuvo varios cortes al finales que fueron muy meritorios. En la primera parte cometi\u00f3 varios fallos que en\u00a0<strong>Segunda Divisi\u00f3n<\/strong> te suelen condenar. El <strong>M\u00e1laga CF<\/strong> puede tener un techo defensivo m\u00e1s alto. La buena noticia para el vasco es que tuvo una segunda titularidad consecutiva cuando los pron\u00f3sticos se\u00f1alaban al regreso de\u00a0<strong>Montero<\/strong> o\u00a0<strong>Murillo<\/strong>. Acab\u00f3 despejando muchos balones:\u00a0<strong>13 despejes<\/strong>.<\/p>\n<p><strong>Recio (5):\u00a0<\/strong>Da m\u00e1s claridad para sacar el bal\u00f3n que para atajarlo. Tuvo mayor solvencia defensiva en la\u00a0<strong>segunda mitad<\/strong> que en la\u00a0<strong>primera<\/strong>.\u00a0<strong>Funes<\/strong> conf\u00eda en el canterano para competir con frecuencia con el primer equipo<\/p>\n<p><strong>V\u00edctor Garc\u00eda (6):\u00a0\u00a0<\/strong>Le dio la asistencia del gol a\u00a0<strong>Ni\u00f1o<\/strong>. Buen centro lateral. En el duelo ante\u00a0<strong>Peter<\/strong>, perdi\u00f3 en lo defensivo y le gan\u00f3 en lo ofensivo. No se anularon entre s\u00ed. Dio el pase del empate, pero no termin\u00f3 el encuentro. Hubo momentos para\u00a0<strong>Dani S\u00e1nchez<\/strong>.<\/p>\n<p><strong>Dotor (7):\u00a0<\/strong>El jugador criado en la cantera del\u00a0<strong>Real Madrid<\/strong> le ha sentado bien la llegada de\u00a0<strong>Funes<\/strong>. Es de los jugadores que m\u00e1s claro ve el f\u00fatbol. Mejor, como todos, en el segundo tiempo que en el primero.<\/p>\n<p><strong>Izan Merino (8):\u00a0<\/strong>El internacional en categor\u00edas inferiores con\u00a0<strong>Espa\u00f1a<\/strong> es el\u00a0<strong>l\u00edder<\/strong> del equipo de\u00a0<strong>Funes<\/strong>. Aparece entre centrales a la hora de sacar el bal\u00f3n, tiene mucho peso en el repliegue y a la hora de recuperar bal\u00f3n. Es de los m\u00e1s atrevidos. Su posici\u00f3n en el eje le beneficia. Ha crecido con la llegada del nuevo t\u00e9cnico y el\u00a0<strong>M\u00e1laga CF<\/strong> le necesita. Enorme esfuerzo de\u00a0<strong>Izan Merino<\/strong> que llegaba con s\u00f3lo\u00a0<strong>un entrenamiento<\/strong> y despu\u00e9s de haber recibido\u00a0<strong>ocho puntos de sutura<\/strong> en una ceja tras el choque que sufri\u00f3 en la cabeza ante el\u00a0<strong>Mirand\u00e9s<\/strong>.<\/p>\n<p><strong>Dani Lorenzo (5):\u00a0<\/strong>La versi\u00f3n m\u00e1s gris del marbell\u00ed. Se nota que el\u00a0<strong>M\u00e1laga CF<\/strong> mejora cuando \u00e9l participa m\u00e1s en el juego. S\u00ed es cierto que con\u00a0<strong>Funes<\/strong> no se le est\u00e1 viendo en la posici\u00f3n en la que\u00a0<strong>Pellicer<\/strong> le estaba haciendo brillar y donde estaba siendo el\u00a0<strong>mejor<\/strong> del equipo. Debe buscar un hueco en el que se sienta m\u00e1s c\u00f3modo.<\/p>\n<p><strong>Larrubia (3):\u00a0<\/strong>Mal partido del \u201910\u2019. Debe tener mucha m\u00e1s continuidad en el juego. Debe ser mucho m\u00e1s decisivo. Muy irregular. El\u00a0<strong>M\u00e1laga CF<\/strong> necesita mucho m\u00e1s de\u00a0<strong>Larrubia<\/strong>.<\/p>\n<p><strong>Joaqu\u00edn Mu\u00f1oz (3):\u00a0<\/strong>Muy poco del extremo. Tuvo pocas situaciones. Mal encuentro de\u00a0<strong>Joaqu\u00edn<\/strong>.<\/p>\n<p><strong>Ni\u00f1o (8):\u00a0<\/strong>El oficio del gol lo lleva en la sangre. Cabezazo y otro gol al primer toque. El canterano del\u00a0<strong>Atl\u00e9tico de Madrid<\/strong> suma ya\u00a0<strong>cuatro goles<\/strong> en\u00a0<strong>Liga<\/strong>. Estaba sufriendo y no estaba teniendo protagonismo. Primera bola en el \u00e1rea y a la cazuela. Se gener\u00f3 una jugada con un disparo en la frontal que oblig\u00f3 a hacer una gran estirada al t\u00e9cnico del\u00a0<strong>Valladolid<\/strong>. Pidi\u00f3 el cambio porque no pod\u00eda m\u00e1s.\u00a0<strong>Ni\u00f1o<\/strong> le da\u00a0<strong>puntos<\/strong> a\u00a0<strong>Funes<\/strong>.<\/p>\n<p><strong>Dani S\u00e1nchez (5):\u00a0<\/strong>La mejor noticia para \u00e9l es que volvi\u00f3 a jugar. No jugaba desde el partido de\u00a0<strong>Copa<\/strong> ante el\u00a0<strong>Estepona<\/strong>. Sus \u00faltimos minutos en\u00a0<strong>Liga<\/strong> fueron en\u00a0<strong>Legan\u00e9s<\/strong>.<\/p>\n<p><strong>Rafa Rodr\u00edguez (5):<\/strong> Sali\u00f3, pero no tuvo el papel protagonista que suele tener saliendo desde el banquillo.<\/p>\n<p><strong>Chupete\u00a0(S.C):\u00a0<\/strong>No tuvo apenas bal\u00f3n. Iba a salir con\u00a0<strong>1-0<\/strong> en el marcador y su cambio se anul\u00f3 cuando <strong>Ni\u00f1o<\/strong> puso el empate. Se le vio enfadado tras el pitido final. Poco peso del \u2018<strong>9<\/strong>\u2018<\/p>\n<p><strong>Lobete<\/strong>\u00a0<strong>(S.C.):\u00a0<\/strong>Si hubiera que ponerle una nota, estar\u00eda m\u00e1s cercana al suspenso que al aprobado. Tuvo una serie de situaciones donde pudo haber decidido mucho mejor. Tuvo muy pocos minutos. Fue el \u00faltimo cambio.<\/p>\n<p><strong>Funes (5):\u00a0<\/strong>Cumple en la gran asignatura pendiente: los\u00a0<strong>resultados<\/strong>. Cuatro puntos de seis en sus dos primeros encuentros. Hoy enton\u00f3 el \u2018mea culpa\u2018 en el tanto de\u00a0<strong>Peter<\/strong> y en el error cometido por\u00a0<strong>Alfonso Herrero<\/strong>. La suerte la est\u00e1 teniendo de su lado. Su equipo tiene m\u00e1s posesi\u00f3n que con\u00a0<strong>Pellicer<\/strong>, pero, en muchos momentos, demasiado est\u00e9ril. Su gran apuesta es la de la\u00a0<strong>delantera<\/strong>.\u00a0<strong>Ni\u00f1o<\/strong> le est\u00e1 respondiendo con\u00a0<strong>goles<\/strong> y\u00a0<strong>puntos<\/strong>. Firma un\u00a0<strong>punto<\/strong> que sabe bien, sobre todo, porque el\u00a0<strong>Valladolid<\/strong> tuvo muchas m\u00e1s ocasiones para ganar que el conjunto andaluz.<\/p>\n","protected":false},"excerpt":{"rendered":"Compartir esta publicaci\u00f3n El M\u00e1laga CF rescat\u00f3 un punto de\u00a0Zorrilla gracias a un gol de\u00a0Adri\u00e1n Ni\u00f1o. Un partido&hellip;\n","protected":false},"author":2,"featured_media":263102,"comment_status":"","ping_status":"","sticky":false,"template":"","format":"standard","meta":{"footnotes":""},"categories":[93],"tags":[168,25,24,23,167],"class_list":{"0":"post-263101","1":"post","2":"type-post","3":"status-publish","4":"format-standard","5":"has-post-thumbnail","7":"category-deportes","8":"tag-deportes","9":"tag-es","10":"tag-espana","11":"tag-spain","12":"tag-sports"},"share_on_mastodon":{"url":"https:\/\/pubeurope.com\/@es\/115636800234120607","error":""},"_links":{"self":[{"href":"https:\/\/www.europesays.com\/es\/wp-json\/wp\/v2\/posts\/263101","targetHints":{"allow":["GET"]}}],"collection":[{"href":"https:\/\/www.europesays.com\/es\/wp-json\/wp\/v2\/posts"}],"about":[{"href":"https:\/\/www.europesays.com\/es\/wp-json\/wp\/v2\/types\/post"}],"author":[{"embeddable":true,"href":"https:\/\/www.europesays.com\/es\/wp-json\/wp\/v2\/users\/2"}],"replies":[{"embeddable":true,"href":"https:\/\/www.europesays.com\/es\/wp-json\/wp\/v2\/comments?post=263101"}],"version-history":[{"count":0,"href":"https:\/\/www.europesays.com\/es\/wp-json\/wp\/v2\/posts\/263101\/revisions"}],"wp:featuredmedia":[{"embeddable":true,"href":"https:\/\/www.europesays.com\/es\/wp-json\/wp\/v2\/media\/263102"}],"wp:attachment":[{"href":"https:\/\/www.europesays.com\/es\/wp-json\/wp\/v2\/media?parent=263101"}],"wp:term":[{"taxonomy":"category","embeddable":true,"href":"https:\/\/www.europesays.com\/es\/wp-json\/wp\/v2\/categories?post=263101"},{"taxonomy":"post_tag","embeddable":true,"href":"https:\/\/www.europesays.com\/es\/wp-json\/wp\/v2\/tags?post=263101"}],"curies":[{"name":"wp","href":"https:\/\/api.w.org\/{rel}","templated":true}]}}