{"id":263208,"date":"2025-11-30T06:36:12","date_gmt":"2025-11-30T06:36:12","guid":{"rendered":"https:\/\/www.europesays.com\/es\/263208\/"},"modified":"2025-11-30T06:36:12","modified_gmt":"2025-11-30T06:36:12","slug":"vivir-en-la-calle-es-como-estar-en-una-carcel-porque-pierdes-el-control-de-tu-vida-espana","status":"publish","type":"post","link":"https:\/\/www.europesays.com\/es\/263208\/","title":{"rendered":"\u201cVivir en la calle es como estar en una c\u00e1rcel porque pierdes el control de tu vida\u201d | Espa\u00f1a"},"content":{"rendered":"<p class=\"\">Pepe, de 66 a\u00f1os, se\u00f1ala el portal de la tienda donde estuvo durmiendo al raso, el mismo lugar en el que, una noche, recibi\u00f3 una paliza y donde muchos d\u00edas pens\u00f3 si no era mejor morirse. Est\u00e1 en la misma calle madrile\u00f1a (Bravo Murillo) en la que tuvo un bar durante 20 a\u00f1os. \u201cCerr\u00e9 en 2019. Empec\u00e9 a trabajar repartiendo peri\u00f3dicos y comida para una empresa francesa, pero lleg\u00f3 <a href=\"https:\/\/elpais.com\/sociedad\/crisis-del-coronavirus\/\" target=\"_self\" rel=\"nofollow noopener\" title=\"https:\/\/elpais.com\/sociedad\/crisis-del-coronavirus\/\">la pandemia<\/a> y me qued\u00e9 sin los dos trabajos. Cuando se me acab\u00f3 el dinero, me echaron del piso de alquiler donde estaba y me vine a esta esquina. A mi familia no le dije nada, quer\u00eda resolver el problema solo, pero una vez que est\u00e1s en la calle es muy dif\u00edcil salir. Por aqu\u00ed pasaba gente que conoc\u00eda de cuando ten\u00eda el bar, y que incluso me hab\u00eda pedido ayuda, pero muchos miraban para otro lado, hac\u00edan como que no me hab\u00edan visto\u201d. Pepe es uno de los cuatro protagonistas de documental que el actor Richard Gere y su esposa, Alejandra, acaban de presentar junto a la entidad Hogar s\u00ed: <a href=\"https:\/\/elpais.com\/espana\/2025-11-25\/richard-gere-nuestra-realidad-no-es-tan-diferente-a-la-de-las-personas-sin-hogar-todos-podemos-acabar-asi.html\" target=\"_self\" rel=\"nofollow noopener\" title=\"https:\/\/elpais.com\/espana\/2025-11-25\/richard-gere-nuestra-realidad-no-es-tan-diferente-a-la-de-las-personas-sin-hogar-todos-podemos-acabar-asi.html\">Lo que nadie quiere ver<\/a>. Los cuatro tienen perfiles muy diferentes, lo que demuestra que en el llamado <a href=\"https:\/\/elpais.com\/noticias\/personas-sin-hogar\/\" target=\"_self\" rel=\"nofollow noopener\" title=\"https:\/\/elpais.com\/noticias\/personas-sin-hogar\/\">sinhogarismo<\/a>, que afecta a 37.000 personas en Espa\u00f1a, seg\u00fan el c\u00e1lculo de la entidad, no hay perfil. EL PA\u00cdS pas\u00f3 un d\u00eda con ellos. Esta es su historia. <\/p>\n<p>La primera noche en la calle<\/p>\n<p class=\"\">\u201cLa primera vez que mi madre me ech\u00f3 a la calle ten\u00eda 12 a\u00f1os\u201d, relata Mamen, de 54, malague\u00f1a de la barriada de Los Girasoles. \u201cRecuerdo dar vueltas de noche, muy asustada, cerca del colegio. Unos chicos me vieron, me trajeron mantas y se pusieron a cantar y tocar la guitarra para que dejara de llorar\u201d. Ha pasado m\u00e1s de dos d\u00e9cadas sin hogar. <\/p>\n<p><img decoding=\"auto\" class=\"_re lazyload a_m-v\" height=\"621\"  width=\"414\"  src=\"https:\/\/www.europesays.com\/es\/wp-content\/uploads\/2025\/11\/3JARSPYTFRB63HTL4YDMT6VY7M.jpg\" loading=\"lazy\"\/>Mamen, junto a Richard y Alejandra Gere, durante la grabaci\u00f3n del documental.Cedida por Hogar s\u00ed<\/p>\n<p class=\"\">Javi, de 52 a\u00f1os, cuenta que todo empez\u00f3 a torcerse al separarse de la madre de su hijo. \u201cTen\u00eda una hipoteca, una pensi\u00f3n que pagar y dos trabajos, pero no me daba. Cuando me vi sentado en un banco, sin tener a d\u00f3nde ir, no me lo cre\u00eda. Pensaba: \u2018\u00bfC\u00f3mo he acabado aqu\u00ed?\u2019. Era como un mal sue\u00f1o. Luego pasa un d\u00eda y otro y otro y te vas acostumbrando. En total, he estado cuatro a\u00f1os y pico as\u00ed, con idas y venidas\u201c.<\/p>\n<p class=\"\">Latyr, senegal\u00e9s de 52 a\u00f1os, relata que se vio en la calle por una estafa. \u201cYo hab\u00eda estudiado econ\u00f3micas en Par\u00eds y trabajaba en Bruselas con proyectos de la Comisi\u00f3n Europea para pa\u00edses menos desarrollados. Hablo ingl\u00e9s, franc\u00e9s, espa\u00f1ol, flamenco y dos lenguas africanas\u201d. Cuenta que unos amigos estadounidenses le pidieron ayuda para invertir en Espa\u00f1a, pero lo hicieron con un cheque falso. \u201cMientras dur\u00f3 la investigaci\u00f3n, cuatro a\u00f1os, tuve que entregar mi pasaporte y acudir cada mes al juzgado. En Espa\u00f1a no conoc\u00eda a nadie, as\u00ed que cuando se me acab\u00f3 el dinero, termin\u00e9 durmiendo en una tienda de campa\u00f1a en un parque. Ten\u00eda mucho miedo, no sab\u00eda qu\u00e9 hacer&#8230;\u201d.<\/p>\n<p class=\"\">\u201cEst\u00e1s en la calle, al aire libre\u201d, prosigue Latyr, \u201cpero de alguna manera es como estar en la c\u00e1rcel porque pierdes totalmente el control de tu vida. Cualquier cosa que antes hac\u00edas sin pensar, mec\u00e1nicamente, como ducharte, desayunar, ir al ba\u00f1o&#8230; de repente se vuelve muy complicado. Como me daba verg\u00fcenza pedir a la puerta de un supermercado, para conseguir algo de dinero acud\u00eda los d\u00edas de mercadillo a ayudar a descargar camiones o me pon\u00eda a se\u00f1alar sitios libres por si alguien me daba una moneda por ayudarles a aparcar\u201d. <\/p>\n<p><img decoding=\"auto\" class=\"_re lazyload a_m-h\" height=\"268\"  width=\"414\"  src=\"https:\/\/www.europesays.com\/es\/wp-content\/uploads\/2025\/11\/Z6343C5M5BDMDAQEHC73ZZ6KB4.jpg\" loading=\"lazy\"\/>Latyr, que actualmente vive en C\u00f3rdoba.Cedida por Hogar s\u00ed<\/p>\n<p class=\"\">\u201cUna temporada\u201d, recuerda Mamen, \u201cviv\u00ed en una cueva en M\u00e1laga, entre ratas. En ese momento trabajaba cuidando a una persona mayor, as\u00ed que me despertaba, bajaba la cuesta para ir a ducharme a la Cruz Roja y me iba a currar. Cuando terminaba, con toda mi pena, volv\u00eda a la cueva\u201d. <\/p>\n<p class=\"\">Pepe recita de carrerilla los sitios de Madrid donde hay fuentes \u2014\u201ccada vez menos\u201d\u2014, ba\u00f1os p\u00fablicos, duchas. \u201cMi obsesi\u00f3n\u201d, recuerda Javi, \u201cera estar afeitado, limpio. Para m\u00ed era m\u00e1s importante el c\u00f3mo te ven que comer porque descubres que puedes estar una semana sin llevarte nada a la boca y que no te pase nada. Trabaj\u00e9 de muchas cosas, incluso disfrazado: de Papa Noel, de perrito caliente, de vampiro, en un circo&#8230;\u201d. <\/p>\n<p>Los peores momentos: matarratas y agresiones sexuales<\/p>\n<p class=\"\">\u201cEn la calle\u201d, explica Pepe, \u201caprendes a conocer a la gente seg\u00fan la ves, y los hay muy buenos y muy malos\u201d. \u201cLos que me pegaron la paliza eran cuatro chavales j\u00f3venes. Sal\u00edan de una discoteca que estaba cerca, me tiraron los cubatas encima y luego me patearon. A partir de ese momento, yo me pon\u00eda la alarma en el m\u00f3vil para despertarme antes de que cerrase la discoteca e irme un par de horas por ah\u00ed, para que no me vieran\u201d. <\/p>\n<p class=\"\">A Javi estuvieron a punto de matarlo. \u201cUna se\u00f1ora mayor que viv\u00eda por el barrio me trajo un d\u00eda unas lentejas. Al probarlas, me supieron raro y me dio miedo que la mujer se intoxicara. Lo coment\u00e9 con otra chica que pasaba mucho por donde yo estaba y que trabajaba en un laboratorio y se las llev\u00f3 para analizarlas. Result\u00f3 que ten\u00edan matarratas. Me enter\u00e9 porque cuando la se\u00f1ora volvi\u00f3, se acerc\u00f3 la polic\u00eda, a la que hab\u00eda avisado la chica del laboratorio, y cuando le empezaron a preguntar, la mujer mayor dijo: \u2018Hay que terminar con esta lacra\u2019. Creo que no estaba muy bien de la cabeza porque no entiendo que quieras hacerle da\u00f1o a alguien a quien ni siquiera conoces\u201d. <\/p>\n<p class=\"\">El peor momento de Latyr fue cuando enferm\u00f3. \u201cYo ten\u00eda EPOC <a href=\"https:\/\/elpais.com\/elpais\/2018\/11\/26\/buenavida\/1543238356_905388.html\" target=\"_self\" rel=\"nofollow noopener\" title=\"https:\/\/elpais.com\/elpais\/2018\/11\/26\/buenavida\/1543238356_905388.html\">[Enfermedad Pulmonar Obstructiva Cr\u00f3nica<\/a>] severa y en una revisi\u00f3n, tras hacerme unas pruebas, me detectaron c\u00e1ncer de pulm\u00f3n, pero el onc\u00f3logo me dijo que estando en la calle no pod\u00eda recibir el tratamiento de quimioterapia y radioterapia porque me matar\u00eda. Necesitaba comer bien, descansar&#8230; para poder aguantarlo\u201d. <\/p>\n<p class=\"\">Es dif\u00edcil se\u00f1alar un peor momento en la vida de Mamen. Con 17 a\u00f1os, se qued\u00f3 embarazada en una violaci\u00f3n y se cas\u00f3 con el agresor para alejarse de su madre, que cuando era ni\u00f1a, relata, la ataba a la cama cuando ella sal\u00eda y luego le daba palizas por hacerse sus necesidades encima. Su primer marido era traficante de hach\u00eds. Su segunda pareja <a href=\"https:\/\/elpais.com\/noticias\/violencia-genero\/\" target=\"_self\" rel=\"nofollow noopener\" title=\"https:\/\/elpais.com\/noticias\/violencia-genero\/\">la maltrataba.<\/a> Los tres terminaron en la c\u00e1rcel. \u201cEn prisi\u00f3n me quitaron a mi hija peque\u00f1a para darla en acogida. No la volv\u00ed a ver. Se llama Mireia y ahora tiene 15 a\u00f1os. Todas las noches pienso en ella\u201d. <\/p>\n<p class=\"\">Cuando sali\u00f3, durmi\u00f3 al raso en M\u00e1laga, C\u00f3rdoba, Sevilla, Ja\u00e9n, Almer\u00eda&#8230; \u201cUna vez que estaba durmiendo en la playa, dentro de un saco, lleg\u00f3 un hombre y empez\u00f3 a meterme mano. Quer\u00eda violarme, pero logr\u00e9 escapar. Y estando en M\u00e1laga, dos chicos me metieron en un coche, me llevaron a un descampado y me desnudaron. A\u00fan no me lo explico, pero logr\u00e9 huir. Cuando me vio una pareja mayor, ensangrentada, desnuda, me ech\u00f3 una manta, me subi\u00f3 a su casa y llam\u00f3 a la Guardia Civil. No s\u00e9 c\u00f3mo estoy viva\u201d. <\/p>\n<p>Y los mejores: \u201cVolv\u00ed a sentirme persona\u201d<\/p>\n<p class=\"\">No se emocionan al relatar las palizas o las perrer\u00edas que les hicieron mientras estuvieron en la calle, pero s\u00ed al recordar algunos buenos gestos de la gente que se cruzaba con ellos, unos destellos de humanidad entre miles de d\u00edas largos, muy largos. \u201cEn uno de los cajeros en los que estuve durmiendo en M\u00e1laga\u201d, cuenta Mamen, \u201chubo un grupo de vecinas que me ayudaron much\u00edsimo. Me tra\u00edan el desayuno y si estaba dormida, me lo dejaban con mucho cuidado al lado, para no despertarme&#8230; Lo pienso ahora y se me ponen los pelos de punta\u201d. <\/p>\n<p class=\"\">En una ocasi\u00f3n que Pepe llevaba cinco d\u00edas sin comer y pensaba en tirar la toalla, se le acerc\u00f3 una mujer. \u201cMe trajo un cocido que me devolvi\u00f3 la vida y ahora cuando la veo por el barrio, siempre charlamos un rato y se lo recuerdo. Otra vez se sent\u00f3 al lado una familia en una terraza y de repente la ni\u00f1a se acerc\u00f3, abri\u00f3 su bolsito y me dio cinco c\u00e9ntimos. Ah\u00ed se me cay\u00f3 el alma\u201d. <b> <\/b> <\/p>\n<p class=\"\">Para Javi, lo mejor que le pas\u00f3 en la calle fue conocer a una familia. \u201cUn d\u00eda un hombre que me dijo: \u2018Lo siento, no puedo ayudarte mucho\u2019. Yo le dije que no se preocupara y le pregunt\u00e9 si pod\u00eda ayudarle yo en algo. \u2018Pues tengo un mueble que no puedo bajar a la calle solo\u2019. Le ayud\u00e9, claro, y quer\u00eda pagarme un dineral, pero le dije que no. A partir de ese momento, cuando pasaban por delante su hija y sus nietos siempre se paraban a hablar conmigo. Me hicieron sentirme persona otra vez\u201d. <\/p>\n<p class=\"\">Javi y Pepe relatan que una de las secuelas que les provoc\u00f3 la calle fue quedarse sin voz. \u201cSi no utilizas las cuerdas vocales, si te pasas un mont\u00f3n de tiempo sin hablar con nadie, eso se atrofia. En Alicante, donde estuve seis meses\u201d, recuerda Javi, \u201ctodo el mundo pensaba que era mudo\u201d. <\/p>\n<p><img decoding=\"auto\" class=\"_re lazyload a_m-h\" height=\"277\"  width=\"414\"  src=\"https:\/\/www.europesays.com\/es\/wp-content\/uploads\/2025\/11\/NKX34PLCUVGE3J6L66Q6QVFE7A.jpg\" loading=\"lazy\"\/>Pepe, junto a Sheyla  y Mileidy, las camareras de la cafeter\u00eda de Madrid que le invitaban a caf\u00e9 cuando viv\u00eda en la calle. \u00c1lvaro Garc\u00edaLa nueva vida<\/p>\n<p class=\"\">Gracias a la ayuda de <a href=\"https:\/\/hogarsi.org\/somos\/\" target=\"_self\" rel=\"nofollow noopener\" title=\"https:\/\/hogarsi.org\/somos\/\">Hogar s\u00ed<\/a> en colaboraci\u00f3n con los Servicios Sociales los cuatro han conseguido tener una cama, una llave en el bolsillo, un buz\u00f3n. Volver a existir, dejar de ser invisible, explica Pepe, no es f\u00e1cil. \u201cTen\u00eda deudas con Hacienda y en Hogar s\u00ed me ayudaron a ir arreglando los papeles. Menos mal, porque para que te dieran uno necesitabas tres. Me explicaron c\u00f3mo pedir un abogado de oficio y a tramitar la jubilaci\u00f3n. En cuanto tuve una cama, retom\u00e9 el contacto con mi familia, que me ech\u00f3 una buena bronca por no haberles pedido ayuda. Ahora trato de ayudar yo a la gente sin techo que veo cuando paseo\u201d. Lo cuenta en la cafeter\u00eda Mil delicias, a la que acude cada d\u00eda a tomar caf\u00e9 porque cuando estaba en la calle se lo llevaban a \u00e9l. Cuando entra por la puerta, Sheyla Gonz\u00e1lez y Mileidy Guamo, las camareras, le saludan con cari\u00f1o. Quiere apuntarse al IMSERSO, aunque se conoce bastante bien Espa\u00f1a. \u201cDe joven trabaj\u00e9 una temporada colocando en los quioscos los toldos de EL PA\u00cdS\u201d, revela al final de la entrevista. <\/p>\n<p class=\"\">Latyr termin\u00f3 el pasado febrero el \u00faltimo ciclo de quimioterapia. \u201cAhora estoy bien, el tumor se ha estabilizado, vivo en C\u00f3rdoba, con mi novia, y si todo sale bien, en enero empezar\u00e9 a trabajar de int\u00e9rprete. Lo que m\u00e1s disfruto es la libertad, la rutina de tomarme un caf\u00e9 por la ma\u00f1ana o ducharme sin tener que pensar c\u00f3mo o d\u00f3nde voy a poder hacerlo\u201d. <\/p>\n<p class=\"\">Mamen cuenta que ha hecho cursillos de camarera y para trabajar en un hotel. \u201cEn mayo hace dos a\u00f1os que tengo techo. Cuando noto la llave en el bolsillo, me pellizco, a\u00fan no me lo creo\u201d.<\/p>\n<p class=\"\">Javi trabaja de repartidor y paseando perros. \u201cEsta llave para m\u00ed significa todo porque cuando me ayud\u00f3 la gente de Hogar s\u00ed yo ya me estaba rindiendo. Una de las cosas que m\u00e1s disfruto ahora es cocinar\u201d.<\/p>\n<p class=\"\">Una <a href=\"https:\/\/elpais.com\/sociedad\/2025-10-07\/uno-de-cada-10-espanoles-dice-que-ha-dormido-en-la-calle-alguna-vez-por-dificultades-economicas.html\" target=\"_self\" rel=\"nofollow noopener\" title=\"https:\/\/elpais.com\/sociedad\/2025-10-07\/uno-de-cada-10-espanoles-dice-que-ha-dormido-en-la-calle-alguna-vez-por-dificultades-economicas.html\">encuesta reciente de 40dB. para Hogar s\u00ed <\/a>(1.500 entrevistas online) revel\u00f3 que un 22,4%, es decir, el equivalente a nueve millones de personas, hab\u00edan tenido que alojarse temporalmente en casas de conocidos por motivos econ\u00f3micos; que un 10,9% (4,5 millones) hab\u00edan dormido en coches o portales; un 10,1% (4,1 millones) hab\u00edan dormido al menos una noche en su vida en la calle y un 8,1% (3,3 millones) hab\u00edan acudido a alg\u00fan alojamiento de emergencia (albergues). Pepe, Javi, Mamen y Latyr insisten en un mensaje final: esto le puede pasar a cualquiera. Un problema que se junta con otro, una mala racha, la verg\u00fcenza que impide pedir ayuda&#8230; y una vez en la calle, es muy dif\u00edcil salir. Por eso aceptaron participar en el documental, aunque al principio pensaron que les estaban tomando el pelo. \u201cImag\u00ednate que te llaman\u201d, dice Pepe, \u201cy te preguntan que si quieres salir en una pel\u00edcula con <a href=\"https:\/\/elpais.com\/noticias\/richard-gere\/\" target=\"_self\" rel=\"nofollow noopener\" title=\"https:\/\/elpais.com\/noticias\/richard-gere\/\">Richard Gere.<\/a> Pero era verdad\u201d. Mamen recuerda que la primera vez que lo vio en Pretty Woman, pens\u00f3: \u201cQu\u00e9 tipo m\u00e1s guapo y qu\u00e9 pinta de buena persona. Cu\u00e1nto me gustar\u00eda conocerlo. Y mira por d\u00f3nde&#8230;\u201d. <\/p>\n<p><img decoding=\"auto\" class=\"_re lazyload a_m-h\" height=\"277\"  width=\"414\"  src=\"https:\/\/www.europesays.com\/es\/wp-content\/uploads\/2025\/11\/6S3BJRA6HJFBRGX6VGVBTPJD7I.jpg\" loading=\"lazy\"\/>Pepe, frente al soportal de la tienda madrile\u00f1a donde sol\u00eda dormir cuando no ten\u00eda casa. \u00c1lvaro Garc\u00eda<\/p>\n","protected":false},"excerpt":{"rendered":"Pepe, de 66 a\u00f1os, se\u00f1ala el portal de la tienda donde estuvo durmiendo al raso, el mismo lugar&hellip;\n","protected":false},"author":2,"featured_media":263209,"comment_status":"","ping_status":"","sticky":false,"template":"","format":"standard","meta":{"footnotes":""},"categories":[91],"tags":[6084,146,147,25,24,496,1899,13482,20279,19497,23,6580,3633],"class_list":{"0":"post-263208","1":"post","2":"type-post","3":"status-publish","4":"format-standard","5":"has-post-thumbnail","7":"category-entretenimiento","8":"tag-documental","9":"tag-entertainment","10":"tag-entretenimiento","11":"tag-es","12":"tag-espana","13":"tag-maltrato-infantil","14":"tag-ong","15":"tag-personas-sin-hogar","16":"tag-richard-gere","17":"tag-servicios-sociales","18":"tag-spain","19":"tag-violencia-machista","20":"tag-vivienda"},"share_on_mastodon":{"url":"https:\/\/pubeurope.com\/@es\/115637269234148558","error":""},"_links":{"self":[{"href":"https:\/\/www.europesays.com\/es\/wp-json\/wp\/v2\/posts\/263208","targetHints":{"allow":["GET"]}}],"collection":[{"href":"https:\/\/www.europesays.com\/es\/wp-json\/wp\/v2\/posts"}],"about":[{"href":"https:\/\/www.europesays.com\/es\/wp-json\/wp\/v2\/types\/post"}],"author":[{"embeddable":true,"href":"https:\/\/www.europesays.com\/es\/wp-json\/wp\/v2\/users\/2"}],"replies":[{"embeddable":true,"href":"https:\/\/www.europesays.com\/es\/wp-json\/wp\/v2\/comments?post=263208"}],"version-history":[{"count":0,"href":"https:\/\/www.europesays.com\/es\/wp-json\/wp\/v2\/posts\/263208\/revisions"}],"wp:featuredmedia":[{"embeddable":true,"href":"https:\/\/www.europesays.com\/es\/wp-json\/wp\/v2\/media\/263209"}],"wp:attachment":[{"href":"https:\/\/www.europesays.com\/es\/wp-json\/wp\/v2\/media?parent=263208"}],"wp:term":[{"taxonomy":"category","embeddable":true,"href":"https:\/\/www.europesays.com\/es\/wp-json\/wp\/v2\/categories?post=263208"},{"taxonomy":"post_tag","embeddable":true,"href":"https:\/\/www.europesays.com\/es\/wp-json\/wp\/v2\/tags?post=263208"}],"curies":[{"name":"wp","href":"https:\/\/api.w.org\/{rel}","templated":true}]}}