{"id":263212,"date":"2025-11-30T06:38:28","date_gmt":"2025-11-30T06:38:28","guid":{"rendered":"https:\/\/www.europesays.com\/es\/263212\/"},"modified":"2025-11-30T06:38:28","modified_gmt":"2025-11-30T06:38:28","slug":"la-inflacion-se-modera-una-decima-en-noviembre-al-bajar-el-precio-de-la-electricidad","status":"publish","type":"post","link":"https:\/\/www.europesays.com\/es\/263212\/","title":{"rendered":"La inflaci\u00f3n se modera una d\u00e9cima en noviembre al bajar el precio de la electricidad"},"content":{"rendered":"<p class=\"paragraph-atom&#10;        &#10;        B-510-400-550-N B-525-400-700-N--md&#10;        &#10;        \">\n    <strong>La inflaci\u00f3n anual estimada en noviembre se reduce hasta el 3,0%, una d\u00e9cima menos que en octubre, seg\u00fan el indicador adelantado que difundi\u00f3 este viernes el Instituto Nacional de Estad\u00edstica (INE).<\/strong> Este ajuste se explica por el descenso del precio de la electricidad, que contrasta con el incremento registrado en noviembre de 2024.\n    <\/p>\n<p class=\"paragraph-atom&#10;        &#10;        B-510-400-550-N B-525-400-700-N--md&#10;        &#10;        \">\n    Pese a esta ca\u00edda del \u00edndice adelantado, la evoluci\u00f3n de los precios muestra signos de que sigue creciendo.<strong> As\u00ed, la inflaci\u00f3n subyacente \u2013que excluye alimentos no elaborados y productos energ\u00e9ticos\u2013 aumenta una d\u00e9cima y alcanza el 2,6%.<\/strong>\n    <\/p>\n<p class=\"paragraph-atom&#10;        &#10;        B-510-400-550-N B-525-400-700-N--md&#10;        &#10;        \">\n    Otros datos tambi\u00e9n abonan esta tesis: el comportamiento de los precios refleja tambi\u00e9n el impacto de dos grupos: Ocio y cultura, cuyos precios bajan, pero menos que hace un a\u00f1o, y Alimentos y bebidas no alcoh\u00f3licas, que suben frente a la ca\u00edda del mismo mes del a\u00f1o pasado. Adem\u00e1s, la variaci\u00f3n mensual del IPC es, seg\u00fan estos datos anticipados, del 0,2% respecto a octubre.\n    <\/p>\n<p class=\"paragraph-atom&#10;        &#10;        B-510-400-550-N B-525-400-700-N--md&#10;        &#10;        \">\n    Por su parte, el <strong>\u00cdndice de Precios de Consumo Armonizado (IPCA), <\/strong>que se usa para comparar la inflaci\u00f3n espa\u00f1ola con los paises de su entorno, <strong>se sit\u00faa en el 3,1% en tasa anual, tambi\u00e9n una d\u00e9cima menos que en octubre<\/strong>, mientras que su variaci\u00f3n mensual es del 0,0%. La inflaci\u00f3n subyacente armonizada alcanza el 2,7%.\n    <\/p>\n<p>        Un a\u00f1o marcado por la moderaci\u00f3n<\/p>\n<p class=\"paragraph-atom&#10;        &#10;        B-510-400-550-N B-525-400-700-N--md&#10;        &#10;        \">\n    La inflaci\u00f3n mantiene la tendencia de contenci\u00f3n iniciada en verano, cuando el IPC se estabiliz\u00f3 en torno al 3%. En enero, la tasa se situaba en el 3,6%, con picos en primavera por el encarecimiento de alimentos y energ\u00eda. Desde entonces, la moderaci\u00f3n ha sido gradual, apoyada en la ca\u00edda de los precios energ\u00e9ticos y en la normalizaci\u00f3n de los costes log\u00edsticos.\n    <\/p>\n<p class=\"paragraph-atom&#10;        &#10;        B-510-400-550-N B-525-400-700-N--md&#10;        &#10;        \">\n    <strong>El dato de noviembre confirma que la electricidad sigue siendo el factor decisivo en la evoluci\u00f3n de los precios.<\/strong> El a\u00f1o pasado, el incremento de la factura el\u00e9ctrica impuls\u00f3 la inflaci\u00f3n en el mismo mes, mientras que ahora ocurre lo contrario.\n    <\/p>\n<p>        Impacto en la cesta de la compra<\/p>\n<p class=\"paragraph-atom&#10;        &#10;        B-510-400-550-N B-525-400-700-N--md&#10;        &#10;        \">\n    Aunque la inflaci\u00f3n general se modera, los alimentos contin\u00faan presionando al alza. El INE se\u00f1ala que los precios de Alimentos y bebidas no alcoh\u00f3licas suben frente a la bajada registrada en noviembre de 2024. Este comportamiento mantiene la tensi\u00f3n en el gasto de los hogares, especialmente en productos b\u00e1sicos como aceite, l\u00e1cteos y carne.\n    <\/p>\n<p class=\"paragraph-atom&#10;        &#10;        B-510-400-550-N B-525-400-700-N--md&#10;        &#10;        \">\n    Por el contrario, el grupo Ocio y cultura contribuye a suavizar la subida, aunque su descenso es menor que el del a\u00f1o anterior. El transporte y la vivienda tambi\u00e9n muestran estabilidad, sin grandes variaciones en noviembre.\n    <\/p>\n<p>        Reacci\u00f3n del Gobierno<\/p>\n<p class=\"paragraph-atom&#10;        &#10;        B-510-400-550-N B-525-400-700-N--md&#10;        &#10;        \">\n    El Ministerio de Econom\u00eda ha valorado el dato como una se\u00f1al positiva en la senda de desinflaci\u00f3n. Fuentes del departamento destacan: <strong>\u201cLa moderaci\u00f3n de la inflaci\u00f3n confirma la eficacia de las medidas adoptadas para contener los precios energ\u00e9ticos y proteger el poder adquisitivo de las familias.\u201d<\/strong> A\u00f1aden que la evoluci\u00f3n de la subyacente ser\u00e1 clave en los pr\u00f3ximos meses para consolidar la estabilidad.\n    <\/p>\n<p class=\"paragraph-atom&#10;        &#10;        B-510-400-550-N B-525-400-700-N--md&#10;        &#10;        \">\n    El INE publicar\u00e1 el dato definitivo del IPC el viernes 12 de diciembre. El indicador adelantado ofrece una estimaci\u00f3n que anticipa la evoluci\u00f3n de los precios en Espa\u00f1a y permite comparaciones internacionales a trav\u00e9s del IPCA. La tendencia ser\u00e1 determinante para las decisiones del Banco Central Europeo sobre tipos de inter\u00e9s y para la pol\u00edtica fiscal del Gobierno en 2026.\n    <\/p>\n","protected":false},"excerpt":{"rendered":"La inflaci\u00f3n anual estimada en noviembre se reduce hasta el 3,0%, una d\u00e9cima menos que en octubre, seg\u00fan&hellip;\n","protected":false},"author":2,"featured_media":263213,"comment_status":"","ping_status":"","sticky":false,"template":"","format":"standard","meta":{"footnotes":""},"categories":[80],"tags":[18347,82,11340,95,94,25,24,1847,65469,15355,23],"class_list":{"0":"post-263212","1":"post","2":"type-post","3":"status-publish","4":"format-standard","5":"has-post-thumbnail","7":"category-economia","8":"tag-bajar","9":"tag-business","10":"tag-decima","11":"tag-economia","12":"tag-economy","13":"tag-es","14":"tag-espana","15":"tag-inflacion","16":"tag-modera","17":"tag-noviembre","18":"tag-spain"},"share_on_mastodon":{"url":"https:\/\/pubeurope.com\/@es\/115637276118398250","error":""},"_links":{"self":[{"href":"https:\/\/www.europesays.com\/es\/wp-json\/wp\/v2\/posts\/263212","targetHints":{"allow":["GET"]}}],"collection":[{"href":"https:\/\/www.europesays.com\/es\/wp-json\/wp\/v2\/posts"}],"about":[{"href":"https:\/\/www.europesays.com\/es\/wp-json\/wp\/v2\/types\/post"}],"author":[{"embeddable":true,"href":"https:\/\/www.europesays.com\/es\/wp-json\/wp\/v2\/users\/2"}],"replies":[{"embeddable":true,"href":"https:\/\/www.europesays.com\/es\/wp-json\/wp\/v2\/comments?post=263212"}],"version-history":[{"count":0,"href":"https:\/\/www.europesays.com\/es\/wp-json\/wp\/v2\/posts\/263212\/revisions"}],"wp:featuredmedia":[{"embeddable":true,"href":"https:\/\/www.europesays.com\/es\/wp-json\/wp\/v2\/media\/263213"}],"wp:attachment":[{"href":"https:\/\/www.europesays.com\/es\/wp-json\/wp\/v2\/media?parent=263212"}],"wp:term":[{"taxonomy":"category","embeddable":true,"href":"https:\/\/www.europesays.com\/es\/wp-json\/wp\/v2\/categories?post=263212"},{"taxonomy":"post_tag","embeddable":true,"href":"https:\/\/www.europesays.com\/es\/wp-json\/wp\/v2\/tags?post=263212"}],"curies":[{"name":"wp","href":"https:\/\/api.w.org\/{rel}","templated":true}]}}