{"id":263214,"date":"2025-11-30T06:39:10","date_gmt":"2025-11-30T06:39:10","guid":{"rendered":"https:\/\/www.europesays.com\/es\/263214\/"},"modified":"2025-11-30T06:39:10","modified_gmt":"2025-11-30T06:39:10","slug":"kaja-kallas-habla-de-la-guerra-hibrida-de-rusia-con-europa-las-negociaciones-de-paz-en-ucrania-y-la-tension-en-venezuela-el-pais-expres","status":"publish","type":"post","link":"https:\/\/www.europesays.com\/es\/263214\/","title":{"rendered":"Kaja Kallas habla de la guerra h\u00edbrida de Rusia con Europa, las negociaciones de paz en Ucrania y la tensi\u00f3n en Venezuela | El PA\u00cdS Expr\u00e9s"},"content":{"rendered":"<p><img fetchpriority=\"high\" decoding=\"auto\" class=\"_re  a_m-h\" height=\"414\"  width=\"414\"  src=\"https:\/\/www.europesays.com\/es\/wp-content\/uploads\/2025\/11\/UGFSOGSZ55C2FEM74SFBA5NOJY.jpg\" loading=\"eager\"\/>European Union foreign policy chief Kaja Kallas speaks during a media conference after the EU Indo-Pacific Ministerial Forum meeting at the European Council building in Brussels, Friday, Nov. 21, 2025. (AP Photo\/Omar Havana)FOTO: Omar Havana (AP)<\/p>\n<p class=\"\">Las negociaciones de paz en Ucrania, con el plan ruso-estadounidense de base y sin la participaci\u00f3n de la Uni\u00f3n Europea, preocupa a la diplomacia de los Veintisiete.<\/p>\n<p class=\"\">Kaja Kallas, la alta representante para Pol\u00edtica Exterior y Seguridad de la UE, muestra escepticismo, y advierte en una entrevista con EL PA\u00cdS que la guerra h\u00edbrida que mantiene Rusia con Europa tambi\u00e9n puede llegar a Espa\u00f1a y Portugal.<\/p>\n<ul>\n<li><b>La negociaci\u00f3n de paz en Ucrania.<\/b> \u201cNecesitamos tener un plan para que Rusia no vuelva a invadir, en lugar de facilitarle las cosas\u201d, expone antes de reconocer que no cree que Rusia \u201ctenga ning\u00fan deseo genuino de negociar la paz\u201d.<\/li>\n<li><b>Y la guerra h\u00edbrida de Rusia con Europa.<\/b> Kallas ha asegurado que Rusia quiere probar hasta d\u00f3nde puede llegar, y Europa debe ser muy firme para responder esos ataques: \u201cLos drones tambi\u00e9n pueden despegar desde el mar y llegar a pa\u00edses como Espa\u00f1a y Portugal\u201d.<\/li>\n<li><b>El papel de la UE en Gaza.<\/b> \u201cCuando nos acusan de doble moral, siempre uso cifras: la Uni\u00f3n Europea est\u00e1 aportando m\u00e1s de 600 millones de ayuda humanitaria, adem\u00e1s de 1.300 millones, de 2025 a 2027, para apoyar plenamente a la Autoridad Palestina\u201d.<\/li>\n<li><b>Y la preocupaci\u00f3n por la tensi\u00f3n entre Estados Unidos y Venezuela. <\/b>Kallas asegura que la UE mantuvo conversaciones intensas sobre el asunto en la cumbre con los pa\u00edses latinoamericanos: \u201cEst\u00e1n sumamente preocupados y esperan con ansias que apoyemos y defendamos el derecho internacional\u201d.<\/li>\n<\/ul>\n<p class=\"\">\u00a9Foto: Omar Havana (AP)<\/p>\n<p class=\"\">Si quieres saber m\u00e1s, puedes leer aqu\u00ed.<\/p>\n","protected":false},"excerpt":{"rendered":"European Union foreign policy chief Kaja Kallas speaks during a media conference after the EU Indo-Pacific Ministerial Forum&hellip;\n","protected":false},"author":2,"featured_media":263215,"comment_status":"","ping_status":"","sticky":false,"template":"","format":"standard","meta":{"footnotes":""},"categories":[42],"tags":[17,18,629,700,13,14,69,11,61,62,63,64,29999,19,20,9,10,15,16,1614,12,7081,21,22,1192,65,66,67],"class_list":{"0":"post-263214","1":"post","2":"type-post","3":"status-publish","4":"format-standard","5":"has-post-thumbnail","7":"category-internacional","8":"tag-breaking-news","9":"tag-breakingnews","10":"tag-estados-unidos","11":"tag-europa","12":"tag-featured-news","13":"tag-featurednews","14":"tag-guerra","15":"tag-headlines","16":"tag-internacional","17":"tag-international","18":"tag-international-news","19":"tag-internationalnews","20":"tag-kaja-kallas","21":"tag-latest-news","22":"tag-latestnews","23":"tag-news","24":"tag-noticias","25":"tag-noticias-destacadas","26":"tag-noticiasdestacadas","27":"tag-rusia","28":"tag-titulares","29":"tag-ucrania","30":"tag-ultimas-noticias","31":"tag-ultimasnoticias","32":"tag-venezuela","33":"tag-world","34":"tag-world-news","35":"tag-worldnews"},"share_on_mastodon":{"url":"","error":"Validation failed: Text character limit of 500 exceeded"},"_links":{"self":[{"href":"https:\/\/www.europesays.com\/es\/wp-json\/wp\/v2\/posts\/263214","targetHints":{"allow":["GET"]}}],"collection":[{"href":"https:\/\/www.europesays.com\/es\/wp-json\/wp\/v2\/posts"}],"about":[{"href":"https:\/\/www.europesays.com\/es\/wp-json\/wp\/v2\/types\/post"}],"author":[{"embeddable":true,"href":"https:\/\/www.europesays.com\/es\/wp-json\/wp\/v2\/users\/2"}],"replies":[{"embeddable":true,"href":"https:\/\/www.europesays.com\/es\/wp-json\/wp\/v2\/comments?post=263214"}],"version-history":[{"count":0,"href":"https:\/\/www.europesays.com\/es\/wp-json\/wp\/v2\/posts\/263214\/revisions"}],"wp:featuredmedia":[{"embeddable":true,"href":"https:\/\/www.europesays.com\/es\/wp-json\/wp\/v2\/media\/263215"}],"wp:attachment":[{"href":"https:\/\/www.europesays.com\/es\/wp-json\/wp\/v2\/media?parent=263214"}],"wp:term":[{"taxonomy":"category","embeddable":true,"href":"https:\/\/www.europesays.com\/es\/wp-json\/wp\/v2\/categories?post=263214"},{"taxonomy":"post_tag","embeddable":true,"href":"https:\/\/www.europesays.com\/es\/wp-json\/wp\/v2\/tags?post=263214"}],"curies":[{"name":"wp","href":"https:\/\/api.w.org\/{rel}","templated":true}]}}