{"id":263216,"date":"2025-11-30T06:40:11","date_gmt":"2025-11-30T06:40:11","guid":{"rendered":"https:\/\/www.europesays.com\/es\/263216\/"},"modified":"2025-11-30T06:40:11","modified_gmt":"2025-11-30T06:40:11","slug":"los-escandalos-pasan-factura-al-mayor-centro-de-investigacion-contra-el-cancer","status":"publish","type":"post","link":"https:\/\/www.europesays.com\/es\/263216\/","title":{"rendered":"los esc\u00e1ndalos pasan factura al mayor centro de investigaci\u00f3n contra el c\u00e1ncer"},"content":{"rendered":"<p class=\"article-text\">\n        \u201cHola. Te llamo porque he decidido sacar al CNIO de mi testamento\u201d. Enrique, de 69 a\u00f1os, es uno de los protagonistas de un <a href=\"https:\/\/www.eldiario.es\/sociedad\/dejo-ciencia-juana-vivia-justo-lego-millon-euros-testamento-csic_1_12692317.html\" target=\"_blank\" data-mrf-recirculation=\"links-noticia\" class=\"link\" rel=\"nofollow noopener\">reciente reportaje en elDiario.es<\/a> sobre las donaciones a instituciones cient\u00edficas y hab\u00eda registrado ante notario su voluntad de donar al Centro Nacional de Investigaciones Oncol\u00f3gicas m\u00e1s de medio mill\u00f3n de euros. El mi\u00e9rcoles, tras conocerse que la <a href=\"https:\/\/www.eldiario.es\/sociedad\/anticorrupcion-abre-investigacion-graves-denuncias-corrupcion-exgerente-cnio_1_12798735.html\" target=\"_blank\" data-mrf-recirculation=\"links-noticia\" class=\"link\" rel=\"nofollow noopener\">Fiscal\u00eda Anticorrupci\u00f3n abr\u00eda diligencias<\/a> para investigar al centro por las nuevas denuncias de corrupci\u00f3n contra el exgerente, llam\u00f3 a este medio para anunciar su cambio de opini\u00f3n. \u201cNo quiero que mi dinero acabe en manos de un particular\u201d.\n    <\/p>\n<p>    <a href=\"https:\/\/www.eldiario.es\/sociedad\/anticorrupcion-abre-investigacion-graves-denuncias-corrupcion-exgerente-cnio_1_12798735.html\" data-mrf-recirculation=\"saber-mas\" data-dl-event=\"saber-mas\" rel=\"nofollow noopener\" target=\"_blank\"><\/p>\n<p class=\"know-more__title\">Anticorrupci\u00f3n abre una investigaci\u00f3n al CNIO tras las graves denuncias de corrupci\u00f3n contra el exgerente<\/p>\n<p>            <img decoding=\"async\" class=\"lazy\" loading=\"lazy\" data-src=\"https:\/\/static.eldiario.es\/clip\/30e9855c-c235-4b36-9198-8a08c3c5429d_16-9-aspect-ratio_default_0.jpg\" src=\"data:image\/svg+xml,%3Csvg xmlns=\" http:=\"\" viewbox=\"0 0 880 495\" alt=\"Anticorrupci\u00f3n abre una investigaci\u00f3n al CNIO tras las graves denuncias de corrupci\u00f3n contra el exgerente\"\/><\/p>\n<p>                        <\/a><\/p>\n<p class=\"article-text\">\n        Este es el segundo golpe de una crisis mal cerrada y p\u00e9simamente gestionada. En enero de 2025, los tel\u00e9fonos del departamento de \u201c<a href=\"https:\/\/www.cnio.es\/amigos-del-cnio\/\" target=\"_blank\" data-mrf-recirculation=\"links-noticia\" class=\"link\" rel=\"nofollow noopener\">Amigos del CNIO<\/a>\u201d echaban humo ante la vor\u00e1gine de noticias sobre la directora cient\u00edfica y el gerente del mayor centro de investigaci\u00f3n contra el c\u00e1ncer en Espa\u00f1a. Los trabajadores que atend\u00edan la l\u00ednea estaban desolados ante el aluvi\u00f3n de llamadas, algunas con reproches e insultos, muchos basados en informaciones falsas sobre el programa <a href=\"https:\/\/www.cnio.es\/cnio-y-sociedad\/cnio-arte\/\" target=\"_blank\" data-mrf-recirculation=\"links-noticia\" class=\"link\" rel=\"nofollow noopener\">CNIO Arte<\/a> o sobre el destino de los fondos de investigaci\u00f3n. Aunque el centro no da cifras, fuentes internas confirman que para el programa de Filantrop\u00eda la situaci\u00f3n fue \u201ccatastr\u00f3fica\u201d.\n    <\/p>\n<p>    Pesadilla antes de Navidad<\/p>\n<p class=\"article-text\">\n        Hartos del goteo de noticias sobre irregularidades que est\u00e1 destruyendo su imagen p\u00fablica, los trabajadores del CNIO se han concentrado esta semana a las puertas del centro para manifestar su \u201cindignaci\u00f3n\u201d. \u201cQueremos que la sociedad sepa que la comunidad investigadora del CNIO hemos seguido trabajando con la misma dedicaci\u00f3n de siempre, y que no permitiremos que pr\u00e1cticas ajenas a la ciencia enturbien nuestra labor ni la misi\u00f3n que nos mueve\u201d, dec\u00edan en un comunicado.\u00a0\n    <\/p>\n<p>            <img decoding=\"async\" class=\"lazy\" loading=\"lazy\" data-src=\"https:\/\/static.eldiario.es\/clip\/29c179e3-0939-477a-92db-ffd48b4301cb_source-aspect-ratio_default_1131430.jpg\" src=\"data:image\/svg+xml,%3Csvg xmlns=\" http:=\"\" viewbox=\"0 0 1597 922\" alt=\"Imagen de la concentraci\u00f3n de trabajadores ante el CNIO el pasado mi\u00e9rcoles.\"\/><\/p>\n<p class=\"article-text\">\n        Seg\u00fan fuentes internas, los diferentes grupos y facciones han dejado a un lado sus divisiones para defenderse de esta situaci\u00f3n sin precedentes. El deseo general de la plantilla es sacar al centro del foco medi\u00e1tico y que les dejen trabajar. Casi nadie quiere hablar, y los pocos que lo hacen prefieren hacerlo de forma an\u00f3nima para evitar problemas.\u00a0\n    <\/p>\n<p class=\"article-text\">\n        \u201cDespu\u00e9s de la crisis del a\u00f1o pasado, que nos vuelva a pasar esto cada Navidad es una pesadilla\u201d, dice el l\u00edder de un grupo de investigaci\u00f3n que prefiere no dar su nombre. \u201cEs como la peli de Bill Murray [Atrapado en el tiempo], esto se ha convertido en un cl\u00e1sico\u201d. En este ambiente, el director de personal del CNIO comunic\u00f3 el pasado jueves a los trabajadores que este a\u00f1o no se celebrar\u00e1 la tradicional copa de Navidad porque \u201cno se dan las condiciones adecuadas\u201d ni \u201cla normalidad y la tranquilidad\u201d deseadas.\n    <\/p>\n<p>    \u201cQue se termine esto ya\u201d<\/p>\n<p class=\"article-text\">\n        \u201cNos sentimos v\u00edctimas de todo lo que est\u00e1 pasando\u201d, dice un t\u00e9cnico de laboratorio que lleva m\u00e1s de 20 a\u00f1os en el centro. \u201cLa sensaci\u00f3n general es que somos las marionetas, tanto de quienes dirigen el centro como de los pol\u00edticos\u201d. En su caso, su enfado se multiplica porque lleva dos d\u00e9cadas con el mismo salario y el dinero para equipos siempre escasea. \u201cEstamos hartos, queremos terminar con esto ya\u201d, asegura. \u201cLa gente piensa que esto es un nido de ladrones y los 500 que trabajamos aqu\u00ed venimos a hacer investigaci\u00f3n, no venimos a otra cosa\u201d.\n    <\/p>\n<p class=\"article-text\">\n        Entre los trabajadores hay confianza en la figura del nuevo gerente, que tom\u00f3 posesi\u00f3n en septiembre y que tras en la \u00faltima reuni\u00f3n del patronato anunci\u00f3 la presentaci\u00f3n de un informe ante la Fiscal\u00eda. Pero la denuncia de un ex alto cargo aparecida en los medios precipit\u00f3 los hechos e hizo estallar una nueva crisis. A pesar de haber <a href=\"https:\/\/www.eldiario.es\/ciencia\/ministerio-ciencia-conocia-existencia-nueva-denuncia-exgerente-cnio-no-alerto-patronato_1_12792896.html\" target=\"_blank\" data-mrf-recirculation=\"links-noticia\" class=\"link\" rel=\"nofollow noopener\">conocido la existencia de esta denuncia con meses de antelaci\u00f3n<\/a>, el Ministerio de Ciencia, Innovaci\u00f3n y Universidades no tom\u00f3 medidas hasta que salt\u00f3 el nuevo esc\u00e1ndalo. Ha sido esta semana cuando el patronato ha anunciado la decisi\u00f3n de <a href=\"https:\/\/www.eldiario.es\/sociedad\/cnio-aprueba-salida-exgerente-actual-puesto-graves-acusaciones-corrupcion_1_12794834.html\" target=\"_blank\" data-mrf-recirculation=\"links-noticia\" class=\"link\" rel=\"nofollow noopener\">expulsar al exgerente Juan Arroyo y a otros dos cargos de su entorno<\/a> m\u00e1s pr\u00f3ximo, aunque entre muchos trabajadores hay desconfianza e incertidumbre porque no se ha materializado.\u00a0\n    <\/p>\n<blockquote class=\"quote\">\n<p class=\"quote-text\">Al final, esta manta de descr\u00e9dito nos cubre a todos. Y es muy triste, porque el 99% de la gente que trabajamos en CNIO estamos a otra cosa <\/p>\n<p>\n                        Un jefe de laboratorio del CNIO que prefiere permanecer an\u00f3nimo\n                                  <\/p>\n<\/blockquote>\n<p class=\"article-text\">\n        Entre la plantilla tambi\u00e9n hay una sensaci\u00f3n de d\u00e9j\u00e0 vu\u00a0y de malestar por la falta de reflejos de las autoridades. \u201cQue la crisis no se cerr\u00f3 completamente es evidente, porque el exgerente segu\u00eda ah\u00ed, como vicedirector de Asuntos Econ\u00f3micos\u201d, dice un t\u00e9cnico de laboratorio. \u201cEl prestigio se lo cargaron en diciembre, habr\u00eda que ver qui\u00e9n se lo carg\u00f3 y no ayud\u00f3\u201d, a\u00f1ade otra investigadora del centro. \u201cQue esto salga a la prensa quiz\u00e1s ayude a poder empezar de nuevo\u201d.\n    <\/p>\n<p class=\"article-text\">\n        \u201cEs importante que la sociedad tenga claro que los problemas de los que se est\u00e1 hablando no han sido causados por los cient\u00edficos que investigamos en el CNIO\u201d, dice <a href=\"http:\/\/www.sabiolab.com\/\" target=\"_blank\" data-mrf-recirculation=\"links-noticia\" class=\"link\" rel=\"nofollow noopener\">Guadalupe Sabio<\/a>, que dirige uno de los grupos del centro. \u201cLa situaci\u00f3n es triste porque esto genera desconfianza en la ciencia, pero queremos trasmitir a la sociedad que los investigadores no hemos parado de trabajar para hacer ciencia de calidad que repercuta en la sociedad. Esa es la raz\u00f3n del manifiesto y el nombre: por la ciencia\u201d.\n    <\/p>\n<p class=\"article-text\">\n        Otro de los jefes de laboratorio expresa su profunda tristeza por lo que est\u00e1 ocurriendo. \u201cEntre el personal cient\u00edfico, el t\u00e9cnico y el de administraci\u00f3n, muchos de los cuales ni pinchan ni cortan, est\u00e1n pagando las consecuencias\u201d, asegura. \u201cAl final, esta manta de descr\u00e9dito nos cubre a todos. Y es muy triste, porque el 99% de la gente que trabajamos en CNIO estamos a otra cosa, estamos a hacer ciencia, a educar a estudiantes, a dar charlas, a conseguir fondos, que es bastante laborioso\u201d.\u00a0\n    <\/p>\n<p>    Recuperar el orgullo<\/p>\n<p class=\"article-text\">\n        Desde la Asociaci\u00f3n Espa\u00f1ola contra el C\u00e1ncer (AECC) reconocen que ante situaciones como las que se est\u00e1n viviendo en el CNIO la poblaci\u00f3n reacciona retirando su confianza y apoyo. \u201cEsta desconfianza es entendible, nos da mucha pena y rabia, pero tambi\u00e9n es importante se\u00f1alar que la investigaci\u00f3n oncol\u00f3gica salva vidas y no puede pararse\u201d, asegura su directora, Isabel Orbe, a <a href=\"http:\/\/elDiario.es\" target=\"_blank\" data-mrf-recirculation=\"links-noticia\" class=\"link\" rel=\"nofollow noopener\">elDiario.es<\/a>. \u201cNo se pueden generalizar las posibles malas pr\u00e1cticas llevadas a cabo en el CNIO con la realidad de la investigaci\u00f3n en nuestro pa\u00eds y su excelencia. Hay que tener mucho cuidado\u201d.\n    <\/p>\n<blockquote class=\"quote\">\n<p class=\"quote-text\">Estamos trabajando para que el CNIO vuelva a ser un centro excelente de investigaci\u00f3n en c\u00e1ncer del que nos podamos sentir orgullosos todos los espa\u00f1oles<\/p>\n<p>\n                        Isabel Orbe<br \/>\n                                        \u2014 Directora de la Asociaci\u00f3n Espa\u00f1ola contra el C\u00e1ncer (AECC)\n                      <\/p>\n<\/blockquote>\n<p class=\"article-text\">\n        Como patrono del CNIO desde octubre del 2024, la AECC lamenta que toda esta situaci\u00f3n est\u00e9 afectando al trabajo y a los proyectos de los investigadores del centro, as\u00ed como a la p\u00e9rdida de confianza de los espa\u00f1oles en nuestro sistema de Ciencia. \u201cPero estamos trabajando para que el CNIO vuelva a ser un centro excelente de investigaci\u00f3n en c\u00e1ncer del que nos podamos sentir orgullosos todos los espa\u00f1oles\u201d, indica Orbe.\n    <\/p>\n<p class=\"article-text\">\n        Fuentes del Ministerio de Ciencia, Innovaci\u00f3n y Universidades, recuerdan que la ministra, <a href=\"https:\/\/www.eldiario.es\/temas\/diana-morant\/\" target=\"_blank\" data-mrf-recirculation=\"links-noticia\" class=\"link\" rel=\"nofollow noopener\">Diana Morant<\/a>, ha reiterado en varias ocasiones su defensa de la ciencia que se hace en el CNIO y, por supuesto, del trabajo que hacen sus cient\u00edficos y cient\u00edficas. \u201cSi ha habido cualquier tipo de irregularidad con el dinero que ten\u00eda que ir a la investigaci\u00f3n en la lucha contra el c\u00e1ncer, perseguiremos cada uno de estos euros\u201d, ha asegurado Morant. \u201cVamos a ser muy contundentes\u201d.\u00a0\n    <\/p>\n<blockquote class=\"quote\">\n<p class=\"quote-text\">Los cient\u00edficos seguiremos trabajando con ilusi\u00f3n,\u00a0porque creemos que lo que hacemos es esencial y ayuda a mejorar la vida del paciente<\/p>\n<p>\n                        Guadalupe Sabio<br \/>\n                                        \u2014 Investigadora principal en el CNIO\n                      <\/p>\n<\/blockquote>\n<p class=\"article-text\">\n        \u201cConfiamos en que el nuevo equipo directivo, tanto en la gerencia como en el \u00e1rea cient\u00edfica, abrir\u00e1 una etapa marcada por una gesti\u00f3n transparente y orientada al inter\u00e9s p\u00fablico\u201d, subraya Guadalupe Sabio. \u201cLos cient\u00edficos seguiremos trabajando con ilusi\u00f3n,\u00a0porque creemos que lo que hacemos es esencial y ayuda a mejorar la vida del paciente\u201d.\n    <\/p>\n<p>    <a href=\"https:\/\/www.eldiario.es\/ciencia\/ministerio-ciencia-conocia-existencia-nueva-denuncia-exgerente-cnio-no-alerto-patronato_1_12792896.html\" data-mrf-recirculation=\"saber-mas-abajo\" data-dl-event=\"saber-mas-abajo\" rel=\"nofollow noopener\" target=\"_blank\"><\/p>\n<p class=\"know-more__title\">El Ministerio de Ciencia conoc\u00eda la existencia de una nueva denuncia contra el exgerente del CNIO pero no alert\u00f3 al patronato\n<\/p>\n<p>            <img decoding=\"async\" class=\"lazy\" loading=\"lazy\" data-src=\"https:\/\/static.eldiario.es\/clip\/2b006876-93d9-4c1e-a379-b25317e13653_16-9-aspect-ratio_default_0_x1736y1601.jpg\" src=\"data:image\/svg+xml,%3Csvg xmlns=\" http:=\"\" viewbox=\"0 0 880 495\" alt=\"El Ministerio de Ciencia conoc\u00eda la existencia de una nueva denuncia contra el exgerente del CNIO pero no alert\u00f3 al patronato\"\/><\/p>\n<p>                        <\/a><\/p>\n<p class=\"article-text\">\n        En las pr\u00f3ximas semanas, dependiendo de c\u00f3mo evolucione la denuncia contra el entorno del exgerente en los tribunales, el CNIO volver\u00e1 a ser objeto de decenas de titulares que sepultar\u00e1n el trabajo de los cient\u00edficos contra el c\u00e1ncer. \u201cTienen que limpiar y que limpien r\u00e1pido y a la gente que tengan que limpiar para que nos dejen seguir haciendo lo que hacemos, que es trabajar para investigar\u201d, asegura un t\u00e9cnico del centro. \u201cA ver lo que encuentran, pero ojal\u00e1 todo esto termine\u201d, concluye uno de los investigadores principales. \u201cY que la siguiente vez que vuelva a aparecer el nombre del CNIO en la prensa sea para alguna noticia que haga sentir orgullosos a la gente que nos quiere\u201d.\n    <\/p>\n","protected":false},"excerpt":{"rendered":"\u201cHola. Te llamo porque he decidido sacar al CNIO de mi testamento\u201d. Enrique, de 69 a\u00f1os, es uno&hellip;\n","protected":false},"author":2,"featured_media":263217,"comment_status":"","ping_status":"","sticky":false,"template":"","format":"standard","meta":{"footnotes":""},"categories":[8],"tags":[17,18,1066,245,11307,25,44945,24,5848,13,14,19109,11,1294,19,20,31,9,10,15,16,14857,20614,23,15376,12,21,22],"class_list":{"0":"post-263216","1":"post","2":"type-post","3":"status-publish","4":"format-standard","5":"has-post-thumbnail","7":"category-espana","8":"tag-breaking-news","9":"tag-breakingnews","10":"tag-cancer","11":"tag-centro","12":"tag-cnio","13":"tag-es","14":"tag-escandalos","15":"tag-espana","16":"tag-factura","17":"tag-featured-news","18":"tag-featurednews","19":"tag-he","20":"tag-headlines","21":"tag-investigacion","22":"tag-latest-news","23":"tag-latestnews","24":"tag-mayor","25":"tag-news","26":"tag-noticias","27":"tag-noticias-destacadas","28":"tag-noticiasdestacadas","29":"tag-pasan","30":"tag-quitado","31":"tag-spain","32":"tag-testamento","33":"tag-titulares","34":"tag-ultimas-noticias","35":"tag-ultimasnoticias"},"share_on_mastodon":{"url":"https:\/\/pubeurope.com\/@es\/115637284261737075","error":""},"_links":{"self":[{"href":"https:\/\/www.europesays.com\/es\/wp-json\/wp\/v2\/posts\/263216","targetHints":{"allow":["GET"]}}],"collection":[{"href":"https:\/\/www.europesays.com\/es\/wp-json\/wp\/v2\/posts"}],"about":[{"href":"https:\/\/www.europesays.com\/es\/wp-json\/wp\/v2\/types\/post"}],"author":[{"embeddable":true,"href":"https:\/\/www.europesays.com\/es\/wp-json\/wp\/v2\/users\/2"}],"replies":[{"embeddable":true,"href":"https:\/\/www.europesays.com\/es\/wp-json\/wp\/v2\/comments?post=263216"}],"version-history":[{"count":0,"href":"https:\/\/www.europesays.com\/es\/wp-json\/wp\/v2\/posts\/263216\/revisions"}],"wp:featuredmedia":[{"embeddable":true,"href":"https:\/\/www.europesays.com\/es\/wp-json\/wp\/v2\/media\/263217"}],"wp:attachment":[{"href":"https:\/\/www.europesays.com\/es\/wp-json\/wp\/v2\/media?parent=263216"}],"wp:term":[{"taxonomy":"category","embeddable":true,"href":"https:\/\/www.europesays.com\/es\/wp-json\/wp\/v2\/categories?post=263216"},{"taxonomy":"post_tag","embeddable":true,"href":"https:\/\/www.europesays.com\/es\/wp-json\/wp\/v2\/tags?post=263216"}],"curies":[{"name":"wp","href":"https:\/\/api.w.org\/{rel}","templated":true}]}}