{"id":263218,"date":"2025-11-30T06:41:35","date_gmt":"2025-11-30T06:41:35","guid":{"rendered":"https:\/\/www.europesays.com\/es\/263218\/"},"modified":"2025-11-30T06:41:35","modified_gmt":"2025-11-30T06:41:35","slug":"ayuntamiento-de-benalmadena-3","status":"publish","type":"post","link":"https:\/\/www.europesays.com\/es\/263218\/","title":{"rendered":"Ayuntamiento de Benalm\u00e1dena"},"content":{"rendered":"<p class=\"MsoNormal\" style=\"margin-left: 0cm; text-align: justify; text-indent: 0cm; mso-list: l0 level1 lfo2;\">\u00b7 <strong style=\"mso-bidi-font-weight: normal;\">El Ayuntamiento de Benalm\u00e1dena ha presentado la programaci\u00f3n musical de Navidad, que incluye inauguraciones de belenes, zambombas, candelas, cert\u00e1menes de pastorales y el concierto de Navidad del Cuarteto In Crescendo Bios.<\/strong><\/p>\n<p class=\"MsoNormal\" style=\"margin-left: 0cm; text-align: justify; text-indent: 0cm; mso-list: l0 level1 lfo2;\">\u00b7 <strong style=\"mso-bidi-font-weight: normal;\">La concejala de Festejos y Tradiciones Populares, Yolanda Pe\u00f1a, y la edil de Cultura, J\u00e9sica Trujillo, han agradecido la participaci\u00f3n de colectivos de la ciudad y han invitado a benalmadenses y visitantes a disfrutar de una Navidad llena de m\u00fasica, tradici\u00f3n y convivencia.<\/strong><\/p>\n<p class=\"MsoNormal\" style=\"text-align: justify;\">El Ayuntamiento de Benalm\u00e1dena ha presentado oficialmente la programaci\u00f3n navide\u00f1a para este a\u00f1o, que se desarrollar\u00e1 en distintos puntos del municipio, en una rueda de prensa que ha contado con la presencia de la edil de Festejos y Tradiciones Populares, Yolanda Pe\u00f1a, y la concejala de Cultura, J\u00e9sica Trujillo. La ciudad ofrecer\u00e1 un extenso calendario de actividades que combina tradici\u00f3n, m\u00fasica en directo, encuentros vecinales y cultura, con la participaci\u00f3n de hermandades, pe\u00f1as, agrupaciones locales y escuelas municipales.<\/p>\n<p class=\"MsoNormal\" style=\"text-align: justify;\">La edil de Festejos y Tradiciones Populares, Yolanda Pe\u00f1a, subray\u00f3 que la propuesta de este a\u00f1o \u201cha sido dise\u00f1ada para fortalecer el esp\u00edritu navide\u00f1o desde la cercan\u00eda y la participaci\u00f3n vecinal, con actividades pensadas para todas las edades y para todos los rincones del municipio\u201d. Pe\u00f1a se\u00f1al\u00f3 que las zambombas, candelas y pastorales \u201crepresentan parte del ADN de Benalm\u00e1dena\u201d, y agradeci\u00f3 la colaboraci\u00f3n de los colectivos, \u201cque son fundamentales para mantener vivas estas tradiciones\u201d. La edil de Cultura, J\u00e9sica Trujillo, puso en valor \u201cla gran implicaci\u00f3n de los benalmadenses en las fiestas\u201d y destac\u00f3 \u201cel trabajo conjunto realizado por el Ayuntamiento para conformar una programaci\u00f3n amplia, diversa y llena de ilusi\u00f3n\u201d. <\/p>\n<p class=\"MsoNormal\" style=\"text-align: justify;\">El 5 de diciembre se abrir\u00e1 la programaci\u00f3n cultural con la inauguraci\u00f3n del Bel\u00e9n de Playmobil en la Casa de la Cultura, a las 17:30 horas, acompa\u00f1ada por el coro de la EMMD dirigido por Mar\u00eda Adela. Ese mismo d\u00eda, a las 19:00 horas, la inauguraci\u00f3n del Bel\u00e9n Municipal de Pueblosol contar\u00e1 con la zambomba \u2018Carmoneando por Navidad\u2019, ofrecida por la Pe\u00f1a La Repompa.<\/p>\n<p class=\"MsoNormal\" style=\"text-align: justify;\">La m\u00fasica y la tradici\u00f3n continuar\u00e1n presentes el 6 de diciembre, cuando Arroyo de la Miel acoger\u00e1 una candela navide\u00f1a con Delia Membrive en la calle Blas Infante a las 19:00 horas; y el 7 de diciembre, a las 17:00 horas, Pueblosol celebrar\u00e1 un encuentro de pastorales, una cita ya consolidada en estas fechas. El d\u00eda 8 de diciembre, a las 16:00 horas, ser\u00e1 el turno del certamen de pastorales organizado por la Pe\u00f1a Nuestra Se\u00f1ora de la Cruz en la plaza de las Tres Culturas de Benalm\u00e1dena Pueblo.<\/p>\n<p class=\"MsoNormal\" style=\"text-align: justify;\">La programaci\u00f3n se reanudar\u00e1 el 12 de diciembre con dos actividades destacadas: por un lado, la candela navide\u00f1a de Roc\u00edo Alba y Amigos en la plaza de Espa\u00f1a de Benalm\u00e1dena Pueblo a las 19:00 horas; y por otro, el XVIII Certamen de Pastorales \u2018Los Bataneros\u2019, que tendr\u00e1 lugar en la Casa de la Cultura a las 20:00 horas.<\/p>\n<p class=\"MsoNormal\" style=\"text-align: justify;\">El d\u00eda 13 de diciembre, a las 20:00 horas, la plaza Adolfo Su\u00e1rez ser\u00e1 escenario de una nueva candela navide\u00f1a organizada por la Hermandad del Roc\u00edo, que ofrecer\u00e1 adem\u00e1s una barra a precios populares. La m\u00fasica seguir\u00e1 el 14 de diciembre, tambi\u00e9n en Pueblosol, donde a las 17:00 horas la Pe\u00f1a La Repompa ofrecer\u00e1 una nueva zambomba titulada \u2018A la luz de las candelas\u2019, junto al Bel\u00e9n Municipal.<\/p>\n<p class=\"MsoNormal\" style=\"text-align: justify;\">El 19 de diciembre ser\u00e1 una fecha especialmente relevante, al coincidir varias actividades. A las 20:00 horas, la Casa de la Cultura acoger\u00e1 el Concierto de Navidad del Cuarteto In Crescendo Bios, cuya recogida de entradas se realizar\u00e1 el 18 de diciembre, con un reparto dividido al 50% entre las 10:00 y las 18:00 horas. Ese mismo d\u00eda, a las 20:00 horas, la plaza de Andaluc\u00eda de Benalm\u00e1dena Pueblo celebrar\u00e1 la zambomba \u2018Al comp\u00e1s de diciembre\u2019. La m\u00fasica continuar\u00e1 el 20 de diciembre, cuando la plaza de la Mezquita en Arroyo de la Miel se llenar\u00e1 de ambiente navide\u00f1o con la zambomba \u2018Cant\u00e1ndole a la Navidad\u2019, tambi\u00e9n a las 20:00 horas.<\/p>\n<p class=\"MsoNormal\" style=\"text-align: justify;\">La programaci\u00f3n culminar\u00e1 el 21 de diciembre, a las 16:30 horas, en los Jardines del Muro de Benalm\u00e1dena Pueblo, donde tendr\u00e1 lugar la candela navide\u00f1a con Mayka Romero y Luis \u2018El Salao\u2019, acompa\u00f1ados por la actuaci\u00f3n del Coro Pe\u00f1a Nuestra Se\u00f1ora de la Cruz y con una barra ofrecida por la Hermandad del Nazareno.<\/p>\n<p>Tanto Festejos como Cultura han subrayado que la programaci\u00f3n de este a\u00f1o \u201crefuerza el compromiso del Ayuntamiento con la tradici\u00f3n, la cultura, la m\u00fasica y la convivencia\u201d, invitando a vecinos y visitantes a disfrutar de cada actividad y a vivir \u201cuna Navidad llena de emoci\u00f3n, participaci\u00f3n y esencia benalmadense\u201d.<\/p>\n","protected":false},"excerpt":{"rendered":"\u00b7 El Ayuntamiento de Benalm\u00e1dena ha presentado la programaci\u00f3n musical de Navidad, que incluye inauguraciones de belenes, zambombas,&hellip;\n","protected":false},"author":2,"featured_media":263219,"comment_status":"","ping_status":"","sticky":false,"template":"","format":"standard","meta":{"footnotes":""},"categories":[5],"tags":[1201,17233,45055,45043,259,45051,45053,45049,45047,45035,1250,45042,45040,17784,45034,45050,45039,45045,17,18,11322,14761,2828,13975,5509,25,24,13,14,11,45046,45054,13084,45048,19,20,45041,3855,195,4911,9,10,15,16,776,9550,4032,45044,2829,23,45052,45038,12,4664,21,22,45036,45037],"class_list":{"0":"post-263218","1":"post","2":"type-post","3":"status-publish","4":"format-standard","5":"has-post-thumbnail","7":"category-titulares","8":"tag-alcalde","9":"tag-alojamiento","10":"tag-alojamiento-benalmadena","11":"tag-andaluca","12":"tag-andalucia","13":"tag-apartahoteles-en-benalmadena","14":"tag-apartamentos-benalmadena","15":"tag-apartamentos-benalmadena-costa","16":"tag-apartamentos-en-benalmadena","17":"tag-arroyo-de-la-miel","18":"tag-ayuntamiento","19":"tag-ayuntamiento-de-benalmadena","20":"tag-benalmdena","21":"tag-benalmadena","22":"tag-benalmadena-costa","23":"tag-benalmadena-hoteles","24":"tag-benalmadena-weather","25":"tag-bnalmadena","26":"tag-breaking-news","27":"tag-breakingnews","28":"tag-concejal","29":"tag-consistorio","30":"tag-costa","31":"tag-costa-del-sol","32":"tag-empleo","33":"tag-es","34":"tag-espana","35":"tag-featured-news","36":"tag-featurednews","37":"tag-headlines","38":"tag-hotel-benalmadena","39":"tag-hotel-en-benalmadena","40":"tag-hoteles","41":"tag-hoteles-benalmadena-costa","42":"tag-latest-news","43":"tag-latestnews","44":"tag-mlaga","45":"tag-malaga","46":"tag-mar","47":"tag-marina","48":"tag-news","49":"tag-noticias","50":"tag-noticias-destacadas","51":"tag-noticiasdestacadas","52":"tag-playa","53":"tag-playas","54":"tag-puerto","55":"tag-puerto-marina","56":"tag-sol","57":"tag-spain","58":"tag-teleferico-benalmadena","59":"tag-tiempo-en-benalmadena","60":"tag-titulares","61":"tag-turismo","62":"tag-ultimas-noticias","63":"tag-ultimasnoticias","64":"tag-weather-benalmadena","65":"tag-weather-in-benalmadena"},"share_on_mastodon":{"url":"","error":"Validation failed: Text character limit of 500 exceeded"},"_links":{"self":[{"href":"https:\/\/www.europesays.com\/es\/wp-json\/wp\/v2\/posts\/263218","targetHints":{"allow":["GET"]}}],"collection":[{"href":"https:\/\/www.europesays.com\/es\/wp-json\/wp\/v2\/posts"}],"about":[{"href":"https:\/\/www.europesays.com\/es\/wp-json\/wp\/v2\/types\/post"}],"author":[{"embeddable":true,"href":"https:\/\/www.europesays.com\/es\/wp-json\/wp\/v2\/users\/2"}],"replies":[{"embeddable":true,"href":"https:\/\/www.europesays.com\/es\/wp-json\/wp\/v2\/comments?post=263218"}],"version-history":[{"count":0,"href":"https:\/\/www.europesays.com\/es\/wp-json\/wp\/v2\/posts\/263218\/revisions"}],"wp:featuredmedia":[{"embeddable":true,"href":"https:\/\/www.europesays.com\/es\/wp-json\/wp\/v2\/media\/263219"}],"wp:attachment":[{"href":"https:\/\/www.europesays.com\/es\/wp-json\/wp\/v2\/media?parent=263218"}],"wp:term":[{"taxonomy":"category","embeddable":true,"href":"https:\/\/www.europesays.com\/es\/wp-json\/wp\/v2\/categories?post=263218"},{"taxonomy":"post_tag","embeddable":true,"href":"https:\/\/www.europesays.com\/es\/wp-json\/wp\/v2\/tags?post=263218"}],"curies":[{"name":"wp","href":"https:\/\/api.w.org\/{rel}","templated":true}]}}