{"id":263220,"date":"2025-11-30T06:47:12","date_gmt":"2025-11-30T06:47:12","guid":{"rendered":"https:\/\/www.europesays.com\/es\/263220\/"},"modified":"2025-11-30T06:47:12","modified_gmt":"2025-11-30T06:47:12","slug":"2a-copa-mundo-cx-flamanville-recorrido-y-dorsales","status":"publish","type":"post","link":"https:\/\/www.europesays.com\/es\/263220\/","title":{"rendered":"2\u00aa Copa Mundo CX Flamanville: Recorrido y dorsales"},"content":{"rendered":"<p class=\"post-meta\">\nen <a href=\"https:\/\/www.ciclo21.com\/category\/internacional\/carreras-clasificaciones\/\" rel=\"category tag nofollow noopener\" target=\"_blank\">Carreras-Clasificaciones INT<\/a>, <a href=\"https:\/\/www.ciclo21.com\/category\/mas-ciclismos\/cyclo-cross\/\" rel=\"category tag nofollow noopener\" target=\"_blank\">Ciclocross<\/a>, <a href=\"https:\/\/www.ciclo21.com\/category\/destacada\/\" rel=\"category tag nofollow noopener\" target=\"_blank\">Destacada<\/a>, <a href=\"https:\/\/www.ciclo21.com\/category\/internacional\/\" rel=\"category tag nofollow noopener\" target=\"_blank\">Internacional<\/a>, <a href=\"https:\/\/www.ciclo21.com\/category\/internacional\/noticias-internacional\/\" rel=\"category tag nofollow noopener\" target=\"_blank\">Noticias INT<\/a><br \/>\n29\/11\/2025\n<\/p>\n<p><a href=\"https:\/\/www.europesays.com\/es\/wp-content\/uploads\/2025\/11\/292473741_440927264698964_5150690911356868724_n.png\" target=\"_blank\" rel=\"noopener\"><img fetchpriority=\"high\" decoding=\"async\" aria-describedby=\"caption-attachment-350888\" class=\"wp-image-350888 lazy\" src=\"data:image\/svg+xml,%3Csvg%20xmlns=\" http:=\"\" data-src=\"https:\/\/www.europesays.com\/es\/wp-content\/uploads\/2025\/11\/292473741_440927264698964_5150690911356868724_n.png\" alt=\"\" width=\"700\" height=\"476\" data- data-\/><\/a><\/p>\n<p id=\"caption-attachment-350888\" class=\"wp-caption-text\">Logo oficial \u00a9 UCI CX World Cup<\/p>\n<p><strong>Redacci\u00f3n \/\u00a0<a href=\"https:\/\/www.ciclo21.com\/\" target=\"_blank\" rel=\"noopener nofollow\">Ciclo 21<\/a><\/strong><\/p>\n<p><strong>\u00c9lite hombres <\/strong><\/p>\n<p><a href=\"https:\/\/www.ucicyclocrossworldcup.com\/storage\/programs\/file_participants\/522\/522.pdf?t=1764073093\" target=\"_blank\" rel=\"noopener nofollow\"><strong>DORSALES<\/strong><\/a><\/p>\n<p><a href=\"https:\/\/prod.chronorace.be\/angular\/results.html#\/uci\/event\/20251130_cro\/CRO\/ME\/xco\/ME\/ov\" target=\"_blank\" rel=\"noopener nofollow\"><strong>TIEMPOS EN DIRECTO<\/strong><\/a><\/p>\n<p><a href=\"https:\/\/cyclocross24.com\/standings\/uci-world-cup\/\" target=\"_blank\" rel=\"noopener nofollow\"><strong>CLASIFICACI\u00d3N GENERAL<\/strong><\/a><\/p>\n<p><strong>\u00c9lite f\u00e9minas<\/strong><\/p>\n<p><a href=\"https:\/\/www.ucicyclocrossworldcup.com\/storage\/programs\/file_participants\/521\/521.pdf?t=1764073093\" target=\"_blank\" rel=\"noopener nofollow\"><strong>DORSALES<\/strong><\/a><\/p>\n<p><a href=\"https:\/\/prod.chronorace.be\/angular\/results.html#\/uci\/event\/20251130_cro\/CRO\/WE\/xco\/WE\/ov?ll=176441050603\" target=\"_blank\" rel=\"noopener nofollow\"><strong>TIEMPOS EN DIRECTO<\/strong><\/a><\/p>\n<p><a href=\"https:\/\/cyclocross24.com\/standings\/uci-world-cup\/2025-2026\/WE\/\" target=\"_blank\" rel=\"noopener nofollow\"><strong>CLASIFICACI\u00d3N GENERAL<\/strong><\/a><\/p>\n<p><strong>RECORRIDO<\/strong><\/p>\n<p><a href=\"https:\/\/www.europesays.com\/es\/wp-content\/uploads\/2025\/11\/Flamanville.jpg\" target=\"_blank\" rel=\"noopener\"><img loading=\"lazy\" decoding=\"async\" aria-describedby=\"caption-attachment-453618\" class=\"wp-image-453618 lazy\" src=\"data:image\/svg+xml,%3Csvg%20xmlns=\" http:=\"\" data-src=\"https:\/\/www.europesays.com\/es\/wp-content\/uploads\/2025\/11\/Flamanville.jpg\" alt=\"\" width=\"703\" height=\"703\" data- data-\/><\/a><\/p>\n<p id=\"caption-attachment-453618\" class=\"wp-caption-text\">Recorrido de la prueba de Flamanville \u00a9 UCI<\/p>\n<p style=\"text-align: justify;\"><strong><a href=\"https:\/\/www.ciclo21.com\/calendario-cx-2025-2026\/\" target=\"_blank\" rel=\"noopener nofollow\">CALENDARIO 2025-2026<\/a><\/strong><\/p>\n<ul>\n<li style=\"text-align: justify;\"><a href=\"https:\/\/www.ciclo21.com\/copa-mundo-cx-tabor-2025-nys-brand\/\" target=\"_blank\" rel=\"noopener nofollow\"><strong>23\/11: Tabor (Rep\u00fablica Checa)*<\/strong><\/a><\/li>\n<li style=\"text-align: justify;\"><strong>30\/11: Flamanville (Francia)*<\/strong><\/li>\n<li style=\"text-align: justify;\"><strong>07\/12: Cabras Cerde\u00f1a (Italia)<\/strong><\/li>\n<li style=\"text-align: justify;\"><strong>14\/12: Namur (B\u00e9lgica)<\/strong><\/li>\n<li style=\"text-align: justify;\"><strong>20\/12: Amberes (B\u00e9lgica)<\/strong><\/li>\n<li style=\"text-align: justify;\"><strong>21\/12: Koksijde (B\u00e9lgica)<\/strong><\/li>\n<li style=\"text-align: justify;\"><strong>26\/12: Gavere (B\u00e9lgica)<\/strong><\/li>\n<li style=\"text-align: justify;\"><strong>28\/12: Dendermonde (B\u00e9lgica)*<\/strong><\/li>\n<li style=\"text-align: justify;\"><strong>04\/01: Zonhoven (B\u00e9lgica)<\/strong><\/li>\n<li style=\"text-align: justify;\"><strong>18\/01: Benidorm (Espa\u00f1a)*<\/strong><\/li>\n<li style=\"text-align: justify;\"><strong>24\/01: Maasmechelen (B\u00e9lgica)<\/strong><\/li>\n<li><strong>25\/01: Hoogerheide (Pa\u00edses Bajos)<\/strong><\/li>\n<\/ul>\n<p style=\"text-align: justify;\">* Las pruebas marcadas con un asterisco incluyen las carreras en las categor\u00edas masculina sub-23, masculino j\u00fanior y femenino j\u00fanior, adem\u00e1s de las carreras en las categor\u00edas masculino \u00e9lite y femenino \u00e9lite.<\/p>\n<p style=\"text-align: justify;\">Las rondas celebradas en <b>Tabor, Flamanville, Cabras Cerde\u00f1a, Amberes y Dendermonde <\/b>han recibido el\u00a0estatus de \u00abevento protegido\u00bb.<\/p>\n<p><a href=\"https:\/\/www.ciclo21.com\/tag\/copa-mundo-cx\/\" rel=\"tag nofollow noopener\" target=\"_blank\">copa mundo cx<\/a> <a href=\"https:\/\/www.ciclo21.com\/tag\/copa-mundo-cx-2025-2026\/\" rel=\"tag nofollow noopener\" target=\"_blank\">Copa Mundo CX 2025-2026<\/a> <a href=\"https:\/\/www.ciclo21.com\/tag\/flamanville\/\" rel=\"tag nofollow noopener\" target=\"_blank\">Flamanville<\/a>\t\t2025-11-29<\/p>\n","protected":false},"excerpt":{"rendered":"en Carreras-Clasificaciones INT, Ciclocross, Destacada, Internacional, Noticias INT 29\/11\/2025 Logo oficial \u00a9 UCI CX World Cup Redacci\u00f3n \/\u00a0Ciclo&hellip;\n","protected":false},"author":2,"featured_media":263221,"comment_status":"","ping_status":"","sticky":false,"template":"","format":"standard","meta":{"footnotes":""},"categories":[273],"tags":[313,65470,65471,312,168,25,24,65472,23,167],"class_list":{"0":"post-263220","1":"post","2":"type-post","3":"status-publish","4":"format-standard","5":"has-post-thumbnail","7":"category-ciclismo","8":"tag-ciclismo","9":"tag-copa-mundo-cx","10":"tag-copa-mundo-cx-2025-2026","11":"tag-cycling","12":"tag-deportes","13":"tag-es","14":"tag-espana","15":"tag-flamanville","16":"tag-spain","17":"tag-sports"},"share_on_mastodon":{"url":"https:\/\/pubeurope.com\/@es\/115637311435714489","error":""},"_links":{"self":[{"href":"https:\/\/www.europesays.com\/es\/wp-json\/wp\/v2\/posts\/263220","targetHints":{"allow":["GET"]}}],"collection":[{"href":"https:\/\/www.europesays.com\/es\/wp-json\/wp\/v2\/posts"}],"about":[{"href":"https:\/\/www.europesays.com\/es\/wp-json\/wp\/v2\/types\/post"}],"author":[{"embeddable":true,"href":"https:\/\/www.europesays.com\/es\/wp-json\/wp\/v2\/users\/2"}],"replies":[{"embeddable":true,"href":"https:\/\/www.europesays.com\/es\/wp-json\/wp\/v2\/comments?post=263220"}],"version-history":[{"count":0,"href":"https:\/\/www.europesays.com\/es\/wp-json\/wp\/v2\/posts\/263220\/revisions"}],"wp:featuredmedia":[{"embeddable":true,"href":"https:\/\/www.europesays.com\/es\/wp-json\/wp\/v2\/media\/263221"}],"wp:attachment":[{"href":"https:\/\/www.europesays.com\/es\/wp-json\/wp\/v2\/media?parent=263220"}],"wp:term":[{"taxonomy":"category","embeddable":true,"href":"https:\/\/www.europesays.com\/es\/wp-json\/wp\/v2\/categories?post=263220"},{"taxonomy":"post_tag","embeddable":true,"href":"https:\/\/www.europesays.com\/es\/wp-json\/wp\/v2\/tags?post=263220"}],"curies":[{"name":"wp","href":"https:\/\/api.w.org\/{rel}","templated":true}]}}