{"id":263224,"date":"2025-11-30T06:50:09","date_gmt":"2025-11-30T06:50:09","guid":{"rendered":"https:\/\/www.europesays.com\/es\/263224\/"},"modified":"2025-11-30T06:50:09","modified_gmt":"2025-11-30T06:50:09","slug":"raphinha-despierta-al-barca","status":"publish","type":"post","link":"https:\/\/www.europesays.com\/es\/263224\/","title":{"rendered":"Raphinha despierta al Bar\u00e7a"},"content":{"rendered":"<p data-gtm-element-container=\"modulo-texto-link\" class=\"paragraph\"><strong>L<\/strong>a fuerza y el liderazgo de <strong>Raphinha<\/strong> condujo al Barcelona hacia un triunfo muy necesario y no menos sufrido, que no se pudo dar por cerrado hasta el descuento, cuando Olmo marc\u00f3 su segundo gol y puso el 3-1.<strong> Ib\u00e1\u00f1ez<\/strong> hab\u00eda adelantado al Alav\u00e9s al inicio y el Barcelona dio la vuelta al marcador con sendas asistencias\u00a0 de <strong>Raphinha<\/strong> a <strong>Lamine Yamal<\/strong> y <strong>Dani Olmo<\/strong>, respectivamente. Tras la reaparici\u00f3n en la segunda parte de <strong>Pedri<\/strong>, que devolvi\u00f3 el orden, <strong>Olmo<\/strong> puso el lazo definitivo al triunfo ya en el descuento, no sin fases de sufrimiento, en un d\u00eda muy especial para el club: 126 aniversario del club y decimoquinto aniversario tambi\u00e9n del 5-0 al Madrid de la Liga 2010-11, el de la manita de<strong> Piqu\u00e9<\/strong>.<\/p>\n<p>            <img decoding=\"async\" alt=\"Raphinha despierta al Bar\u00e7a\" heigth=\"3000\" width=\"544\" src=\"https:\/\/www.europesays.com\/es\/wp-content\/uploads\/2025\/11\/692b3c7c0cc3a.jpeg\" class=\"lazy\"\/><\/p>\n<p>                 Video<\/p>\n<p class=\"caption-title video-caption-title \">Disfruta de todos los datos y estad\u00edsticas de este FC Barcelona &#8211; Alav\u00e9s<\/p>\n<p>            <video data-source=\"jwplatform\" video-id=\"ItECtre7\"\/><\/p>\n<p data-gtm-element-container=\"modulo-texto-link\" class=\"paragraph\"><strong>A<\/strong> la derrota europea en Chelsea era necesario reaccionar con un triunfo y, si era posible, convincente para recuperar las buenas sensaciones. El Barcelona gan\u00f3, pero <strong>sin acabar de espantar dudas<\/strong>. Tuvo que remar a la contra desde el inicio por empezar dormido y ceder un gol en cuesti\u00f3n de segundos y <strong>Raphinha<\/strong> le dio energ\u00eda para encontrar soluciones en un primer tiempo algo desordenado. En el segundo, el Barcelona domin\u00f3 m\u00e1s la situaci\u00f3n, especialmente tras la salida de Pedri.<\/p>\n<p data-gtm-element-container=\"modulo-texto-link\" class=\"paragraph\"><strong>G<\/strong>ran regreso al once titular del brasile\u00f1o, que <strong>rescat\u00f3 al Bar\u00e7a<\/strong> cuando m\u00e1s lo necesitaba el equipo azulgrana con dos asistencias, en un ambiente algo enrarecido a causa del caos por la ca\u00edda del sistema inform\u00e1tico, que dej\u00f3 sin c\u00f3digo QR muchas de las entradas de los socios para el partido.<\/p>\n<p data-gtm-element-container=\"modulo-texto-link\" class=\"paragraph\"><strong>R<\/strong>\u00e1pidamente la tarde se puso cuesta arriba para el Barcelona: a los veinte segundos <strong>el Alav\u00e9s<\/strong> tom\u00f3 ventaja. Diez segundos para forzar un c\u00f3rner y otros diez para que Ib\u00e1\u00f1ez marcase, a la salida de ese c\u00f3rner y ante la pasividad de varios marcadores en la defensa. Salieron dormidos.<\/p>\n<p>                     Galer\u00eda<\/p>\n<p>                <img loading=\"lazy\" decoding=\"async\" data-full-src=\"https:\/\/www.mundodeportivo.com\/uploads\/2025\/11\/29\/692b2e54609ab.jpeg\" alt=\"Vertical\" src=\"https:\/\/www.europesays.com\/es\/wp-content\/uploads\/2025\/11\/692b2e54609ab.r_d.1403-1619.jpeg\" class=\"lazy\" width=\"449\" height=\"555\"\/><\/p>\n<p>                    <a class=\"caption-title \" href=\"https:\/\/www.mundodeportivo.com\/futbol\/fc-barcelona\/20251129\/1002578265\/doblete-dani-olmo-3-1-fc-barcelona-deportivo-alaves.html\" rel=\"nofollow noopener\" target=\"_blank\">Doblete de Dani Olmo en el 3-1 del FC Barcelona ante el Deportivo Alav\u00e9s<\/a><\/p>\n<p>                    Manel Montilla \/ Propias<\/p>\n<p data-gtm-element-container=\"modulo-texto-link\" class=\"paragraph\"><strong>A<\/strong> <strong>Bernal<\/strong> y <strong>Casad\u00f3<\/strong>, que volvieron a jugar juntos despu\u00e9s de m\u00e1s de un a\u00f1o de no hacerlo, desde la pretemporada 24-25, y les toc\u00f3 por la inesperada ausencia de<strong> De Jong<\/strong>, con<strong> Pedri<\/strong> reservado para la segunda parte, les cost\u00f3 coger el ritmo al partido. Ni ellos ni <strong>Balde<\/strong> acertaron a evitar el remate de Ib\u00e1\u00f1ez.<\/p>\n<p data-gtm-element-container=\"modulo-texto-link\" class=\"paragraph\"><strong>N<\/strong>o se hab\u00eda presentado el Barcelona en el inicio del partido y cuando despert\u00f3 tuvo que empezar a picar piedra, sin demasiada finura y con precipitaci\u00f3n. Y ah\u00ed apareci\u00f3 <strong>Raphinha<\/strong>, que recibi\u00f3 un pase profundo de<strong> Balde<\/strong> por la izquierda y centr\u00f3 al \u00e1rea, donde <strong>Lamine Yamal<\/strong>, despu\u00e9s de que <strong>Olmo<\/strong> y <strong>Lewandowski<\/strong> no llegasen, remat\u00f3 impecablemente casi a puerta vac\u00eda.<\/p>\n<p data-gtm-element-container=\"modulo-texto-link\" class=\"paragraph\"><strong>M<\/strong>uchos pensaron que desde ese momento todo har\u00eda bajada, pero era uno de esos d\u00edas de partido a las cuatro y cuarto. La estructura barcelonista se mantuvo irregular y algo inconsistente ante un Alav\u00e9s que se las arregl\u00f3 para montar transiciones r\u00e1pidas al primer toque en varios momentos cr\u00edticos. As\u00ed, justo antes del segundo del Barcelona, <strong>Joan Garcia<\/strong> salv\u00f3 al equipo al rechazar con reflejos felinos un remate en el segundo palo de <strong>Jonny Otto<\/strong> tras un centro de <strong>Lucas Boy\u00e9<\/strong> desde la izquierda en jugada de tiral\u00edneas montada al primer toque, en tres pases, en la zona ancha, con los centrocampistas azulgranas superados.<\/p>\n<p data-gtm-element-container=\"modulo-texto-link\" class=\"paragraph\"><strong>A<\/strong>l frustrado 1-2 le sigui\u00f3, pr\u00e1cticamente de forma autom\u00e1tica, el 2-1, en otra acci\u00f3n de Raphinha, que recogi\u00f3 un pase largo de Gerard Mart\u00edn, que lo hab\u00eda estado probando repetidamente. El brasile\u00f1o hizo el pase de la muerte y <strong>Olmo<\/strong>, en el mprimer palo, remat\u00f3 a gol.<\/p>\n<p data-gtm-element-container=\"modulo-texto-link\" class=\"paragraph\"><strong>N<\/strong>i entonces el Alav\u00e9s se dio por vencido y sigui\u00f3 causando problemas a la zaga. Justo antes del descanso, <strong>Lucas Boy\u00e9 <\/strong>pudo empatar tras jugada por la izquierda de Parada, que dio muchos problemas a Eric Garcia por su banda. El bal\u00f3n sali\u00f3 rozando la red por fuera.<\/p>\n<p data-gtm-element-container=\"modulo-texto-link\" class=\"paragraph\"><strong>I<\/strong>mplicado en los dos goles y fundamental para el equipo con su actitud, Raphinha dej\u00f3 su puesto a <strong>Pedri<\/strong> justo a la hora del partido. El canario dio m\u00e1s consistencia al equipo en t\u00e9rminos de posesi\u00f3n y control, pero al Barcelona le faltaba cerrar el partido.<\/p>\n<p data-gtm-element-container=\"modulo-texto-link\" class=\"paragraph\"><strong>T<\/strong>uvieron el gol <strong>Lamine Yamal<\/strong>, que ya en el primer tiempo, tras un tuya-m\u00eda con <strong>Lewandowski<\/strong>, hab\u00eda rematado al palo tras sortear la salida del meta <strong>Sivera<\/strong>, pero su chut sali\u00f3 alto, y poco despu\u00e9s <strong>Dani Olmo<\/strong>, pero en general el Barcelona segu\u00eda fr\u00edo y el Alav\u00e9s, que se manten\u00eda agazapado, ense\u00f1\u00f3 las u\u00f1as en una subida de <strong>Carlos Vicente<\/strong> con centro a <strong>Lucas Boy\u00e9<\/strong>, cuyo remate fue salvado por <strong>Cubars\u00ed<\/strong>. Y <strong>Joan Garcia<\/strong> se luci\u00f3 rechazando un chut de <strong>Guridi<\/strong> tras una p\u00e9rdida en la medular e internada.<\/p>\n<p data-gtm-element-container=\"modulo-texto-link\" class=\"paragraph\"><strong>A<\/strong>nte la posibilidad de empatar, el Alav\u00e9s avanz\u00f3 l\u00edneas. El Barcelona tuvo opciones y<strong> Ortiz Arias<\/strong>, otra calamidad, se comi\u00f3 un penalti claro a <strong>Dani Olmo<\/strong>, que poco despu\u00e9s logr\u00f3 su segundo gol, tercero del Barcelona, al completar una transici\u00f3n y un tuya-m\u00eda con <strong>Lamine Yamal<\/strong>, que se va a casa con gol y asistencia.<\/p>\n<p>FICHA T\u00c9CNICA<br \/>\nFC BARCELONA, 3 &#8211; DEP ALAV\u00c9S, 1<\/p>\n<p class=\"module-text\"><strong>FC BARCELONA<\/strong>: Joan Garcia (3); Eric (1) (Kound\u00e9 (1), 46&#8242;), Cubars\u00ed (2) (Christensen (s.c.), 85&#8242;), Gerard Mart\u00edn (3), Balde (2) (Rashford (1), 46&#8242;); Casad\u00f3 (1), Bernal (1), Olmo (3); Lamine Yamal (3), Lewandowski (0) (Ferran (1), 60&#8242;), Raphinha (3) (Pedri (3), 60&#8242;)<br \/><strong>D ALAV\u00c9S<\/strong>: Sivera (1); Otto (1), Tenaglia (2), Pacheco (2), Parada (2) (Toni Mart\u00ednez (s.c.), 80&#8242;); Calebe (0) (Carlos Vicente (1), 59&#8242;), Denis Su\u00e1rez (2) (Guevara (1), 68&#8242;), Blanco (2), Ib\u00e1\u00f1ez (3) (Guridi (), 68&#8242;), Rebbach (1) (Ale\u00f1\u00e1 (1), 59&#8242;); Lucas Boy\u00e9 (2)<br \/><strong>GOLES<\/strong>: 0-1, Ib\u00e1\u00f1ez, 1&#8242;; 1-1, Lamine Yamal, 8&#8242;; 2-1, Olmo, 26&#8242;; 3-1, Olmo, 90&#8217;+3<br \/><strong>\u00c1RBITRO<\/strong>: Ortiz Arias (0), Comit\u00e9 Madrile\u00f1o. Tarjetas a Rebback (32&#8242;), Bernal (36&#8242;), Calebe (53&#8242;), Blanco (81&#8242;), Joan Garcia (92&#8242;). Roja a De la Fuente (62&#8242;) y Sorg (90&#8242;)<br \/><strong>ESTADIO<\/strong>: Spotify Camp Nou. 44.834 espectadores<\/p>\n","protected":false},"excerpt":{"rendered":"La fuerza y el liderazgo de Raphinha condujo al Barcelona hacia un triunfo muy necesario y no menos&hellip;\n","protected":false},"author":2,"featured_media":263225,"comment_status":"","ping_status":"","sticky":false,"template":"","format":"standard","meta":{"footnotes":""},"categories":[268],"tags":[168,25,24,280,282,281,23,167],"class_list":{"0":"post-263224","1":"post","2":"type-post","3":"status-publish","4":"format-standard","5":"has-post-thumbnail","7":"category-futbol","8":"tag-deportes","9":"tag-es","10":"tag-espana","11":"tag-football","12":"tag-futbol","13":"tag-soccer","14":"tag-spain","15":"tag-sports"},"share_on_mastodon":{"url":"https:\/\/pubeurope.com\/@es\/115637324093191703","error":""},"_links":{"self":[{"href":"https:\/\/www.europesays.com\/es\/wp-json\/wp\/v2\/posts\/263224","targetHints":{"allow":["GET"]}}],"collection":[{"href":"https:\/\/www.europesays.com\/es\/wp-json\/wp\/v2\/posts"}],"about":[{"href":"https:\/\/www.europesays.com\/es\/wp-json\/wp\/v2\/types\/post"}],"author":[{"embeddable":true,"href":"https:\/\/www.europesays.com\/es\/wp-json\/wp\/v2\/users\/2"}],"replies":[{"embeddable":true,"href":"https:\/\/www.europesays.com\/es\/wp-json\/wp\/v2\/comments?post=263224"}],"version-history":[{"count":0,"href":"https:\/\/www.europesays.com\/es\/wp-json\/wp\/v2\/posts\/263224\/revisions"}],"wp:featuredmedia":[{"embeddable":true,"href":"https:\/\/www.europesays.com\/es\/wp-json\/wp\/v2\/media\/263225"}],"wp:attachment":[{"href":"https:\/\/www.europesays.com\/es\/wp-json\/wp\/v2\/media?parent=263224"}],"wp:term":[{"taxonomy":"category","embeddable":true,"href":"https:\/\/www.europesays.com\/es\/wp-json\/wp\/v2\/categories?post=263224"},{"taxonomy":"post_tag","embeddable":true,"href":"https:\/\/www.europesays.com\/es\/wp-json\/wp\/v2\/tags?post=263224"}],"curies":[{"name":"wp","href":"https:\/\/api.w.org\/{rel}","templated":true}]}}