{"id":263230,"date":"2025-11-30T06:54:23","date_gmt":"2025-11-30T06:54:23","guid":{"rendered":"https:\/\/www.europesays.com\/es\/263230\/"},"modified":"2025-11-30T06:54:23","modified_gmt":"2025-11-30T06:54:23","slug":"valle-salvaje-resumen-de-los-capitulos-302-al-306-del-24-al-28-de-noviembre-en-tve-y-netflix","status":"publish","type":"post","link":"https:\/\/www.europesays.com\/es\/263230\/","title":{"rendered":"&#8216;Valle Salvaje&#8217;, resumen de los cap\u00edtulos 302 al 306 del 24 al 28 de noviembre en TVE y Netflix"},"content":{"rendered":"<p data-journey-content=\"true\" data-node-id=\"3\" class=\"css-6wxqfj emevuu60\">Esta semana en &#8216;<a href=\"https:\/\/www.diezminutos.es\/valle-salvaje\/\" target=\"_blank\" data-vars-ga-outbound-link=\"https:\/\/www.diezminutos.es\/valle-salvaje\/\" data-vars-ga-ux-element=\"Hyperlink\" data-vars-ga-call-to-action=\"Valle Salvaje\" data-node-id=\"3.1\" class=\"body-link css-177bzfx emevuu60\" rel=\"nofollow noopener\">Valle Salvaje<\/a>&#8216;, despu\u00e9s de la compra de las tierras, D\u00e1maso avanz\u00f3 con paso firme hacia el coraz\u00f3n de su estrategia. El gesto, <strong data-node-id=\"3.3\">calculado con frialdad<\/strong> y ejecutado con precisi\u00f3n, se convirti\u00f3 en un golpe decisivo dentro de  <a href=\"https:\/\/www.diezminutos.es\/telenovela\/espanolas\/a69469467\/valle-salvaje-capitulo-299-avance-del-miercoles-19-de-noviembre-serie-tve-netflix\/\" target=\"_blank\" data-vars-ga-outbound-link=\"https:\/\/www.diezminutos.es\/telenovela\/espanolas\/a69469467\/valle-salvaje-capitulo-299-avance-del-miercoles-19-de-noviembre-serie-tve-netflix\/\" data-vars-ga-ux-element=\"Hyperlink\" data-vars-ga-call-to-action=\"la batalla de poder que libraba contra Victoria\" data-node-id=\"3.5\" class=\"body-link css-177bzfx emevuu60\" rel=\"nofollow noopener\">la batalla de poder que libraba contra Victoria<\/a> y, de manera indirecta, contra el duque de Valle Salvaje. No fue un movimiento improvisado, sino la pieza clave de un tablero donde cada acci\u00f3n se med\u00eda con astucia.<\/p>\n<p><img draggable=\"true\" alt=\"valle salvaje\" title=\"Valle Salvaje\" loading=\"lazy\" width=\"4096\" height=\"2731\" decoding=\"async\" data-nimg=\"1\" style=\"color:transparent;width:100%;height:auto;\"   src=\"https:\/\/www.europesays.com\/es\/wp-content\/uploads\/2025\/11\/1764485662_184_g5kdlczw4aamkv2-6912fe1b73782.jpg\" class=\"css-0 e1g79fud0\"\/><\/p>\n<p>RTVE<\/p>\n<p>Adriana carg\u00f3 con el peso de un encuentro doloroso en &#8216;Valle Salvaje&#8217;<\/p>\n<p data-journey-content=\"true\" data-node-id=\"8\" class=\"css-6wxqfj emevuu60\">Victoria, si embargo, no fue mujer que se rindiera. Consciente de que su matrimonio se tambaleaba y de que su posici\u00f3n social se resquebrajaba, decidi\u00f3 plantar cara. Su prop\u00f3sito fue claro: arrinconar a su esposo y demostrar que no pensaba ceder ni un palmo de terreno. La tensi\u00f3n entre ambos creci\u00f3 como una llama alimentada por el orgullo. Mercedes, testigo de esta pugna, sinti\u00f3 c\u00f3mo su coraz\u00f3n se agitaba con inquietud. Hab\u00eda depositado su confianza en D\u00e1maso, <strong data-node-id=\"8.1\">creyendo que ser\u00eda el aliado s\u00f3lido<\/strong> que necesitaba para doblegar a Victoria. Pero las certezas se desmoronaron. La duda se instal\u00f3 en su \u00e1nimo como una sombra persistente.<\/p>\n<p>B\u00e1rbara permaneci\u00f3 inquieta en &#8216;Valle Salvaje&#8217;<img draggable=\"true\" alt=\"valle salvaje\" title=\"Valle Salvaje\" loading=\"lazy\" width=\"4096\" height=\"2731\" decoding=\"async\" data-nimg=\"1\" style=\"color:transparent;width:100%;height:auto;\"   src=\"https:\/\/www.europesays.com\/es\/wp-content\/uploads\/2025\/11\/g41kit-x0aamerp-691481e5d2535.jpg\" class=\"css-0 e1g79fud0\"\/><\/p>\n<p>Add RTVE<\/p>\n<p data-journey-content=\"true\" data-node-id=\"12\" class=\"css-6wxqfj emevuu60\">En otro escenario, Adriana carg\u00f3 con el peso de un encuentro doloroso. La visita a Luisa en prisi\u00f3n dej\u00f3 cicatrices invisibles: reproches, palabras afiladas y un silencio que hiri\u00f3 m\u00e1s que cualquier grito. Adriana temi\u00f3 que la soledad y la dureza del encierro estuvieran quebrando poco a poco la mente de su amiga. B\u00e1rbara, mientras tanto, permaneci\u00f3 conmocionada. La<strong data-node-id=\"12.1\"> inesperada confesi\u00f3n de Irene y Leonardo<\/strong> sacudi\u00f3 sus cimientos, dej\u00e1ndola sin palabras. Lo revelado se convirti\u00f3 en un secreto que lat\u00eda en su interior, un peso que amenazaba con transformar su visi\u00f3n de quienes la rodeaban.<\/p>\n<p><img src=\"https:\/\/www.europesays.com\/es\/wp-content\/uploads\/2025\/11\/1764485663_9_43af9b8f-983e-4e74-8e74-9a7479b0966b_1681831601.file\" alt=\"Headshot of Pilar Mart\u00ednez\" title=\"Headshot of Pilar Mart\u00ednez\" width=\"100%\" height=\"100%\" decoding=\"async\" loading=\"lazy\" class=\"css-o0wq4v ev8dhu53\"\/><\/p>\n<p>Pilar Mart\u00ednez es periodista especializada en contenidos de televisi\u00f3n y cultura, se gradu\u00f3 en la carrera en Periodismo en la Facultad de Ciencias de la Informaci\u00f3n (Universidad Complutense de Madrid) en el a\u00f1o 2018. Desde entonces ha pasado por las redacciones de Ecoteuve (El Economista), donde realiz\u00f3 sus primeras pr\u00e1cticas durante el verano del 2016.<\/p>\n<p>Posteriormente, concretamente, en el a\u00f1o 2017 se pas\u00f3 al grupo Hearst Espa\u00f1a, donde comenz\u00f3 su andadura en las revistas de televisi\u00f3n: Supertele, Teleprograma, Telenovela. Ahora colabora con Diez Minutos, en su versi\u00f3n web, donde se encarga de realizar los avances semanales de las ficciones diarias de moda, as\u00ed como entrevistas y art\u00edculos sobre los melodramas o telenovelas que aterrizan en nuestro pa\u00eds y aquellos que est\u00e1n por venir.<\/p>\n<p>Toda una cazadora de exclusivas. A esto, se suma su puesto como redactora jefe de la secci\u00f3n de novela narrativa en la revista Culturamas, medio digital de alto impacto al que lleva unida desde el a\u00f1o 2013. \u00c1vida lectora, cin\u00e9fila y seri\u00e9fila de primer nivel, ha hecho de su vocaci\u00f3n su oficio. \u00a0<\/p>\n","protected":false},"excerpt":{"rendered":"Esta semana en &#8216;Valle Salvaje&#8216;, despu\u00e9s de la compra de las tierras, D\u00e1maso avanz\u00f3 con paso firme hacia&hellip;\n","protected":false},"author":2,"featured_media":263231,"comment_status":"","ping_status":"","sticky":false,"template":"","format":"standard","meta":{"footnotes":""},"categories":[171],"tags":[253,146,147,25,24,23,214],"class_list":{"0":"post-263230","1":"post","2":"type-post","3":"status-publish","4":"format-standard","5":"has-post-thumbnail","7":"category-tv","8":"tag-discover","9":"tag-entertainment","10":"tag-entretenimiento","11":"tag-es","12":"tag-espana","13":"tag-spain","14":"tag-tv"},"share_on_mastodon":{"url":"https:\/\/pubeurope.com\/@es\/115637339270715603","error":""},"_links":{"self":[{"href":"https:\/\/www.europesays.com\/es\/wp-json\/wp\/v2\/posts\/263230","targetHints":{"allow":["GET"]}}],"collection":[{"href":"https:\/\/www.europesays.com\/es\/wp-json\/wp\/v2\/posts"}],"about":[{"href":"https:\/\/www.europesays.com\/es\/wp-json\/wp\/v2\/types\/post"}],"author":[{"embeddable":true,"href":"https:\/\/www.europesays.com\/es\/wp-json\/wp\/v2\/users\/2"}],"replies":[{"embeddable":true,"href":"https:\/\/www.europesays.com\/es\/wp-json\/wp\/v2\/comments?post=263230"}],"version-history":[{"count":0,"href":"https:\/\/www.europesays.com\/es\/wp-json\/wp\/v2\/posts\/263230\/revisions"}],"wp:featuredmedia":[{"embeddable":true,"href":"https:\/\/www.europesays.com\/es\/wp-json\/wp\/v2\/media\/263231"}],"wp:attachment":[{"href":"https:\/\/www.europesays.com\/es\/wp-json\/wp\/v2\/media?parent=263230"}],"wp:term":[{"taxonomy":"category","embeddable":true,"href":"https:\/\/www.europesays.com\/es\/wp-json\/wp\/v2\/categories?post=263230"},{"taxonomy":"post_tag","embeddable":true,"href":"https:\/\/www.europesays.com\/es\/wp-json\/wp\/v2\/tags?post=263230"}],"curies":[{"name":"wp","href":"https:\/\/api.w.org\/{rel}","templated":true}]}}