{"id":263280,"date":"2025-11-30T07:38:09","date_gmt":"2025-11-30T07:38:09","guid":{"rendered":"https:\/\/www.europesays.com\/es\/263280\/"},"modified":"2025-11-30T07:38:09","modified_gmt":"2025-11-30T07:38:09","slug":"un-estradense-de-14-anos-gana-un-premio-de-fotografia-y-dona-los-300-euros-a-la-fundacion-andrea","status":"publish","type":"post","link":"https:\/\/www.europesays.com\/es\/263280\/","title":{"rendered":"Un estradense de 14 a\u00f1os gana un premio de fotograf\u00eda y dona los 300 euros a la Fundaci\u00f3n Andrea"},"content":{"rendered":"<p class=\"ft-text\">Lucas Taboada Are\u00e1n es un apasionado de la fotograf\u00eda, aunque, separ\u00e1ndose del camino que sigui\u00f3 su madre, la fot\u00f3grafa Puri Are\u00e1n, reconoce que no quiere dedicarse a este mundo. Esos planes no le impiden sin embargo hacer sus \u00abpinitos\u00bb con la c\u00e1mara, una afici\u00f3n que en esta ocasi\u00f3n le sirvi\u00f3 para ganar un premio. Este estradense de 14 a\u00f1os fue uno de los ganadores del concurso de fotograf\u00eda organizado por el Grupo Ulla. La fotograf\u00eda que present\u00f3 fue una de las cuatro mejores entre las 120 que participaron. De esta manera recibir\u00e1 un premio en met\u00e1lico de 300 euros, que ha decidido donar \u00edntegramente a la Fundaci\u00f3n Andrea.<\/p>\n<p class=\"ft-text\">El joven estradense conoci\u00f3 este concurso en una actividad juvenil organizada en las instalaciones del Novo Mercado y decidi\u00f3 participar. Para ello utiliz\u00f3 una c\u00e1mara que su madre no utilizada, una Canon R. El objetivo del concurso era presentar dos fotos tomadas en alg\u00fan lugar de los concellos de la zona: A Estrada, Vedra, Teo, Boqueix\u00f3n, Vila de Cruces, Touro, Silleda, Lal\u00edn o Rodeiro.<\/p>\n<p class=\"ft-text\">Luis Taboada eligi\u00f3 \u00e9l mismo el lugar para tomar la foto, un camino que discurre entre la zona deportiva, la Agasp y las instalaciones del colegio de Lourdes. Se trata de parte de una de las rutas de senderismo acondicionadas por el Concello en la que se pasa un riachuelo y hay un antiguo molino. En su camino por este lugar tom\u00f3 diez fotograf\u00edas que le gustaron, de las que finalmente seleccion\u00f3 dos. Una de ellas plasma la ca\u00edda de un objeto al riachuelo. En la otra, la que finalmente result\u00f3 ganadora, se puede ver una im\u00e1gen t\u00edpicamente oto\u00f1al, con un camino entre \u00e1rboles lleno de hojas ca\u00eddas. \u00abProb\u00e9 primero a hacerla de pie pero me di cuenta de que necesitaba m\u00e1s \u00e1ngulo, as\u00ed que al final la hice m\u00e1s a ras de suelo, captando el sol que entraba entre los \u00e1rboles. Creo que qued\u00f3 bien, aunque no contaba con meterme entre los mejores, porque hab\u00eda muy buenas fotos en el concurso\u00bb. explica.<\/p>\n<p class=\"ft-text\">Su imagen sin embargo fue una de las diez seleccionadas por el jurado del premio. A partir de ah\u00ed se habr\u00eda un plazo para que todos los interesados pudiesen votar a sus favoritas entre esa selecci\u00f3n de fotos. En esa competici\u00f3n, el joven estradense no tuvo competencia, siendo el que m\u00e1s votos recibi\u00f3, 585, entre todos los participantes. Luis Taboada quiso dar las gracias a todas las personas que votaron por \u00e9l, convirti\u00e9ndolo en uno de los tres ganadores por voto popular, junto a otras dos fotos tomadas en Boqueix\u00f3n y Vedra. El cuarteto de ganadores lo completo la foto elegida por el jurado, en este caso de la estradense M\u00f3nica Vila, con la Rapa das Bestas como protagonista.<\/p>\n<p class=\"ft-text\">Luis Taboada ha decidido sin embargo no quedarse con los 300 euros del premio. As\u00ed anunci\u00f3 que el premio ser\u00e1 donado a la Fundaci\u00f3n Andrea, que trabaja con ni\u00f1os que sufren graves enfermedades.<\/p>\n","protected":false},"excerpt":{"rendered":"Lucas Taboada Are\u00e1n es un apasionado de la fotograf\u00eda, aunque, separ\u00e1ndose del camino que sigui\u00f3 su madre, la&hellip;\n","protected":false},"author":2,"featured_media":263281,"comment_status":"","ping_status":"","sticky":false,"template":"","format":"standard","meta":{"footnotes":""},"categories":[173],"tags":[10606,988,229,233,231,230,232,234,146,147,25,24,19219,244,2881,4355,65488,843,23,65489],"class_list":{"0":"post-263280","1":"post","2":"type-post","3":"status-publish","4":"format-standard","5":"has-post-thumbnail","7":"category-arte-y-diseno","8":"tag-10606","9":"tag-anos","10":"tag-arte","11":"tag-arte-y-diseno","12":"tag-arts","13":"tag-arts-and-design","14":"tag-design","15":"tag-diseno","16":"tag-entertainment","17":"tag-entretenimiento","18":"tag-es","19":"tag-espana","20":"tag-estradense","21":"tag-fotografia","22":"tag-fundacion","23":"tag-gana","24":"tag-luis-taboada","25":"tag-premio","26":"tag-spain","27":"tag-taboada"},"share_on_mastodon":{"url":"https:\/\/pubeurope.com\/@es\/115637511953422317","error":""},"_links":{"self":[{"href":"https:\/\/www.europesays.com\/es\/wp-json\/wp\/v2\/posts\/263280","targetHints":{"allow":["GET"]}}],"collection":[{"href":"https:\/\/www.europesays.com\/es\/wp-json\/wp\/v2\/posts"}],"about":[{"href":"https:\/\/www.europesays.com\/es\/wp-json\/wp\/v2\/types\/post"}],"author":[{"embeddable":true,"href":"https:\/\/www.europesays.com\/es\/wp-json\/wp\/v2\/users\/2"}],"replies":[{"embeddable":true,"href":"https:\/\/www.europesays.com\/es\/wp-json\/wp\/v2\/comments?post=263280"}],"version-history":[{"count":0,"href":"https:\/\/www.europesays.com\/es\/wp-json\/wp\/v2\/posts\/263280\/revisions"}],"wp:featuredmedia":[{"embeddable":true,"href":"https:\/\/www.europesays.com\/es\/wp-json\/wp\/v2\/media\/263281"}],"wp:attachment":[{"href":"https:\/\/www.europesays.com\/es\/wp-json\/wp\/v2\/media?parent=263280"}],"wp:term":[{"taxonomy":"category","embeddable":true,"href":"https:\/\/www.europesays.com\/es\/wp-json\/wp\/v2\/categories?post=263280"},{"taxonomy":"post_tag","embeddable":true,"href":"https:\/\/www.europesays.com\/es\/wp-json\/wp\/v2\/tags?post=263280"}],"curies":[{"name":"wp","href":"https:\/\/api.w.org\/{rel}","templated":true}]}}