{"id":263311,"date":"2025-11-30T08:03:29","date_gmt":"2025-11-30T08:03:29","guid":{"rendered":"https:\/\/www.europesays.com\/es\/263311\/"},"modified":"2025-11-30T08:03:29","modified_gmt":"2025-11-30T08:03:29","slug":"tve-desvela-el-sorprendente-programa-que-sustituira-a-futuro-imperfecto-tras-la-baja-de-andreu-buenafuente","status":"publish","type":"post","link":"https:\/\/www.europesays.com\/es\/263311\/","title":{"rendered":"TVE desvela el sorprendente programa que sustituir\u00e1 a &#8216;Futuro imperfecto&#8217; tras la baja de Andreu Buenafuente"},"content":{"rendered":"<p class=\"paragraph\" id=\"paragraph_1\">La inesperada <a href=\"https:\/\/www.elespanol.com\/bluper\/20251121\/buenafuente-anuncia-paron-temporal-dias-despues-confirmarse-presentara-campanadas-rtve\/1003744024739_0.html?utm_cmp_rs=linksinline\" rel=\"nofollow noopener\" target=\"_blank\">baja m\u00e9dica de <\/a><strong><a href=\"https:\/\/www.elespanol.com\/bluper\/20251121\/buenafuente-anuncia-paron-temporal-dias-despues-confirmarse-presentara-campanadas-rtve\/1003744024739_0.html?utm_cmp_rs=linksinline\" rel=\"nofollow noopener\" target=\"_blank\">Andreu Buenafuente<\/a>, quien ha tenido que parar<\/strong> por \u201cmotivos de exceso de carga laboral y por prescripci\u00f3n m\u00e9dica\u201d, ha obligado a TVE a reconfigurar su programaci\u00f3n. La cadena p\u00fablica ya tiene el <strong>relevo ideal: Dra. Fabiola Jones.<\/strong><\/p>\n<p class=\"paragraph\" id=\"paragraph_2\">La propia Corporaci\u00f3n ha anunciado que este nuevo formato factual que muestra <a href=\"https:\/\/www.elespanol.com\/bluper\/20250623\/rtve-rearma-servicio-publico-dra-fabiola-jones-programa-rutina-veterinaria-africa\/1003743817490_0.html?utm_cmp_rs=linksinline\" rel=\"nofollow noopener\" target=\"_blank\">la <strong>faceta profesional y personal de una joven veterinaria espa\u00f1ola afincada en \u00c1frica<\/strong><\/a> desde hace m\u00e1s de 15 a\u00f1os.<\/p>\n<p class=\"paragraph\" id=\"paragraph_3\"><strong>Ser\u00e1 este jueves 4 de diciembre, a las 23:00 horas,<\/strong> cuando se emita la primera entrega. El programa mostrar\u00e1 cirug\u00edas en campo abierto y momentos de emoci\u00f3n que <a href=\"https:\/\/www.elespanol.com\/valencia\/20251108\/primeros-dias-cria-rinoceronte-nacida-bioparc-supervision-evolucion-positiva\/1003744005548_0.html?utm_cmp_rs=linksinline\" rel=\"nofollow noopener\" target=\"_blank\">combinan ciencia, vocaci\u00f3n y esperanza<\/a>.<\/p>\n<p><img loading=\"lazy\" decoding=\"async\" alt=\"Andreu Buenafuente en 'Futuro imperfecto'.\" height=\"180\" src=\"https:\/\/www.europesays.com\/es\/wp-content\/uploads\/2025\/11\/1003743963442_259286210_320x180.jpg\" width=\"320\" data-lazy-status=\"processed\" data-lazy-info=\"remove loading item 1\"\/><\/p>\n<p class=\"paragraph\" id=\"paragraph_4\">Con una perspectiva \u00fanica y una voz femenina al frente, <strong>la producci\u00f3n recorrer\u00e1 la sabana africana<\/strong> y otros enclaves del continente para mostrar su d\u00eda a d\u00eda.<\/p>\n<p class=\"paragraph\" id=\"paragraph_5\">Aventura, adrenalina, protecci\u00f3n de la fauna salvaje, animales majestuosos y una profunda sensibilidad hacia la naturaleza son los ingredientes de Dra. Fabiola Jones, <strong>producido por RTVE en colaboraci\u00f3n con Warner Bros. ITVP Espa\u00f1a.<\/strong><\/p>\n<p class=\"paragraph\" id=\"paragraph_6\">En su primera entrega, <strong>el programa comenzar\u00e1 recorriendo la sabana y la costa africana<\/strong> para rescatar y cuidar algunos de los animales salvajes m\u00e1s vulnerables.<\/p>\n<p><img decoding=\"async\" alt=\"Imagen de 'Dra. Fabiola Jones'.\" data-imgm=\"true\" height=\"180\" loading=\"lazy\"  src=\"https:\/\/www.europesays.com\/es\/wp-content\/uploads\/2025\/11\/1003744035659_260226376_1024x576.jpg\"  width=\"320\"\/><\/p>\n<p>                                                            Imagen de &#8216;Dra. Fabiola Jones&#8217;.<\/p>\n<p>                    RTVE<\/p>\n<p class=\"paragraph\" id=\"paragraph_7\">Con precisi\u00f3n y respeto, Fabiola Quesada y su <strong>equipo transformar\u00e1n la sabana en un quir\u00f3fano natural, <\/strong>una cirug\u00eda de urgencia en campo abierto a un guepardo adulto para preservar la diversidad gen\u00e9tica de la especie.<\/p>\n<p class=\"paragraph\" id=\"paragraph_8\">Fabiola tambi\u00e9n vivir\u00e1 <strong>una jornada repleta de retos en un Centro de Rescate de Rinocerontes,<\/strong> donde varios beb\u00e9s luchan por sobrevivir tras perder a sus madres a manos de furtivos.<\/p>\n<p class=\"paragraph\" id=\"paragraph_9\">Y, <strong>ya en la reserva de Mongena<\/strong>, trabajar\u00e1 en la colocaci\u00f3n de dispositivos de seguimiento a rinocerontes, una medida clave para protegerlos de la caza furtiva.<\/p>\n<p><img decoding=\"async\" alt=\"Patricia y Aroa, en 'Gran Hermano 20'.\" height=\"180\" loading=\"lazy\" width=\"320\" data-lazy-status=\"processed\" id=\"741fee9da8\" src=\"https:\/\/www.elespanol.com\/bluper\/20251129\/tve-desvela-sorprendente-programa-sustituira-futuro-imperfecto-baja-andreu-buenafuente\/[\" https:=\"\" data-lazy-info=\"changed src\"\/><\/p>\n<p class=\"paragraph\" id=\"paragraph_10\">Entre cr\u00edas hu\u00e9rfanas de rinoceronte, cirug\u00edas en campo abierto a guepardos y cuidados intensivos de cebras y elefantes, cada jornada combina acci\u00f3n, ciencia y emoci\u00f3n y <strong>muestra la majestuosidad y fragilidad de la vida salvaje<\/strong>.<\/p>\n<p class=\"paragraph\" id=\"paragraph_11\">De hecho, <strong>La 1 busca crear la sensaci\u00f3n de evento<\/strong>, tal y como hizo con el estreno de la miniserie hist\u00f3rica Ena. La reina Victoria Eugenia. Si con esta ficci\u00f3n de \u00e9poca emiti\u00f3 una marat\u00f3n con la trilog\u00eda cinematogr\u00e1fica sobre la emperatriz Sissi y las dos entregas sobre Alfonso XII protagonizadas por Vicente Parra.<\/p>\n<p class=\"paragraph\" id=\"paragraph_12\">Por ello, <strong>La 1 ha programado una emisi\u00f3n especial para este domingo 30 de noviembre, <\/strong>con doble sesi\u00f3n de cine relacionada con animales y el continente africano. La p\u00fablica emitir\u00e1 Agua para elefantes y Memorias de \u00c1frica.<\/p>\n<p class=\"paragraph\" id=\"paragraph_13\">En \u00c1frica, la veterinaria Fabiola Quesada, <strong>natural de \u00dabeda (Ja\u00e9n), ha hecho de su profesi\u00f3n una forma de vida<\/strong>. En su casa, situada en medio de una reserva, convive con ant\u00edlopes a los que ha criado y con otros animales.<\/p>\n<p class=\"paragraph\" id=\"paragraph_14\">Con una s\u00f3lida trayectoria en la medicina veterinaria aplicada a la fauna salvaje, mostrar\u00e1 a los espectadores <strong>la intervenci\u00f3n sobre algunas de las especies m\u00e1s emblem\u00e1ticas del continente:<\/strong> desde rinocerontes, leones, b\u00fafalos y elefantes hasta cebras, ant\u00edlopes y guepardos.<\/p>\n","protected":false},"excerpt":{"rendered":"La inesperada baja m\u00e9dica de Andreu Buenafuente, quien ha tenido que parar por \u201cmotivos de exceso de carga&hellip;\n","protected":false},"author":2,"featured_media":263312,"comment_status":"","ping_status":"","sticky":false,"template":"","format":"standard","meta":{"footnotes":""},"categories":[171],"tags":[2058,1535,146,147,25,24,6870,17079,23,807,214,3156,31033],"class_list":{"0":"post-263311","1":"post","2":"type-post","3":"status-publish","4":"format-standard","5":"has-post-thumbnail","7":"category-tv","8":"tag-andreu-buenafuente","9":"tag-bluper","10":"tag-entertainment","11":"tag-entretenimiento","12":"tag-es","13":"tag-espana","14":"tag-la-1","15":"tag-soft","16":"tag-spain","17":"tag-television","18":"tag-tv","19":"tag-tve","20":"tag-tve-television-espanola"},"share_on_mastodon":{"url":"https:\/\/pubeurope.com\/@es\/115637610943260791","error":""},"_links":{"self":[{"href":"https:\/\/www.europesays.com\/es\/wp-json\/wp\/v2\/posts\/263311","targetHints":{"allow":["GET"]}}],"collection":[{"href":"https:\/\/www.europesays.com\/es\/wp-json\/wp\/v2\/posts"}],"about":[{"href":"https:\/\/www.europesays.com\/es\/wp-json\/wp\/v2\/types\/post"}],"author":[{"embeddable":true,"href":"https:\/\/www.europesays.com\/es\/wp-json\/wp\/v2\/users\/2"}],"replies":[{"embeddable":true,"href":"https:\/\/www.europesays.com\/es\/wp-json\/wp\/v2\/comments?post=263311"}],"version-history":[{"count":0,"href":"https:\/\/www.europesays.com\/es\/wp-json\/wp\/v2\/posts\/263311\/revisions"}],"wp:featuredmedia":[{"embeddable":true,"href":"https:\/\/www.europesays.com\/es\/wp-json\/wp\/v2\/media\/263312"}],"wp:attachment":[{"href":"https:\/\/www.europesays.com\/es\/wp-json\/wp\/v2\/media?parent=263311"}],"wp:term":[{"taxonomy":"category","embeddable":true,"href":"https:\/\/www.europesays.com\/es\/wp-json\/wp\/v2\/categories?post=263311"},{"taxonomy":"post_tag","embeddable":true,"href":"https:\/\/www.europesays.com\/es\/wp-json\/wp\/v2\/tags?post=263311"}],"curies":[{"name":"wp","href":"https:\/\/api.w.org\/{rel}","templated":true}]}}