{"id":263315,"date":"2025-11-30T08:05:14","date_gmt":"2025-11-30T08:05:14","guid":{"rendered":"https:\/\/www.europesays.com\/es\/263315\/"},"modified":"2025-11-30T08:05:14","modified_gmt":"2025-11-30T08:05:14","slug":"las-cintas-islenas-triunfan-en-el-mundo","status":"publish","type":"post","link":"https:\/\/www.europesays.com\/es\/263315\/","title":{"rendered":"las cintas isle\u00f1as triunfan en el mundo"},"content":{"rendered":"<p>El <strong><a href=\"https:\/\/www.ultimahora.es\/etiqueta\/cine.html?utm_source=Inline-tag&amp;utm_medium=internal\" rel=\"nofollow noopener\" target=\"_blank\">cine<\/a> balear est\u00e1 viviendo un oto\u00f1o de ensue\u00f1o<\/strong> o, como se podr\u00eda decir para jugar con el chascarrillo f\u00e1cil: de <a href=\"https:\/\/www.ultimahora.es\/etiqueta\/pel%C3%ADcula.html?utm_source=Inline-tag&amp;utm_medium=internal\" rel=\"nofollow noopener\" target=\"_blank\">pel\u00edcula<\/a>. Los directores de las Islas han ido sumando \u00e9xitos tras \u00e9xitos en unos meses en los que tanto las salas de cine del pa\u00eds como los festivales audiovisuales de todo el mundo han ido viendo c\u00f3mo los creadores isle\u00f1os han recavado triunfos.<\/p>\n<p>Los proyectos han sido sum\u00e1ndose desde <strong>Mario<\/strong>, la cinta de <strong>Guillem Mir\u00f3<\/strong> que pudo verse en el Atl\u00e0ntida Mallorca Film Festival y que a partir del mes de octubre lleg\u00f3 a las salas de cine de Espa\u00f1a. Tambi\u00e9n han llegado a salas de cine y plataformas documentales como <strong>Cien libros juntas<\/strong>, de <strong>Marga Meli\u00e0<\/strong>, que es candidata para los Goya.<\/p>\n<p><img loading=\"lazy\" decoding=\"async\" src=\"https:\/\/www.europesays.com\/es\/wp-content\/uploads\/2025\/11\/3575671.png\" border=\"0\" alt=\"\" width=\"900\" height=\"580\"\/>&#13;<br \/>\n&#8216;Forastera&#8217;, de Luc\u00eda Ale\u00f1ar, gan\u00f3 en la Seminci y Toronto.&#13;<\/p>\n<p>Tambi\u00e9n est\u00e1n en la carrera por los \u2018cabezones\u2019 otros proyectos como Les imatges arribaren a temps, de <strong>Jaume Carri\u00f3<\/strong>, quien explica que \u00abla peli est\u00e1 hecha, estrenada y, por suerte, celebrada\u00bb. El cineasta, ganador ya de un Goya por Woody &amp;Woody, a\u00f1ade que \u00abcon suerte, lo que empez\u00f3 de manera solitaria en mi estaci\u00f3n de montaje podr\u00e1 celebrarse por quienes trabajamos para que el cine balear est\u00e9 en boca de todos\u00bb.<\/p>\n<p>A Carri\u00f3 tambi\u00e9n le ha ido bien en festivales, con 4 premios y 5 menciones especiales. Tampoco le ha ido mal \u2013nada mal, de hecho\u2013, a <strong>Luc\u00eda Ale\u00f1ar<\/strong>, directora de <strong>Forastera<\/strong>, filme que proclam\u00f3 ganadora del premio Pilar Mir\u00f3 en la <strong>Seminci<\/strong> de Valladolid, destinado a la mejor direcci\u00f3n de debut en un largometraje de una producci\u00f3n espa\u00f1ola que, recordemos, se rod\u00f3 en Mallorca.<\/p>\n<p>Cabe destacar que Ale\u00f1ar ya ven\u00eda de ganar en el Festival Internacional de Toronto. Tampoco se queda atr\u00e1s <strong>Miguel Eek<\/strong>, director de <strong>Am\u00edlcar<\/strong>, documental que acaba de proclamarse ganador de la secci\u00f3n Envision del IDFAdeAmsterdam, el festival de cine documental m\u00e1s importante del mundo.<\/p>\n<p>El cortometraje de <strong>Eugenia Sampedro<\/strong>, Eixam, tambi\u00e9n ha sumado alegr\u00eda tras alegr\u00eda. Lo hizo ya en el Evolution, aqu\u00ed en casa, pero tambi\u00e9n en el Abycine, el festival de cine de Albacete.<\/p>\n<p><strong>Sacar pecho<\/strong>, de \u00c1lex Rodr\u00edguez y Rub\u00e9n Capilla;Prohibido ganar Eurovisi\u00f3n, de <strong>Marcos Cabot\u00e0<\/strong>; y En un lloc de la ment, de <strong>Pep Bonet<\/strong>, tambi\u00e9n contin\u00faan en su carrera particular para llegar a los Goya, donde son candidatos al igual que lo es el cortometraje de <strong>Mansalva Films<\/strong>, Carmela.<\/p>\n<p><img loading=\"lazy\" decoding=\"async\" src=\"https:\/\/www.europesays.com\/es\/wp-content\/uploads\/2025\/11\/3575665.jpg\" border=\"0\" alt=\"\" width=\"1562\" height=\"856\"\/>&#13;<br \/>\n&#8216;Flores para Antonio&#8217; cuenta con la producci\u00f3n de Charli Bujosa.&#13;<\/p>\n<p>Mansalva, de hecho, no se queda para nada atr\u00e1s. Tambi\u00e9n producen <strong>La Carn<\/strong>, largometraje dirigido por Joan Porcel, Pere Antoni Sastre y Llu\u00eds Garau, autor de la idea original del filme. La carn se pudo ver en el <strong>Tallin Black Nights<\/strong>, festival de primer nivel. Adem\u00e1s, Bujosa produce tambi\u00e9n Flores para Antonio, en boca de todos recientemente y que explora la figura de Antonio Flores.<\/p>\n<p>No est\u00e1n todos los que son (Llu\u00eds Ortas con <strong>Maria Enganxa<\/strong>, por ejemplo, o <strong>Idilia<\/strong>, de los hermanos Sep\u00falveda, que recibieron Mejor Direcci\u00f3n y Mejor Pel\u00edcula en el Madriff hace solos unos d\u00edas), pero los que est\u00e1n, sin duda, est\u00e1n atestiguando un oto\u00f1o del cine balear de alto nivel, que demuestra la calidad de las propuestas f\u00edlmicas isle\u00f1as de cara a un invierno prometedor.<\/p>\n","protected":false},"excerpt":{"rendered":"El cine balear est\u00e1 viviendo un oto\u00f1o de ensue\u00f1o o, como se podr\u00eda decir para jugar con el&hellip;\n","protected":false},"author":2,"featured_media":263316,"comment_status":"","ping_status":"","sticky":false,"template":"","format":"standard","meta":{"footnotes":""},"categories":[169],"tags":[20511,177,5318,209,146,147,25,24,176,175,1257,5320,65494,62288,23],"class_list":{"0":"post-263315","1":"post","2":"type-post","3":"status-publish","4":"format-standard","5":"has-post-thumbnail","7":"category-cine","8":"tag-audiovisual","9":"tag-cine","10":"tag-cine-en-mallorca","11":"tag-cultura","12":"tag-entertainment","13":"tag-entretenimiento","14":"tag-es","15":"tag-espana","16":"tag-film","17":"tag-movies","18":"tag-pelicula","19":"tag-peliculas-en-mallorca","20":"tag-productoras-audiovisuales","21":"tag-sector-audiovisual","22":"tag-spain"},"share_on_mastodon":{"url":"https:\/\/pubeurope.com\/@es\/115637618522139349","error":""},"_links":{"self":[{"href":"https:\/\/www.europesays.com\/es\/wp-json\/wp\/v2\/posts\/263315","targetHints":{"allow":["GET"]}}],"collection":[{"href":"https:\/\/www.europesays.com\/es\/wp-json\/wp\/v2\/posts"}],"about":[{"href":"https:\/\/www.europesays.com\/es\/wp-json\/wp\/v2\/types\/post"}],"author":[{"embeddable":true,"href":"https:\/\/www.europesays.com\/es\/wp-json\/wp\/v2\/users\/2"}],"replies":[{"embeddable":true,"href":"https:\/\/www.europesays.com\/es\/wp-json\/wp\/v2\/comments?post=263315"}],"version-history":[{"count":0,"href":"https:\/\/www.europesays.com\/es\/wp-json\/wp\/v2\/posts\/263315\/revisions"}],"wp:featuredmedia":[{"embeddable":true,"href":"https:\/\/www.europesays.com\/es\/wp-json\/wp\/v2\/media\/263316"}],"wp:attachment":[{"href":"https:\/\/www.europesays.com\/es\/wp-json\/wp\/v2\/media?parent=263315"}],"wp:term":[{"taxonomy":"category","embeddable":true,"href":"https:\/\/www.europesays.com\/es\/wp-json\/wp\/v2\/categories?post=263315"},{"taxonomy":"post_tag","embeddable":true,"href":"https:\/\/www.europesays.com\/es\/wp-json\/wp\/v2\/tags?post=263315"}],"curies":[{"name":"wp","href":"https:\/\/api.w.org\/{rel}","templated":true}]}}