{"id":263319,"date":"2025-11-30T08:08:08","date_gmt":"2025-11-30T08:08:08","guid":{"rendered":"https:\/\/www.europesays.com\/es\/263319\/"},"modified":"2025-11-30T08:08:08","modified_gmt":"2025-11-30T08:08:08","slug":"bertin-osborne-reacciona-con-dureza-contra-gabriela-guillen-se-esta-aprovechando","status":"publish","type":"post","link":"https:\/\/www.europesays.com\/es\/263319\/","title":{"rendered":"Bert\u00edn Osborne reacciona con dureza contra Gabriela Guill\u00e9n: \u00abSe est\u00e1 aprovechando\u00bb"},"content":{"rendered":"<p style=\"\">Ni tregua ni nada. <a href=\"https:\/\/www.abc.es\/gente\/bertin-osborne-sorprende-television-confesar-vasectomia-20250908133000-nt.html\" target=\"_self\" data-voc-vtm-id=\"in-text-traffic\" title=\"Bert\u00edn Osborne\" data-mrf-link=\"www.abc.es\" rel=\"nofollow noopener\">Bert\u00edn Osborne<\/a> han recrudecido su guerra y tras la intervenci\u00f3n de <a href=\"https:\/\/www.abc.es\/gente\/gabriela-guillen-amenaza-bertin-osborne-puedo-siguiente-20251128165301-nt_amp.html\" target=\"_self\" data-voc-vtm-id=\"in-text-traffic\" title=\"Gabriela Guill\u00e9n\" data-mrf-link=\"www.abc.es\" rel=\"nofollow noopener\">Gabriela Guill\u00e9n<\/a> en &#8216;\u00a1De Viernes!&#8217; ha llegado<strong> la respuesta<\/strong> del cantante en boca de <a href=\"https:\/\/www.abc.es\/gente\/pipi-estrada-terelu-campos-vuelto-hablar-verdadera-20241217135353-nt.html\" target=\"_self\" data-voc-vtm-id=\"in-text-traffic\" title=\"Pipi Estrada\" data-mrf-link=\"www.abc.es\" rel=\"nofollow noopener\">Pipi Estrada<\/a>, colaborador de &#8216;Fiesta&#8217;, una reacci\u00f3n que <strong>no augura un <\/strong> &#8230; <strong>pronto cese de las hostilidades<\/strong>. Porque el padre del peque\u00f1o que tuvieron ambos cree que la madre \u00ab<strong>se est\u00e1 aprovechando<\/strong>\u00bb econ\u00f3micamente del conflicto, si bien tambi\u00e9n reconoce que no est\u00e1 colaborando en nada de lo que tenga que ver con su hijo.<\/p>\n<p class=\"voc-p\" style=\"\">Fue este viernes cuando Gabriela Guill\u00e9n regresaba a los plat\u00f3s de televisi\u00f3n para sentarse junto a Bea Archidona y Santi Acosta despu\u00e9s de anunciar su <strong>intenci\u00f3n de demandar<\/strong> a <a href=\"https:\/\/www.abc.es\/gente\/bertin-osborne-descubierto-ventajas-estar-solo-20250927151827-nt.html\" target=\"_self\" data-voc-vtm-id=\"in-text-traffic\" title=\"Bert\u00edn Osborne\" data-mrf-link=\"www.abc.es\" rel=\"nofollow noopener\">Bert\u00edn Osborne<\/a> por su nula implicaci\u00f3n en el cuidado del peque\u00f1o que tuvieron ambos hace casi dos a\u00f1os.<\/p>\n<p class=\"voc-p\" style=\"\">La paraguaya acusaba en &#8216;\u00a1De viernes!&#8217; al padre de su hijo por <strong>no colaborar a pesar de que ambos hab\u00edan llegado a un acuerdo<\/strong> para que el cantante se hiciera cargo de la manutenci\u00f3n del menor. Pero la mujer contaba que Bert\u00edn Osborne no hace frente desde hace meses a la pensi\u00f3n de alimentos y que apenas ha visto al chiquillo unas tres veces. \u00abNo ha pagado nada, no hay responsabilidad de nada absolutamente. <strong>No se ha preocupado en ning\u00fan momento por el ni\u00f1o<\/strong>. Yo no tengo que pedir nada \u00e9l tiene que darlo\u00bb, contaba Gabriela Guill\u00e9n.<\/p>\n<p class=\"voc-title\">\u00abSimplemente una llamada como persona normal es lo que yo esperar\u00eda\u00bb<\/p>\n<p class=\"voc-p\" style=\"\">Al respecto, la influencer a\u00f1ad\u00eda: \u00abEs el derecho que tiene mi hijo. No le he pedido que cambie pa\u00f1ales, que le lleve al colegio, pero<strong> simplemente un &#8216;oye, \u00bfest\u00e1s bien, necesitas algo?&#8217;<\/strong>. Simplemente una llamada como persona normal es lo que yo esperar\u00eda\u00bb.<\/p>\n<p>\nLa reacci\u00f3n de Bert\u00edn Osborne en boca de Pipi Estrada\n<\/p>\n<p class=\"voc-p\" style=\"\">Pipi Estrada es amigo de <a href=\"https:\/\/www.abc.es\/gente\/bertin-osborne-planea-amargura-adios-musica-20250714115021-nt.html\" target=\"_self\" data-voc-vtm-id=\"in-text-traffic\" title=\"Bert\u00edn Osborne\" data-mrf-link=\"www.abc.es\" rel=\"nofollow noopener\">Bert\u00edn Osborne<\/a> desde hace a\u00f1os y ha ofrecido en &#8216;Fiesta&#8217; c\u00f3mo ha reaccionado el cantante a las palabras de Gabriela Guill\u00e9n. Y por lo visto se ha enfadado lo m\u00e1s grande. \u00ab\u00c9l est\u00e1 molesto porque entiende que Gabriela <strong>se est\u00e1 aprovechando de esta situaci\u00f3n para ganar dinero<\/strong>\u00bb, ha contado el ex de <a href=\"https:\/\/www.abc.es\/gente\/pipi-estrada-lamenta-haber-contado-experiencias-sexuales-20250928103827-nt.html\" target=\"_self\" data-voc-vtm-id=\"in-text-traffic\" title=\"Terelu Campos\" data-mrf-link=\"www.abc.es\" rel=\"nofollow noopener\">Terelu Campos<\/a>.<\/p>\n<p class=\"voc-p\" style=\"\">Lo que s\u00ed reconoce Bert\u00edn Osborne es que <strong>no est\u00e1 cumpliendo econ\u00f3micamente<\/strong> con su hijo porque en estos momentos \u00ab<strong>no est\u00e1 bien de dinero<\/strong>\u00bb, pero, por lo que ha contado Pipi Estrada, \u00abest\u00e1 moviendo un buen proyecto que os va a sorprender y que le va a traer buenos dividendos econ\u00f3micos\u00bb. <strong>Seguramente sea una gira de despedida del mundo de la canci\u00f3n<\/strong>. Seg\u00fan el colaborador de &#8216;Fiesta&#8217;, \u00abBert\u00edn entiende que, aunque \u00e9l no est\u00e9 pasando la manutenci\u00f3n, <strong>Gabriela est\u00e1 ganando dinero con este asunto concediendo entrevistas<\/strong>\u00bb.<\/p>\n<p>\nNada queda de aquella portada de &#8216;\u00a1Hola!&#8217;\n<\/p>\n<p class=\"voc-p\" style=\"\">Qu\u00e9 lejos queda aquella portada de &#8216;\u00a1Hola!&#8217; de agosto en la que aparec\u00edan juntos Bert\u00edn Osborne, Gabriela Guill\u00e9n y el hijo que tiene ambos. Aunque luego se supo que las sesiones de fotos se hab\u00edan celebrado por separado, <strong>muchos pensaron que aquello pod\u00eda ser el comienzo de una reconciliaci\u00f3n<\/strong>. Al menos, el inicio de un trato m\u00e1s o menos cordial y respetuoso.<\/p>\n<p class=\"voc-p\" style=\"\">Llegaron tiempos de manos tendidas por parte de la paraguaya y mensajes m\u00e1s o menos amigables del cantante, pero poco a poco la cosa volvi\u00f3 a enfriarse hasta llegar a la entrevista de la paraguaya en &#8216;\u00a1De Viernes!&#8217;. La reacci\u00f3n de Bert\u00edn Osborne, seg\u00fan ha contado Pipi Estrada, <strong>no augura una pronta resoluci\u00f3n del conflicto<\/strong>.<\/p>\n","protected":false},"excerpt":{"rendered":"Ni tregua ni nada. Bert\u00edn Osborne han recrudecido su guerra y tras la intervenci\u00f3n de Gabriela Guill\u00e9n en&hellip;\n","protected":false},"author":2,"featured_media":263320,"comment_status":"","ping_status":"","sticky":false,"template":"","format":"standard","meta":{"footnotes":""},"categories":[91],"tags":[41686,25177,34001,146,147,25,24,24056,16630,25178,6461,23],"class_list":{"0":"post-263319","1":"post","2":"type-post","3":"status-publish","4":"format-standard","5":"has-post-thumbnail","7":"category-entretenimiento","8":"tag-aprovechando","9":"tag-bertin","10":"tag-dureza","11":"tag-entertainment","12":"tag-entretenimiento","13":"tag-es","14":"tag-espana","15":"tag-gabriela","16":"tag-guillen","17":"tag-osborne","18":"tag-reacciona","19":"tag-spain"},"share_on_mastodon":{"url":"https:\/\/pubeurope.com\/@es\/115637630231516206","error":""},"_links":{"self":[{"href":"https:\/\/www.europesays.com\/es\/wp-json\/wp\/v2\/posts\/263319","targetHints":{"allow":["GET"]}}],"collection":[{"href":"https:\/\/www.europesays.com\/es\/wp-json\/wp\/v2\/posts"}],"about":[{"href":"https:\/\/www.europesays.com\/es\/wp-json\/wp\/v2\/types\/post"}],"author":[{"embeddable":true,"href":"https:\/\/www.europesays.com\/es\/wp-json\/wp\/v2\/users\/2"}],"replies":[{"embeddable":true,"href":"https:\/\/www.europesays.com\/es\/wp-json\/wp\/v2\/comments?post=263319"}],"version-history":[{"count":0,"href":"https:\/\/www.europesays.com\/es\/wp-json\/wp\/v2\/posts\/263319\/revisions"}],"wp:featuredmedia":[{"embeddable":true,"href":"https:\/\/www.europesays.com\/es\/wp-json\/wp\/v2\/media\/263320"}],"wp:attachment":[{"href":"https:\/\/www.europesays.com\/es\/wp-json\/wp\/v2\/media?parent=263319"}],"wp:term":[{"taxonomy":"category","embeddable":true,"href":"https:\/\/www.europesays.com\/es\/wp-json\/wp\/v2\/categories?post=263319"},{"taxonomy":"post_tag","embeddable":true,"href":"https:\/\/www.europesays.com\/es\/wp-json\/wp\/v2\/tags?post=263319"}],"curies":[{"name":"wp","href":"https:\/\/api.w.org\/{rel}","templated":true}]}}