{"id":263325,"date":"2025-11-30T08:12:10","date_gmt":"2025-11-30T08:12:10","guid":{"rendered":"https:\/\/www.europesays.com\/es\/263325\/"},"modified":"2025-11-30T08:12:10","modified_gmt":"2025-11-30T08:12:10","slug":"la-macarena-decide-este-domingo-su-futuro-con-la-sombra-de-arquillo-sobrevolando-las-elecciones","status":"publish","type":"post","link":"https:\/\/www.europesays.com\/es\/263325\/","title":{"rendered":"La Macarena decide este domingo su futuro con la sombra de Arquillo sobrevolando las elecciones"},"content":{"rendered":"<p style=\"\">La intensa y dilatada campa\u00f1a electoral macarena llega a su fin con el cabildo de <strong>elecciones de este domingo 30 de noviembre<\/strong>. La fecha se fij\u00f3 a principios de agosto, en plena crisis tras la intervenci\u00f3n de Arquillo a la Virgen y s\u00f3lo unos  &#8230; d\u00edas antes de su retirada al culto para ser restaurada por Pedro Manzano. Con todo lo ocurrido durante aquellas semanas, las lecciones se atisbaban convulsas pero lejanas en el horizonte en un momento en el que a\u00fan no se hab\u00eda apagado el fuego del <a href=\"https:\/\/www.abc.es\/sevilla\/pasionensevilla\/noticias-semana-santa-sevilla\/restauracion-macarena-aprueba-cabildo-multitudinario-largo-agrio-20250730023045-nts.html\" target=\"_self\" data-voc-vtm-id=\"in-text-traffic\" title=\"cabildo extraordinario del 29 de julio\" data-mrf-link=\"www.abc.es\" rel=\"nofollow noopener\">cabildo extraordinario del 29 de julio<\/a>.<\/p>\n<p class=\"voc-p\" style=\"\">Despu\u00e9s de aquello, la renuncia de un candidato y la oficializaci\u00f3n de las tres listas que finalmente concurren a los comicios macarenos marcaron el inicio de unos meses en los que los<strong> tres aspirantes a gobernar la hermandad de la Macarena<\/strong> durante los pr\u00f3ximos cuatro a\u00f1os han jugado todas sus bazas. Han presentado decenas de propuestas, han organizado numerosos actos con los hermanos y los medios y han mantenido una comunicaci\u00f3n activa en redes sociales, recordando todo ello a las campa\u00f1as del mundo de la pol\u00edtica.<\/p>\n<p class=\"voc-p\" style=\"\">Los candidatos, <a href=\"https:\/\/www.abc.es\/sevilla\/pasionensevilla\/noticias-semana-santa-sevilla\/pedro-garcia-candidato-macarena-20251117183034-nts.html\" target=\"_self\" data-voc-vtm-id=\"in-text-traffic\" title=\"Pedro Garc\u00eda Rivero\" data-mrf-link=\"www.abc.es\" rel=\"nofollow noopener\">Pedro Garc\u00eda Rivero<\/a>, <a href=\"https:\/\/www.abc.es\/sevilla\/pasionensevilla\/noticias-semana-santa-sevilla\/fernando-fernandez-cabezuelo-candidato-macarena-cuatro-personas-20251121203251-nts.html\" target=\"_self\" data-voc-vtm-id=\"in-text-traffic\" title=\"Fernando Fern\u00e1ndez Cabezuelo\" data-mrf-link=\"www.abc.es\" rel=\"nofollow noopener\">Fernando Fern\u00e1ndez Cabezuelo<\/a> y <a href=\"https:\/\/www.abc.es\/sevilla\/pasionensevilla\/noticias-semana-santa-sevilla\/jose-luis-notario-candidato-macarena-queremos-arquillo-20251124184106-nts.html\" target=\"_self\" data-voc-vtm-id=\"in-text-traffic\" title=\"Jos\u00e9 Luis Notario Rocha\" data-mrf-link=\"www.abc.es\" rel=\"nofollow noopener\">Jos\u00e9 Luis Notario Rocha<\/a>, presentan cada uno una forma de entender la hermandad de la Macarena, si bien coinciden en que son tres personas vinculadas a la corporaci\u00f3n de la Madrugada desde su m\u00e1s tierna infancia. <strong>Los tres tienen experiencia en la junta de gobierno<\/strong>. Garc\u00eda fue oficial de junta entre 2001 y 2013; Cabezuelo, entre 2009 y 2017; y Notario, de 2014 hasta ahora, siendo actualmente consiliario de cultos.<\/p>\n<p>\nConservaci\u00f3n de los titulares\n<\/p>\n<p class=\"voc-p\" style=\"\">La <strong>actuaci\u00f3n fallida de Arquillo sobre la Virgen de la Esperanza<\/strong>, motivo por el cual no se encontrar\u00e1 en la bas\u00edlica durante el cabildo de elecciones \u2014aunque ya <a href=\"https:\/\/www.abc.es\/sevilla\/pasionensevilla\/noticias-semana-santa-sevilla\/macarena-volvera-restauracion-principios-diciembre-20251127181430-nts.html\" title=\"www.abc.es\" data-voc-vtm-id=\"in-text-traffic\" data-mrf-link=\"www.abc.es\" rel=\"nofollow noopener\" target=\"_blank\">quedan pocos d\u00edas para su regreso<\/a> al culto\u2014 ha sino uno de los temas candentes que han centrado la campa\u00f1a y posiblemente tenga impacto en el voto de muchos hermanos. Los tres candidatos han propuesto <strong>medidas para que lo ocurrido en junio no vuelva a repetirse<\/strong>. Pedro Garc\u00eda plantea <strong>revisar cada a\u00f1o el estado de conservaci\u00f3n<\/strong> de los titulares redactando un informe anual, con un calendario de revisi\u00f3n y conservaci\u00f3n rutinaria que permitan anticipar los procesos de degradaci\u00f3n. Cabezuelo proyecta una revisi\u00f3n integral del Se\u00f1or de la Sentencia y la Virgen del Rosario, as\u00ed como la creaci\u00f3n de una <strong>comisi\u00f3n permanente multidisciplinar<\/strong> que eval\u00fae de forma peri\u00f3dica el estado de los tres titulares. Jos\u00e9 Luis Notario, por su parte, propone la <strong>creaci\u00f3n de la figura del conservador<\/strong> de las im\u00e1genes y de un minucioso protocolo de actuaci\u00f3n para las intervenciones; tambi\u00e9n plantea una comisi\u00f3n mixta de apoyo para revisar peri\u00f3dicamente el estado de las mismas.<\/p>\n<p>\nEnriquecimiento patrimonial\n<\/p>\n<p class=\"voc-p\" style=\"\">El <strong>patrimonio de enseres<\/strong> de la hermandad tambi\u00e9n es caballo de batalla de todos los candidatos con propuestas de envergadura para conservar, recuperar y crear piezas del m\u00e1ximo nivel. As\u00ed, Garc\u00eda proyecta un estudio e investigaci\u00f3n para la recuperaci\u00f3n del <strong>dise\u00f1o original del manto de malla<\/strong>, unos nuevos faldones para el paso del Se\u00f1or e iniciar el proyecto de realizaci\u00f3n de un nuevo palio que mantenga el sello de Juan Manuel y permita la sustituci\u00f3n del actual una vez haya terminado su ciclo. Cabezuelo tambi\u00e9n incide en recuperar el dibujo original del manto camaronero, as\u00ed como en realizar una <strong>reproducci\u00f3n y mejora del palio<\/strong>, un nuevo terno con saya y manto para la Virgen del Rosario y reinterpretar el manto de Elo\u00edsa Rivera para la Esperanza en forma de manto de camar\u00edn. Esto \u00faltimo tambi\u00e9n lo propone Notario, adem\u00e1s de la <strong>recuperaci\u00f3n del palio rojo de Ojeda<\/strong> en un plazo de entre diez y veinte a\u00f1os, el dise\u00f1o de un manto de salida de Guillermo P\u00e9rez Villalta y el proyecto de reproducci\u00f3n del palio actual cuando este acabe su vida \u00fatil, as\u00ed como crear una auditor\u00eda patrimonial con expertos.<\/p>\n<p>\nLa cofrad\u00eda en la Madrugada\n<\/p>\n<p class=\"voc-p\" style=\"\">Sobre<strong> la Madrugada y los m\u00e1s de 4.000 nazarenos macarenos<\/strong> tambi\u00e9n tienen sus ideas quienes aspiran a dirigir la corporaci\u00f3n m\u00e1s numerosa de la Semana Santa. Desde buscar que la estaci\u00f3n de penitencia se haga con <strong>m\u00e1s decoro y seguridad<\/strong> e implantar mejoras log\u00edsticas en la organizaci\u00f3n del cuerpo de nazarenos en la bas\u00edlica, como apunta Pedro Garc\u00eda; hasta ampliar los espacios para formar en el entorno de la bas\u00edlica, recuperar el <strong>discurrir de la cofrad\u00eda bajo el Arco<\/strong> a la ida y estudiar si es m\u00e1s conveniente pasar por Corredur\u00eda o la Alameda, como propone Cabezuelo; o seguir trabajando como en los \u00faltimos a\u00f1os para seguir dando cabida al cada vez mayor n\u00famero de nazarenos, habilitar nuevos espacios para formar en la bas\u00edlica y sus aleda\u00f1os o actualizar el proceso de expedici\u00f3n y revisi\u00f3n de papeletas de sitio, tal y como sugiere Jos\u00e9 Luis Notario.<\/p>\n<p>\nEl cabildo de elecciones\n<\/p>\n<p class=\"voc-p\" style=\"\">Hay nada menos que <strong>13.969 hermanos de la Macarena con derecho a voto<\/strong>, es decir, los que son mayores de edad y tienen al menos un a\u00f1o de antig\u00fcedad en la hermandad. Todos ellos podr\u00e1n votar en la bas\u00edlica <strong>de 10.00 a 20.00 horas<\/strong>. En ese momento se cerrar\u00e1n las puertas del atrio y s\u00f3lo se permitir\u00e1 votar a quienes est\u00e9n esperando su turno para hacerlo. Los hermanos tendr\u00e1n que identificarse presentando a la mesa su DNI, NIE, pasaporte y\/o carn\u00e9 de conducir f\u00edsicos y originales, sin importar la fecha de caducidad.<\/p>\n<p class=\"voc-p\" style=\"\">Para que el desarrollo de la jornada sea lo m\u00e1s \u00e1gil y fluido posible, la hermandad ha colocado en el interior de la bas\u00edlica <strong>doce mesas con doce urnas<\/strong>, organizadas de la A a la Z seg\u00fan los apellidos. Adem\u00e1s, se han dispuesto cuatro cabinas para garantizar la privacidad a la hora de elegir la papeleta de una candidatura u otra.<\/p>\n<p class=\"voc-p\" style=\"\">Cuando terminen las votaciones presenciales, se incluir\u00e1n en las urnas los votos por correo, comenzando entonces el recuento a puerta cerrada. Al t\u00e9rmino del mismo, <strong>se sumar\u00e1n los escrutinios de cada mesa<\/strong> y el secretario de la Esperanza levantar\u00e1 acta de los resultados, que ser\u00e1n proclamados p\u00fablicamente en la bas\u00edlica. La hermandad de la Macarena conocer\u00e1 entonces a su nuevo hermano mayor.<\/p>\n","protected":false},"excerpt":{"rendered":"La intensa y dilatada campa\u00f1a electoral macarena llega a su fin con el cabildo de elecciones de este&hellip;\n","protected":false},"author":2,"featured_media":263326,"comment_status":"","ping_status":"","sticky":false,"template":"","format":"standard","meta":{"footnotes":""},"categories":[8],"tags":[17,18,25,24,13,14,11,19,20,60,9,10,15,16,23,12,21,22],"class_list":{"0":"post-263325","1":"post","2":"type-post","3":"status-publish","4":"format-standard","5":"has-post-thumbnail","7":"category-espana","8":"tag-breaking-news","9":"tag-breakingnews","10":"tag-es","11":"tag-espana","12":"tag-featured-news","13":"tag-featurednews","14":"tag-headlines","15":"tag-latest-news","16":"tag-latestnews","17":"tag-macarena","18":"tag-news","19":"tag-noticias","20":"tag-noticias-destacadas","21":"tag-noticiasdestacadas","22":"tag-spain","23":"tag-titulares","24":"tag-ultimas-noticias","25":"tag-ultimasnoticias"},"share_on_mastodon":{"url":"https:\/\/pubeurope.com\/@es\/115637645795776271","error":""},"_links":{"self":[{"href":"https:\/\/www.europesays.com\/es\/wp-json\/wp\/v2\/posts\/263325","targetHints":{"allow":["GET"]}}],"collection":[{"href":"https:\/\/www.europesays.com\/es\/wp-json\/wp\/v2\/posts"}],"about":[{"href":"https:\/\/www.europesays.com\/es\/wp-json\/wp\/v2\/types\/post"}],"author":[{"embeddable":true,"href":"https:\/\/www.europesays.com\/es\/wp-json\/wp\/v2\/users\/2"}],"replies":[{"embeddable":true,"href":"https:\/\/www.europesays.com\/es\/wp-json\/wp\/v2\/comments?post=263325"}],"version-history":[{"count":0,"href":"https:\/\/www.europesays.com\/es\/wp-json\/wp\/v2\/posts\/263325\/revisions"}],"wp:featuredmedia":[{"embeddable":true,"href":"https:\/\/www.europesays.com\/es\/wp-json\/wp\/v2\/media\/263326"}],"wp:attachment":[{"href":"https:\/\/www.europesays.com\/es\/wp-json\/wp\/v2\/media?parent=263325"}],"wp:term":[{"taxonomy":"category","embeddable":true,"href":"https:\/\/www.europesays.com\/es\/wp-json\/wp\/v2\/categories?post=263325"},{"taxonomy":"post_tag","embeddable":true,"href":"https:\/\/www.europesays.com\/es\/wp-json\/wp\/v2\/tags?post=263325"}],"curies":[{"name":"wp","href":"https:\/\/api.w.org\/{rel}","templated":true}]}}