{"id":26333,"date":"2025-08-05T02:53:10","date_gmt":"2025-08-05T02:53:10","guid":{"rendered":"https:\/\/www.europesays.com\/es\/26333\/"},"modified":"2025-08-05T02:53:10","modified_gmt":"2025-08-05T02:53:10","slug":"el-granada-empieza-a-preparar-su-presentacion-sin-weissman-trigueros-ni-aleman","status":"publish","type":"post","link":"https:\/\/www.europesays.com\/es\/26333\/","title":{"rendered":"El Granada empieza a preparar su presentaci\u00f3n sin Weissman, Trigueros ni Alema\u00f1"},"content":{"rendered":"<p>El Granada empez\u00f3 a preparar este lunes su presentaci\u00f3n ante la afici\u00f3n del s\u00e1bado en Los C\u00e1rmenes contra el Al-Ain (20.00 horas) con  &#8230; las ausencias de Shon Weissman, Manu Trigueros y Pedro Alema\u00f1 adem\u00e1s de las de Sergio Ruiz y Pau Casades\u00fas. La del delantero israel\u00ed, en concreto, por el inter\u00e9s del Fortuna D\u00fcsseldorf de la Segunda divisi\u00f3n alemana por \u00e9l.<\/p>\n<p><a href=\"http:\/\/www.ideal.es\/granadacf\/mercado-fichajes-fortuna-dusseldorf-muestra-interes-weissman-20250805191414-nt.html#vtm_modulosEngag=mod-rel:granadacf:noticia:1:cmp:1-not\" class=\"v-a-link\" aria-label=\"Imagen\" rel=\"nofollow noopener\" target=\"_blank\"><\/p>\n<p><img decoding=\"async\" loading=\"lazy\" src=\"https:\/\/s2.ppllstatics.com\/ideal\/www\/multimedia\/2025\/08\/05\/granada-weissman-blanca-rodriguez-knFH--366x256@Ideal.jpg\" class=\"v-a-img\" width=\"258\" height=\"180\" alt=\"\" data-voc-vtm-id=\"in-text-traffic\"\/><\/p>\n<p><\/a><\/p>\n<p class=\"v-p\">El Granada trabaj\u00f3 en sesi\u00f3n vespertina tras descansar el domingo despu\u00e9s de un \u00faltimo entrenamiento el s\u00e1bado por la ma\u00f1ana la semana pasada. Los rojiblancos jugar\u00e1n contra el Al-Ain su \u00faltimo partido amistoso de la pretemporada como el cuarto del verano por la cancelaci\u00f3n de \u00faltima hora del Al-Rayyan el pasado mi\u00e9rcoles en las instalaciones del Pinatar Arena de Murcia. El balance por ahora es de dos empates, a cero con el Catar y a uno con el C\u00e1diz, y una derrota con el Orlando Pirates. El tanto de Lucas Boy\u00e9 al \u00fanico rival de la misma categor\u00eda sigue siendo el \u00fanico del verano.<\/p>\n<p>Hasta nueve recreativistas a\u00fan<\/p>\n<p class=\"v-p\">Pacheta s\u00ed volvi\u00f3 a tener bajo sus directrices a Jos\u00e9 Arnaiz tras su puesta a punto particular. El entrenador mantiene en din\u00e1mica hasta nueve recreativistas: Bohdan Isachenko, Gael Joel, Ale Santos, Seydou Fall, Pere Haro, Anthony Obi, Dominique Moubeke, Adri\u00e1n Heredia y Samu Cort\u00e9s. \u00danicamente qued\u00f3 ya aparte el delantero argentino Agust\u00edn Ju\u00e1rez.<\/p>\n","protected":false},"excerpt":{"rendered":"El Granada empez\u00f3 a preparar este lunes su presentaci\u00f3n ante la afici\u00f3n del s\u00e1bado en Los C\u00e1rmenes contra&hellip;\n","protected":false},"author":2,"featured_media":26334,"comment_status":"","ping_status":"","sticky":false,"template":"","format":"standard","meta":{"footnotes":""},"categories":[268],"tags":[14585,168,7954,25,24,280,282,494,11451,2436,281,23,167,14584,14469],"class_list":{"0":"post-26333","1":"post","2":"type-post","3":"status-publish","4":"format-standard","5":"has-post-thumbnail","7":"category-futbol","8":"tag-aleman","9":"tag-deportes","10":"tag-empieza","11":"tag-es","12":"tag-espana","13":"tag-football","14":"tag-futbol","15":"tag-granada","16":"tag-preparar","17":"tag-presentacion","18":"tag-soccer","19":"tag-spain","20":"tag-sports","21":"tag-trigueros","22":"tag-weissman"},"share_on_mastodon":{"url":"","error":""},"_links":{"self":[{"href":"https:\/\/www.europesays.com\/es\/wp-json\/wp\/v2\/posts\/26333","targetHints":{"allow":["GET"]}}],"collection":[{"href":"https:\/\/www.europesays.com\/es\/wp-json\/wp\/v2\/posts"}],"about":[{"href":"https:\/\/www.europesays.com\/es\/wp-json\/wp\/v2\/types\/post"}],"author":[{"embeddable":true,"href":"https:\/\/www.europesays.com\/es\/wp-json\/wp\/v2\/users\/2"}],"replies":[{"embeddable":true,"href":"https:\/\/www.europesays.com\/es\/wp-json\/wp\/v2\/comments?post=26333"}],"version-history":[{"count":0,"href":"https:\/\/www.europesays.com\/es\/wp-json\/wp\/v2\/posts\/26333\/revisions"}],"wp:featuredmedia":[{"embeddable":true,"href":"https:\/\/www.europesays.com\/es\/wp-json\/wp\/v2\/media\/26334"}],"wp:attachment":[{"href":"https:\/\/www.europesays.com\/es\/wp-json\/wp\/v2\/media?parent=26333"}],"wp:term":[{"taxonomy":"category","embeddable":true,"href":"https:\/\/www.europesays.com\/es\/wp-json\/wp\/v2\/categories?post=26333"},{"taxonomy":"post_tag","embeddable":true,"href":"https:\/\/www.europesays.com\/es\/wp-json\/wp\/v2\/tags?post=26333"}],"curies":[{"name":"wp","href":"https:\/\/api.w.org\/{rel}","templated":true}]}}