{"id":263351,"date":"2025-11-30T08:31:12","date_gmt":"2025-11-30T08:31:12","guid":{"rendered":"https:\/\/www.europesays.com\/es\/263351\/"},"modified":"2025-11-30T08:31:12","modified_gmt":"2025-11-30T08:31:12","slug":"stranger-things-emily-en-paris-y-otras-series-que-llegan-o-vuelven-en-diciembre-el-pais-expres","status":"publish","type":"post","link":"https:\/\/www.europesays.com\/es\/263351\/","title":{"rendered":"\u2018Stranger Things\u2019, \u2018Emily en Par\u00eds\u2019 y otras series que llegan (o vuelven) en diciembre | El PA\u00cdS Expr\u00e9s"},"content":{"rendered":"<p><img fetchpriority=\"high\" decoding=\"auto\" class=\"_re  a_m-h\" height=\"414\"  width=\"414\"  src=\"https:\/\/www.europesays.com\/es\/wp-content\/uploads\/2025\/11\/G23CLOB5ANBBZDWYGKGQEXVCGM.jpg\" loading=\"eager\"\/>Desde la izquierda, Finn Wolfhard, Caleb McLaughlin, Natalia Dyer, Joe Keery, Charlie Heaton y Gaten Matarazzo, en la quinta temporada de &#8216;Stranger Things&#8217;.Foto: Netflix<\/p>\n<p class=\"\">Diciembre es el mes de las listas de lo mejor del a\u00f1o, de recuperar cuentas perdidas, pasar tiempo con la familia&#8230; y, normalmente, pocos estrenos. <\/p>\n<p class=\"\">Pero hay novedades que marcar\u00e1n este \u00faltimo mes de 2025:<\/p>\n<ol>\n<li><b>Todas las criaturas grandes y peque\u00f1as.<\/b> La sexta temporada llega con seis episodios y un especial de Navidad. El martes 2, en Filmin.<\/li>\n<li><b>Ciudad de sombras. <\/b>Antes de morir, Ver\u00f3nica Echegui dej\u00f3 una serie m\u00e1s. Este thriller la convierte en polic\u00eda que investiga la aparici\u00f3n del cuerpo quemado de un empresario en La Pedrera de Barcelona. El viernes 12, en Netflix.<\/li>\n<li><b>Fallout. <\/b>Este gran fen\u00f3meno de videojuegos salt\u00f3 en 2024 a las series y ahora regresa para seguir erigiendo un mundo lleno de misterios y secretos. El mi\u00e9rcoles 17, en Amazon Prime Video.<\/li>\n<li><b>Emily en Par\u00eds.<\/b><b> <\/b>Mucha moda, romance y paisajes de ensue\u00f1o (ahora en Italia) en la nueva temporada de una de las series m\u00e1s famosas del momento. El jueves 18, en Netflix.<\/li>\n<li><b>Stranger Things.<\/b> Los chicos de Hawkins siguen en su enfrentamiento final contra Vecna. Tres nuevos episodios extralargos camino al final definitivo que llegar\u00e1 ya el 1 de enero. El viernes 26, en Netflix.<\/li>\n<\/ol>\n<p class=\"\">\u00a9Foto: Netflix<\/p>\n<p class=\"\"><a href=\"https:\/\/elpais.com\/television\/series\/2025-11-30\/emily-en-paris-en-netflix-silencio-en-movistar-mas-stranger-things-y-otras-series-recomendadas-para-diciembre.html\" target=\"_self\" rel=\"nofollow noopener\" title=\"https:\/\/elpais.com\/television\/series\/2025-11-30\/emily-en-paris-en-netflix-silencio-en-movistar-mas-stranger-things-y-otras-series-recomendadas-para-diciembre.html\">Si quieres saber m\u00e1s, puedes leer aqu\u00ed.<\/a><\/p>\n","protected":false},"excerpt":{"rendered":"Desde la izquierda, Finn Wolfhard, Caleb McLaughlin, Natalia Dyer, Joe Keery, Charlie Heaton y Gaten Matarazzo, en la&hellip;\n","protected":false},"author":2,"featured_media":263352,"comment_status":"","ping_status":"","sticky":false,"template":"","format":"standard","meta":{"footnotes":""},"categories":[91],"tags":[6826,209,146,147,25,24,11943,152,13827,23],"class_list":{"0":"post-263351","1":"post","2":"type-post","3":"status-publish","4":"format-standard","5":"has-post-thumbnail","7":"category-entretenimiento","8":"tag-amazon-prime-video","9":"tag-cultura","10":"tag-entertainment","11":"tag-entretenimiento","12":"tag-es","13":"tag-espana","14":"tag-hbo","15":"tag-netflix","16":"tag-series-animacion","17":"tag-spain"},"share_on_mastodon":{"url":"https:\/\/pubeurope.com\/@es\/115637720919677580","error":""},"_links":{"self":[{"href":"https:\/\/www.europesays.com\/es\/wp-json\/wp\/v2\/posts\/263351","targetHints":{"allow":["GET"]}}],"collection":[{"href":"https:\/\/www.europesays.com\/es\/wp-json\/wp\/v2\/posts"}],"about":[{"href":"https:\/\/www.europesays.com\/es\/wp-json\/wp\/v2\/types\/post"}],"author":[{"embeddable":true,"href":"https:\/\/www.europesays.com\/es\/wp-json\/wp\/v2\/users\/2"}],"replies":[{"embeddable":true,"href":"https:\/\/www.europesays.com\/es\/wp-json\/wp\/v2\/comments?post=263351"}],"version-history":[{"count":0,"href":"https:\/\/www.europesays.com\/es\/wp-json\/wp\/v2\/posts\/263351\/revisions"}],"wp:featuredmedia":[{"embeddable":true,"href":"https:\/\/www.europesays.com\/es\/wp-json\/wp\/v2\/media\/263352"}],"wp:attachment":[{"href":"https:\/\/www.europesays.com\/es\/wp-json\/wp\/v2\/media?parent=263351"}],"wp:term":[{"taxonomy":"category","embeddable":true,"href":"https:\/\/www.europesays.com\/es\/wp-json\/wp\/v2\/categories?post=263351"},{"taxonomy":"post_tag","embeddable":true,"href":"https:\/\/www.europesays.com\/es\/wp-json\/wp\/v2\/tags?post=263351"}],"curies":[{"name":"wp","href":"https:\/\/api.w.org\/{rel}","templated":true}]}}