{"id":263362,"date":"2025-11-30T08:40:16","date_gmt":"2025-11-30T08:40:16","guid":{"rendered":"https:\/\/www.europesays.com\/es\/263362\/"},"modified":"2025-11-30T08:40:16","modified_gmt":"2025-11-30T08:40:16","slug":"maria-hernandez-no-se-retira-del-golf-pero-va-a-bajar-el-piston","status":"publish","type":"post","link":"https:\/\/www.europesays.com\/es\/263362\/","title":{"rendered":"Mar\u00eda Hern\u00e1ndez no se retira del golf pero va a bajar el pist\u00f3n"},"content":{"rendered":"<p>&#13;<br \/>\n        &#13;<br \/>\n&#13;<br \/>\n        &#13;<\/p>\n<p>            <a href=\"https:\/\/ten-golf.com\/wp-content\/uploads\/2025\/11\/mariahernandezacopenespana25.jpg\" data-caption=\"Mar\u00eda Hern\u00e1ndez, en el Andaluc\u00eda Costa del Sol Open de Espa\u00f1a esta semana. \u00a9 Tristan Jones\" rel=\"nofollow noopener\" target=\"_blank\"><img decoding=\"async\" loading=\"lazy\" width=\"666\" height=\"444\" class=\"entry-thumb td-modal-image\" src=\"https:\/\/www.europesays.com\/es\/wp-content\/uploads\/2025\/11\/mariahernandezacopenespana25-666x444.jpg\"   alt=\"Mar\u00eda Hern\u00e1ndez, en el Andaluc\u00eda Costa del Sol Open de Espa\u00f1a esta semana. \u00a9 Tristan Jones\" title=\"Mar\u00eda Hern\u00e1ndez, en el Andaluc\u00eda Costa del Sol Open de Espa\u00f1a esta semana. \u00a9 Tristan Jones\"\/><\/a>Mar\u00eda Hern\u00e1ndez, en el Andaluc\u00eda Costa del Sol Open de Espa\u00f1a esta semana. \u00a9 Tristan Jones<\/p>\n<p>            Hace algo m\u00e1s de 22 a\u00f1os, Mar\u00eda Hern\u00e1ndez jug\u00f3 su primer torneo como profesional. Fue el Open de Espa\u00f1a, ten\u00eda 17 a\u00f1os y acab\u00f3 en el puesto 31\u00ba. Seis a\u00f1os m\u00e1s tarde, en 2009, se proclam\u00f3 campeona individual de la NCAA. Era la segunda espa\u00f1ola de la historia en <\/p>\n<p>Para seguir leyendo, Suscr\u00edbete<\/p>\n<p>    Subscription OptionsMENSUAL<\/p>\n<p>Unlimited  Entradas<\/p>\n<p>Unlimited  Galer\u00edas<\/p>\n<p>Unlimited  \u00c1lbumes<\/p>\n<p>Unlimited  P\u00e1ginas<\/p>\n<p>ANUAL + LIBRO<\/p>\n<p>Unlimited  Entradas<\/p>\n<p>Unlimited  Galer\u00edas<\/p>\n<p>Unlimited  \u00c1lbumes<\/p>\n<p>Unlimited  P\u00e1ginas<\/p>\n<p>ANUAL<\/p>\n<p>Unlimited  Entradas<\/p>\n<p>Unlimited  Galer\u00edas<\/p>\n<p>Unlimited  \u00c1lbumes<\/p>\n<p>Unlimited  P\u00e1ginas<\/p>\n<p>    Recibe 30 mulligans para gastar en <a href=\"https:\/\/thegame.ten-golf.com\" target=\"_blank\" rel=\"nofollow noopener\">TheGame<\/a> junto a tu suscripci\u00f3n anual (al final de la temporada se quitar\u00e1n los mulligans no gastados)<\/p>\n<p>    Pincha <a href=\"https:\/\/ten-golf.com\/tengolf-pone-en-marcha-el-muro-de-pago-y-crea-el-club-tengolf\" target=\"_blank\" rel=\"nofollow noopener\">aqu\u00ed<\/a> para saber m\u00e1s sobre las distintas suscripciones<\/p>\n<p>        &#13;<br \/>\n&#13;<br \/>\n        &#13;<br \/>\n            &#13;<br \/>\n            &#13;<br \/>\n&#13;<\/p>\n<p class=\"join-telegram\"><img decoding=\"async\" class=\"loading\" src=\"https:\/\/www.europesays.com\/es\/wp-content\/uploads\/2025\/11\/telegram-icon.png\" alt=\"\"\/> S\u00edguenos tambi\u00e9n en <a href=\"https:\/\/telegram.org\/\" target=\"_blank\" style=\"font-weight: normal;\" rel=\"nofollow noopener\">Telegram<\/a> en el canal <a href=\"https:\/\/t.me\/tengolf\" target=\"_blank\" rel=\"nofollow\">@tengolf<\/a><\/p>\n<p>        &#13;<br \/>\n        <a class=\"will-load\" name=\"end-article\" data-id=\"post-212877\"\/>&#13;<\/p>\n","protected":false},"excerpt":{"rendered":"&#13; &#13; &#13; &#13; Mar\u00eda Hern\u00e1ndez, en el Andaluc\u00eda Costa del Sol Open de Espa\u00f1a esta semana. \u00a9&hellip;\n","protected":false},"author":2,"featured_media":263363,"comment_status":"","ping_status":"","sticky":false,"template":"","format":"standard","meta":{"footnotes":""},"categories":[275],"tags":[64441,168,25,24,329,54441,336,339,340,1909,1910,23,167,65500],"class_list":{"0":"post-263362","1":"post","2":"type-post","3":"status-publish","4":"format-standard","5":"has-post-thumbnail","7":"category-golf","8":"tag-andalucia-costa-del-sol-open-de-espana","9":"tag-deportes","10":"tag-es","11":"tag-espana","12":"tag-golf","13":"tag-maria-hernandez","14":"tag-notificacion","15":"tag-portada-america","16":"tag-portada-global","17":"tag-portada-top","18":"tag-portada-top-america","19":"tag-spain","20":"tag-sports","21":"tag-universidad-de-purdue"},"share_on_mastodon":{"url":"https:\/\/pubeurope.com\/@es\/115637756543479966","error":""},"_links":{"self":[{"href":"https:\/\/www.europesays.com\/es\/wp-json\/wp\/v2\/posts\/263362","targetHints":{"allow":["GET"]}}],"collection":[{"href":"https:\/\/www.europesays.com\/es\/wp-json\/wp\/v2\/posts"}],"about":[{"href":"https:\/\/www.europesays.com\/es\/wp-json\/wp\/v2\/types\/post"}],"author":[{"embeddable":true,"href":"https:\/\/www.europesays.com\/es\/wp-json\/wp\/v2\/users\/2"}],"replies":[{"embeddable":true,"href":"https:\/\/www.europesays.com\/es\/wp-json\/wp\/v2\/comments?post=263362"}],"version-history":[{"count":0,"href":"https:\/\/www.europesays.com\/es\/wp-json\/wp\/v2\/posts\/263362\/revisions"}],"wp:featuredmedia":[{"embeddable":true,"href":"https:\/\/www.europesays.com\/es\/wp-json\/wp\/v2\/media\/263363"}],"wp:attachment":[{"href":"https:\/\/www.europesays.com\/es\/wp-json\/wp\/v2\/media?parent=263362"}],"wp:term":[{"taxonomy":"category","embeddable":true,"href":"https:\/\/www.europesays.com\/es\/wp-json\/wp\/v2\/categories?post=263362"},{"taxonomy":"post_tag","embeddable":true,"href":"https:\/\/www.europesays.com\/es\/wp-json\/wp\/v2\/tags?post=263362"}],"curies":[{"name":"wp","href":"https:\/\/api.w.org\/{rel}","templated":true}]}}