{"id":263381,"date":"2025-11-30T08:52:10","date_gmt":"2025-11-30T08:52:10","guid":{"rendered":"https:\/\/www.europesays.com\/es\/263381\/"},"modified":"2025-11-30T08:52:10","modified_gmt":"2025-11-30T08:52:10","slug":"valioso-empate-a-domicilio-en-pucela-1-1-malaga-cf","status":"publish","type":"post","link":"https:\/\/www.europesays.com\/es\/263381\/","title":{"rendered":"Valioso empate a domicilio en Pucela (1-1) | M\u00e1laga CF"},"content":{"rendered":"<p class=\"pf0\">El M\u00e1laga CF y el Real Valladolid se midieron en el encuentro correspondiente a la jornada 16 de LALIGA HYPERMOTION. M\u00e1s de 400 malaguistas acompa\u00f1aron al equipo en el Estadio Jos\u00e9 Zorrilla en la g\u00e9lida y lluviosa noche de este s\u00e1bado 29 de noviembre.<\/p>\n<p class=\"pf0\">Funes apost\u00f3 por el siguiente once, calcado al de la anterior jornada ante el CD Mirand\u00e9s: <strong>A. Herrero; Puga, Recio, Einar, V\u00edctor; Izan M., Dotor, D. Larrubia, Joaqu\u00edn, Dani Lorenzo y Ni\u00f1o.<\/strong><\/p>\n<p class=\"pf0\">El encuentro se desequilibr\u00f3 pronto en favor de los locales. El conjunto pucelano recuper\u00f3 el cuero con Alfonso Herrero en el balc\u00f3n del \u00e1rea y Peter super\u00f3 por alto al cancerbero en el 5\u2019. <\/p>\n<p class=\"pf0\">Ambos conjuntos pugnaron por el control del cuero en los siguientes compases. Los blanquiazules, de negro con banda verde y morada en esta ocasi\u00f3n, merodearon el \u00e1rea contraria en varias ocasiones, pero no lograron rematar con claridad entre los tres palos. Los locales tambi\u00e9n dispusieron de las suyas, pero la zaga malaguista logr\u00f3 repeler las acometidas con seriedad. Finalmente, con el 1-0, se lleg\u00f3 al descanso. <\/p>\n<p class=\"pf0\">El cuadro blanquivioleta retom\u00f3 la segunda parte con la intenci\u00f3n de doblar su ventaja, pero un gran Alfonso Herrero y la expeditiva defensa visitante contuvieron las ocasiones locales. <\/p>\n<p class=\"pf0\">Los de Funes fueron ganando terreno con el correr del cron\u00f3metro y se hicieron con la posesi\u00f3n del esf\u00e9rico.<strong> En el 59\u2019, V\u00edctor Garc\u00eda puso un excelente centro desde el flanco izquierdo que remat\u00f3 de cabeza Ni\u00f1o. El delantero se suspendi\u00f3 en el aire y conect\u00f3 con fuerza y precisi\u00f3n el bal\u00f3n, que se acopl\u00f3 con m\u00fasica en el fondo de las mallas (1-1). <\/strong>Cuarto gol liguero del rote\u00f1o.<\/p>\n<p class=\"pf0\">En el 68\u2019, Funes dio entrada a Dani S\u00e1nchez y Rafa por V\u00edctor y Dani Lorenzo, ambos con tarjeta amarilla. Chupe y Lobete, en la recta final, tambi\u00e9n hicieron acto de aparici\u00f3n por Joaqu\u00edn y Chupe, respectivamente. \u2018Lobo\u2019, nada m\u00e1s entrar, oblig\u00f3 a una buena parada al meta local Guilherme (78\u2019) con un chut envenenado.<\/p>\n<p class=\"pf0\">En el 80\u2019, Chuki remat\u00f3 al poste izquierdo del portal de Herrero, en la mejor ocasi\u00f3n de los pucelanos en el segundo tiempo. El M\u00e1laga busc\u00f3 el segundo tanto y el triunfo en los \u00faltimos compases, en los que fue expulsado, ya en el descuento, el local Alani (93\u2019).<\/p>\n<p class=\"pf0\">El 1-1 definitivo permite al M\u00e1laga CF sumar su cuarto punto de los seis en litigio desde la llegada de Funes al banquillo blanquiazul. En total, <strong>19 puntos en 16 jornadas de LALIGA HYPERMOTION.<\/strong><\/p>\n","protected":false},"excerpt":{"rendered":"El M\u00e1laga CF y el Real Valladolid se midieron en el encuentro correspondiente a la jornada 16 de&hellip;\n","protected":false},"author":2,"featured_media":263382,"comment_status":"","ping_status":"","sticky":false,"template":"","format":"standard","meta":{"footnotes":""},"categories":[93],"tags":[168,25,24,23,167],"class_list":{"0":"post-263381","1":"post","2":"type-post","3":"status-publish","4":"format-standard","5":"has-post-thumbnail","7":"category-deportes","8":"tag-deportes","9":"tag-es","10":"tag-espana","11":"tag-spain","12":"tag-sports"},"share_on_mastodon":{"url":"https:\/\/pubeurope.com\/@es\/115637802965706429","error":""},"_links":{"self":[{"href":"https:\/\/www.europesays.com\/es\/wp-json\/wp\/v2\/posts\/263381","targetHints":{"allow":["GET"]}}],"collection":[{"href":"https:\/\/www.europesays.com\/es\/wp-json\/wp\/v2\/posts"}],"about":[{"href":"https:\/\/www.europesays.com\/es\/wp-json\/wp\/v2\/types\/post"}],"author":[{"embeddable":true,"href":"https:\/\/www.europesays.com\/es\/wp-json\/wp\/v2\/users\/2"}],"replies":[{"embeddable":true,"href":"https:\/\/www.europesays.com\/es\/wp-json\/wp\/v2\/comments?post=263381"}],"version-history":[{"count":0,"href":"https:\/\/www.europesays.com\/es\/wp-json\/wp\/v2\/posts\/263381\/revisions"}],"wp:featuredmedia":[{"embeddable":true,"href":"https:\/\/www.europesays.com\/es\/wp-json\/wp\/v2\/media\/263382"}],"wp:attachment":[{"href":"https:\/\/www.europesays.com\/es\/wp-json\/wp\/v2\/media?parent=263381"}],"wp:term":[{"taxonomy":"category","embeddable":true,"href":"https:\/\/www.europesays.com\/es\/wp-json\/wp\/v2\/categories?post=263381"},{"taxonomy":"post_tag","embeddable":true,"href":"https:\/\/www.europesays.com\/es\/wp-json\/wp\/v2\/tags?post=263381"}],"curies":[{"name":"wp","href":"https:\/\/api.w.org\/{rel}","templated":true}]}}